{"id":2330,"date":"2015-11-22T08:36:27","date_gmt":"2015-11-22T07:36:27","guid":{"rendered":"http:\/\/www.milosnicylasu.olsztyn.pl\/?p=2330"},"modified":"2015-11-22T08:36:27","modified_gmt":"2015-11-22T07:36:27","slug":"ptaki-u-nas-zimujace","status":"publish","type":"post","link":"https:\/\/www.milosnicylasu.olsztyn.pl\/?p=2330","title":{"rendered":"Ptaki u nas zimuj\u0105ce"},"content":{"rendered":"<p><strong>S\u0105 gatunki ptak\u00f3w, dla kt\u00f3rych Polska jest tym, czym Afryka dla bocian\u00f3w: ciep\u0142ym krajem. Zim\u0105 mo\u017cna u nas spotka\u0107 pochodz\u0105ce ze Skandynawii i Syberii ptaki kaczkowate, na \u0142\u0105kach i polach \u2013 myszo\u0142owy w\u0142ochate, za\u015b na miejskich drzewach uwijaj\u0105 si\u0119 barwne gile i jemio\u0142uszki.<\/strong><br \/>\nW\u015br\u00f3d gatunk\u00f3w, kt\u00f3re traktuj\u0105 Polsk\u0119 jako ciep\u0142y kraj i przylatuj\u0105 do nas na zim\u0119, dominuj\u0105 ptaki wodne . Wiele gatunk\u00f3w ptak\u00f3w, kt\u00f3re gnie\u017cd\u017c\u0105 si\u0119 na p\u00f3\u0142nocy Europy i w europejskiej lub azjatyckiej cz\u0119\u015bci Rosji jest zwi\u0105zanych z brzegiem morza, kt\u00f3re zim\u0105 w ich rodzinnych stronach do\u015b\u0107 wcze\u015bnie zamarza. Wtedy ci\u0105gn\u0105 nad Ba\u0142tyk, na nasze \u015br\u00f3dl\u0105dowe zbiorniki zaporowe czy niezamarzni\u0119te odcinki rzek, gdzie cz\u0119sto mo\u017cna spotka\u0107 tracza bielaczka, nurog\u0119si czy kaczki morskie: uhl\u0119, lod\u00f3wk\u0119 i markaczk\u0119.<br \/>\nInnym siedliskiem cz\u0119sto wybieranym podczas zimowych spacer\u00f3w w poszukiwaniu ptak\u00f3w s\u0105 pola i \u0142\u0105ki, gdzie mo\u017cna spotka\u0107 m.in. myszo\u0142owa w\u0142ochatego, kt\u00f3ry od swojego bliskiego kuzyna \u2013 naszego myszo\u0142owa \u2013 r\u00f3\u017cni si\u0119 opierzonymi skokami, przez kt\u00f3re wygl\u0105da, jakby mia\u0142 spodenki z pi\u00f3r. To gatunek, kt\u00f3ry przylatuje do nas g\u0142\u00f3wnie ze Skandynawii. U nas ptaki te \u017cywi\u0105 si\u0119 g\u0142\u00f3wnie gryzoniami, kt\u00f3re mog\u0105 znale\u017a\u0107 na polach.<\/p>\n<p>W czasie w\u0119dr\u00f3wek na polach mo\u017cna te\u017c u nas spotka\u0107 innego drapie\u017cnika &#8211; b\u0142otniaka zbo\u017cowego, kt\u00f3ry zimuje u nas jako jedyny z czterech spotykanych w Polsce gatunk\u00f3w b\u0142otniak\u00f3w. Zdarza si\u0119 te\u017c drzemlik, najmniejszy sok\u00f3\u0142 w Europie, stosunkowo rzadki.<\/p>\n","protected":false},"excerpt":{"rendered":"<p>S\u0105 gatunki ptak\u00f3w, dla kt\u00f3rych Polska jest tym, czym Afryka dla bocian\u00f3w: ciep\u0142ym krajem. Zim\u0105 mo\u017cna u nas spotka\u0107 pochodz\u0105ce ze Skandynawii i Syberii ptaki kaczkowate, na \u0142\u0105kach i polach \u2013 myszo\u0142owy w\u0142ochate, za\u015b na miejskich drzewach uwijaj\u0105 si\u0119 barwne gile i jemio\u0142uszki. W\u015br\u00f3d gatunk\u00f3w, kt\u00f3re traktuj\u0105 Polsk\u0119 jako ciep\u0142y kraj i przylatuj\u0105 do nas [&hellip;]<\/p>\n","protected":false},"author":1,"featured_media":0,"comment_status":"open","ping_status":"open","sticky":false,"template":"","format":"standard","meta":{"footnotes":""},"categories":[1,9],"tags":[],"class_list":["post-2330","post","type-post","status-publish","format-standard","hentry","category-bez-kategorii","category-ciekawostki"],"_links":{"self":[{"href":"https:\/\/www.milosnicylasu.olsztyn.pl\/index.php?rest_route=\/wp\/v2\/posts\/2330","targetHints":{"allow":["GET"]}}],"collection":[{"href":"https:\/\/www.milosnicylasu.olsztyn.pl\/index.php?rest_route=\/wp\/v2\/posts"}],"about":[{"href":"https:\/\/www.milosnicylasu.olsztyn.pl\/index.php?rest_route=\/wp\/v2\/types\/post"}],"author":[{"embeddable":true,"href":"https:\/\/www.milosnicylasu.olsztyn.pl\/index.php?rest_route=\/wp\/v2\/users\/1"}],"replies":[{"embeddable":true,"href":"https:\/\/www.milosnicylasu.olsztyn.pl\/index.php?rest_route=%2Fwp%2Fv2%2Fcomments&post=2330"}],"version-history":[{"count":1,"href":"https:\/\/www.milosnicylasu.olsztyn.pl\/index.php?rest_route=\/wp\/v2\/posts\/2330\/revisions"}],"predecessor-version":[{"id":2331,"href":"https:\/\/www.milosnicylasu.olsztyn.pl\/index.php?rest_route=\/wp\/v2\/posts\/2330\/revisions\/2331"}],"wp:attachment":[{"href":"https:\/\/www.milosnicylasu.olsztyn.pl\/index.php?rest_route=%2Fwp%2Fv2%2Fmedia&parent=2330"}],"wp:term":[{"taxonomy":"category","embeddable":true,"href":"https:\/\/www.milosnicylasu.olsztyn.pl\/index.php?rest_route=%2Fwp%2Fv2%2Fcategories&post=2330"},{"taxonomy":"post_tag","embeddable":true,"href":"https:\/\/www.milosnicylasu.olsztyn.pl\/index.php?rest_route=%2Fwp%2Fv2%2Ftags&post=2330"}],"curies":[{"name":"wp","href":"https:\/\/api.w.org\/{rel}","templated":true}]}}