{"id":2349,"date":"2015-11-28T07:35:49","date_gmt":"2015-11-28T06:35:49","guid":{"rendered":"http:\/\/www.milosnicylasu.olsztyn.pl\/?p=2349"},"modified":"2015-11-28T07:37:06","modified_gmt":"2015-11-28T06:37:06","slug":"andrzejkowy-wieczor","status":"publish","type":"post","link":"https:\/\/www.milosnicylasu.olsztyn.pl\/?p=2349","title":{"rendered":"Andrzejkowy wiecz\u00f3r"},"content":{"rendered":"<p><a href=\"http:\/\/www.milosnicylasu.olsztyn.pl\/wp-content\/uploads\/2015\/11\/P1240713-www.jpg\" data-rel=\"lightbox-image-0\" data-magnific_type=\"image\" data-rl_title=\"\" data-rl_caption=\"\" title=\"\"><img loading=\"lazy\" decoding=\"async\" class=\"alignleft size-medium wp-image-2350\" alt=\"P1240713-www\" src=\"http:\/\/www.milosnicylasu.olsztyn.pl\/wp-content\/uploads\/2015\/11\/P1240713-www-300x225.jpg\" width=\"300\" height=\"225\" srcset=\"https:\/\/www.milosnicylasu.olsztyn.pl\/wp-content\/uploads\/2015\/11\/P1240713-www-300x225.jpg 300w, https:\/\/www.milosnicylasu.olsztyn.pl\/wp-content\/uploads\/2015\/11\/P1240713-www-400x300.jpg 400w, https:\/\/www.milosnicylasu.olsztyn.pl\/wp-content\/uploads\/2015\/11\/P1240713-www.jpg 1024w\" sizes=\"auto, (max-width: 300px) 100vw, 300px\" \/><\/a>Troch\u0119 wcze\u015bniej, bo 22 listopada, Waldek Chrzanowski zaprosi\u0142 nas do \u00a0 Eranova na wiecz\u00f3r andrzejkowy. \u00a0Przy muzyce z lat naszej m\u0142odo\u015bci, na sali bawi\u0142o si\u0119 ok.100 os\u00f3b, w tym cz\u0142onkowie naszego Ko\u0142a, osoby z ATW w Olsztynie, seniorzy z innych organizacji. \u00a0By\u0142o ma\u0142e co nieco do wypicia i zjedzenia, kawa, herbata ciasteczka. Zabawa zako\u0144czy\u0142a si\u0119 po godz. 20.00.<\/p>\n<p>Dzi\u0119kujemy Waldkowi za dobrze zorganizowan\u0105 wspania\u0142\u0105\u00a0zabaw\u0119. Liczymy na podobn\u0105 w karnawale.<span style=\"color: #333333; font-style: normal; font-weight: 300; line-height: 24.375px;\"><br \/>\n<\/span><\/p>\n","protected":false},"excerpt":{"rendered":"<p>Troch\u0119 wcze\u015bniej, bo 22 listopada, Waldek Chrzanowski zaprosi\u0142 nas do \u00a0 Eranova na wiecz\u00f3r andrzejkowy. \u00a0Przy muzyce z lat naszej m\u0142odo\u015bci, na sali bawi\u0142o si\u0119 ok.100 os\u00f3b, w tym cz\u0142onkowie naszego Ko\u0142a, osoby z ATW w Olsztynie, seniorzy z innych organizacji. \u00a0By\u0142o ma\u0142e co nieco do wypicia i zjedzenia, kawa, herbata ciasteczka. Zabawa zako\u0144czy\u0142a si\u0119 [&hellip;]<\/p>\n","protected":false},"author":1,"featured_media":0,"comment_status":"open","ping_status":"open","sticky":false,"template":"","format":"standard","meta":{"footnotes":""},"categories":[1,14],"tags":[],"class_list":["post-2349","post","type-post","status-publish","format-standard","hentry","category-bez-kategorii","category-zabawy"],"_links":{"self":[{"href":"https:\/\/www.milosnicylasu.olsztyn.pl\/index.php?rest_route=\/wp\/v2\/posts\/2349","targetHints":{"allow":["GET"]}}],"collection":[{"href":"https:\/\/www.milosnicylasu.olsztyn.pl\/index.php?rest_route=\/wp\/v2\/posts"}],"about":[{"href":"https:\/\/www.milosnicylasu.olsztyn.pl\/index.php?rest_route=\/wp\/v2\/types\/post"}],"author":[{"embeddable":true,"href":"https:\/\/www.milosnicylasu.olsztyn.pl\/index.php?rest_route=\/wp\/v2\/users\/1"}],"replies":[{"embeddable":true,"href":"https:\/\/www.milosnicylasu.olsztyn.pl\/index.php?rest_route=%2Fwp%2Fv2%2Fcomments&post=2349"}],"version-history":[{"count":1,"href":"https:\/\/www.milosnicylasu.olsztyn.pl\/index.php?rest_route=\/wp\/v2\/posts\/2349\/revisions"}],"predecessor-version":[{"id":2351,"href":"https:\/\/www.milosnicylasu.olsztyn.pl\/index.php?rest_route=\/wp\/v2\/posts\/2349\/revisions\/2351"}],"wp:attachment":[{"href":"https:\/\/www.milosnicylasu.olsztyn.pl\/index.php?rest_route=%2Fwp%2Fv2%2Fmedia&parent=2349"}],"wp:term":[{"taxonomy":"category","embeddable":true,"href":"https:\/\/www.milosnicylasu.olsztyn.pl\/index.php?rest_route=%2Fwp%2Fv2%2Fcategories&post=2349"},{"taxonomy":"post_tag","embeddable":true,"href":"https:\/\/www.milosnicylasu.olsztyn.pl\/index.php?rest_route=%2Fwp%2Fv2%2Ftags&post=2349"}],"curies":[{"name":"wp","href":"https:\/\/api.w.org\/{rel}","templated":true}]}}