{"id":2359,"date":"2015-12-01T06:51:50","date_gmt":"2015-12-01T05:51:50","guid":{"rendered":"http:\/\/www.milosnicylasu.olsztyn.pl\/?p=2359"},"modified":"2015-12-01T06:51:50","modified_gmt":"2015-12-01T05:51:50","slug":"ii-w-m-festiwal-chorow-i-zespolow-wokalnych-hej-koleda","status":"publish","type":"post","link":"https:\/\/www.milosnicylasu.olsztyn.pl\/?p=2359","title":{"rendered":"II W-M Festiwal Ch\u00f3r\u00f3w i Zespo\u0142\u00f3w Wokalnych &#8222;Hej Kol\u0119da&#8221;"},"content":{"rendered":"<p><b>\u00a0<\/b><\/p>\n<p>Serdecznie zapraszamy na II Festiwal Ch\u00f3r\u00f3w i Zespo\u0142\u00f3w Ch\u00f3ralnych UTW i ATW.<\/p>\n<p>Festiwal ,,Hej Kol\u0119da\u201d obj\u0105\u0142 patronatem\u00a0 honorowym Marsza\u0142ek Wojew\u00f3dztwa Warmi\u0144sko-Mazurskiego.<\/p>\n<p>Na Festiwal zapraszamy 5 grudnia o 10.00 do Sali konferencyjnej Warmi\u0144sko-Mazurskiego Urz\u0119du Wojew\u00f3dzkiego przy ul. Pi\u0142sudskiego 7\/9.<\/p>\n<p>Wst\u0119p wolny<\/p>\n<p><b>\u00a0<\/b><\/p>\n","protected":false},"excerpt":{"rendered":"<p>\u00a0 Serdecznie zapraszamy na II Festiwal Ch\u00f3r\u00f3w i Zespo\u0142\u00f3w Ch\u00f3ralnych UTW i ATW. Festiwal ,,Hej Kol\u0119da\u201d obj\u0105\u0142 patronatem\u00a0 honorowym Marsza\u0142ek Wojew\u00f3dztwa Warmi\u0144sko-Mazurskiego. Na Festiwal zapraszamy 5 grudnia o 10.00 do Sali konferencyjnej Warmi\u0144sko-Mazurskiego Urz\u0119du Wojew\u00f3dzkiego przy ul. Pi\u0142sudskiego 7\/9. Wst\u0119p wolny \u00a0<\/p>\n","protected":false},"author":1,"featured_media":0,"comment_status":"open","ping_status":"open","sticky":false,"template":"","format":"standard","meta":{"footnotes":""},"categories":[1,9,11],"tags":[],"class_list":["post-2359","post","type-post","status-publish","format-standard","hentry","category-bez-kategorii","category-ciekawostki","category-spotkania-artystyczne"],"_links":{"self":[{"href":"https:\/\/www.milosnicylasu.olsztyn.pl\/index.php?rest_route=\/wp\/v2\/posts\/2359","targetHints":{"allow":["GET"]}}],"collection":[{"href":"https:\/\/www.milosnicylasu.olsztyn.pl\/index.php?rest_route=\/wp\/v2\/posts"}],"about":[{"href":"https:\/\/www.milosnicylasu.olsztyn.pl\/index.php?rest_route=\/wp\/v2\/types\/post"}],"author":[{"embeddable":true,"href":"https:\/\/www.milosnicylasu.olsztyn.pl\/index.php?rest_route=\/wp\/v2\/users\/1"}],"replies":[{"embeddable":true,"href":"https:\/\/www.milosnicylasu.olsztyn.pl\/index.php?rest_route=%2Fwp%2Fv2%2Fcomments&post=2359"}],"version-history":[{"count":2,"href":"https:\/\/www.milosnicylasu.olsztyn.pl\/index.php?rest_route=\/wp\/v2\/posts\/2359\/revisions"}],"predecessor-version":[{"id":2361,"href":"https:\/\/www.milosnicylasu.olsztyn.pl\/index.php?rest_route=\/wp\/v2\/posts\/2359\/revisions\/2361"}],"wp:attachment":[{"href":"https:\/\/www.milosnicylasu.olsztyn.pl\/index.php?rest_route=%2Fwp%2Fv2%2Fmedia&parent=2359"}],"wp:term":[{"taxonomy":"category","embeddable":true,"href":"https:\/\/www.milosnicylasu.olsztyn.pl\/index.php?rest_route=%2Fwp%2Fv2%2Fcategories&post=2359"},{"taxonomy":"post_tag","embeddable":true,"href":"https:\/\/www.milosnicylasu.olsztyn.pl\/index.php?rest_route=%2Fwp%2Fv2%2Ftags&post=2359"}],"curies":[{"name":"wp","href":"https:\/\/api.w.org\/{rel}","templated":true}]}}