{"id":2362,"date":"2015-12-01T07:40:30","date_gmt":"2015-12-01T06:40:30","guid":{"rendered":"http:\/\/www.milosnicylasu.olsztyn.pl\/?p=2362"},"modified":"2015-12-01T07:40:30","modified_gmt":"2015-12-01T06:40:30","slug":"zebranie-sprawozdawczo-wyborcze-zarzadu-powiatowego-lok-w-olsztynie","status":"publish","type":"post","link":"https:\/\/www.milosnicylasu.olsztyn.pl\/?p=2362","title":{"rendered":"Zebranie sprawozdawczo-wyborcze Zarz\u0105du Powiatowego LOK w Olsztynie"},"content":{"rendered":"<p>29.11.2015 r. odby\u0142o si\u0119 zebranie sprawozdawczo &#8211; wyborcze Zarz\u0105du Powiatowego LOK w Olsztynie. Podczas zebrania odby\u0142y si\u0119 wybory do Zarz\u0105du, w sk\u0142ad kt\u00f3rego wszed\u0142 Waldemar Chrzanowski. Gratulujemy! Jeste\u015bmy przekonani, \u017ce b\u0119dzie godnie reprezentowa\u0142 nasze Ko\u0142o we w\u0142adzach powiatowych LOK.<\/p>\n<p>Dokonano r\u00f3wnie\u017c wybor\u00f3w delegat\u00f3w na Zjazd Wojew\u00f3dzki LOK, kt\u00f3ry odb\u0119dzie si\u0119 na pocz\u0105tku przysz\u0142ego roku.\u00a0Z Ko\u0142a delegatami zostali Anatol Leszczy\u0144ski, Grzegorz Kluczek, J\u00f3zef Gazda, Waldemar Chrzanowski.<\/p>\n","protected":false},"excerpt":{"rendered":"<p>29.11.2015 r. odby\u0142o si\u0119 zebranie sprawozdawczo &#8211; wyborcze Zarz\u0105du Powiatowego LOK w Olsztynie. Podczas zebrania odby\u0142y si\u0119 wybory do Zarz\u0105du, w sk\u0142ad kt\u00f3rego wszed\u0142 Waldemar Chrzanowski. Gratulujemy! Jeste\u015bmy przekonani, \u017ce b\u0119dzie godnie reprezentowa\u0142 nasze Ko\u0142o we w\u0142adzach powiatowych LOK. Dokonano r\u00f3wnie\u017c wybor\u00f3w delegat\u00f3w na Zjazd Wojew\u00f3dzki LOK, kt\u00f3ry odb\u0119dzie si\u0119 na pocz\u0105tku przysz\u0142ego roku.\u00a0Z Ko\u0142a [&hellip;]<\/p>\n","protected":false},"author":1,"featured_media":0,"comment_status":"open","ping_status":"open","sticky":false,"template":"","format":"standard","meta":{"footnotes":""},"categories":[1],"tags":[],"class_list":["post-2362","post","type-post","status-publish","format-standard","hentry","category-bez-kategorii"],"_links":{"self":[{"href":"https:\/\/www.milosnicylasu.olsztyn.pl\/index.php?rest_route=\/wp\/v2\/posts\/2362","targetHints":{"allow":["GET"]}}],"collection":[{"href":"https:\/\/www.milosnicylasu.olsztyn.pl\/index.php?rest_route=\/wp\/v2\/posts"}],"about":[{"href":"https:\/\/www.milosnicylasu.olsztyn.pl\/index.php?rest_route=\/wp\/v2\/types\/post"}],"author":[{"embeddable":true,"href":"https:\/\/www.milosnicylasu.olsztyn.pl\/index.php?rest_route=\/wp\/v2\/users\/1"}],"replies":[{"embeddable":true,"href":"https:\/\/www.milosnicylasu.olsztyn.pl\/index.php?rest_route=%2Fwp%2Fv2%2Fcomments&post=2362"}],"version-history":[{"count":1,"href":"https:\/\/www.milosnicylasu.olsztyn.pl\/index.php?rest_route=\/wp\/v2\/posts\/2362\/revisions"}],"predecessor-version":[{"id":2363,"href":"https:\/\/www.milosnicylasu.olsztyn.pl\/index.php?rest_route=\/wp\/v2\/posts\/2362\/revisions\/2363"}],"wp:attachment":[{"href":"https:\/\/www.milosnicylasu.olsztyn.pl\/index.php?rest_route=%2Fwp%2Fv2%2Fmedia&parent=2362"}],"wp:term":[{"taxonomy":"category","embeddable":true,"href":"https:\/\/www.milosnicylasu.olsztyn.pl\/index.php?rest_route=%2Fwp%2Fv2%2Fcategories&post=2362"},{"taxonomy":"post_tag","embeddable":true,"href":"https:\/\/www.milosnicylasu.olsztyn.pl\/index.php?rest_route=%2Fwp%2Fv2%2Ftags&post=2362"}],"curies":[{"name":"wp","href":"https:\/\/api.w.org\/{rel}","templated":true}]}}