{"id":2364,"date":"2015-12-06T12:43:53","date_gmt":"2015-12-06T11:43:53","guid":{"rendered":"http:\/\/www.milosnicylasu.olsztyn.pl\/?p=2364"},"modified":"2015-12-06T12:43:53","modified_gmt":"2015-12-06T11:43:53","slug":"magiczna-islandia","status":"publish","type":"post","link":"https:\/\/www.milosnicylasu.olsztyn.pl\/?p=2364","title":{"rendered":"Magiczna Islandia"},"content":{"rendered":"<p>3 grudnia 2015 r. cz\u0142onkowie Ko\u0142a spotkali si\u0119 w Regionalnej Dyrekcji Las\u00f3w Pa\u0144stwowych w Olsztynie na zebraniu, w czasie kt\u00f3rego bardzo ciekawy wyk\u0142ad o Islandii przedstawi\u0142 Pan Andrzej Sobania z RDLP w Olsztynie. <a href=\"http:\/\/www.milosnicylasu.olsztyn.pl\/wp-content\/uploads\/2015\/12\/DSCN4723-www.jpg\" data-rel=\"lightbox-image-0\" data-magnific_type=\"image\" data-rl_title=\"\" data-rl_caption=\"\" title=\"\"><img loading=\"lazy\" decoding=\"async\" class=\"alignleft size-medium wp-image-2365\" alt=\"DSCN4723-www\" src=\"http:\/\/www.milosnicylasu.olsztyn.pl\/wp-content\/uploads\/2015\/12\/DSCN4723-www-300x225.jpg\" width=\"300\" height=\"225\" srcset=\"https:\/\/www.milosnicylasu.olsztyn.pl\/wp-content\/uploads\/2015\/12\/DSCN4723-www-300x225.jpg 300w, https:\/\/www.milosnicylasu.olsztyn.pl\/wp-content\/uploads\/2015\/12\/DSCN4723-www-400x300.jpg 400w, https:\/\/www.milosnicylasu.olsztyn.pl\/wp-content\/uploads\/2015\/12\/DSCN4723-www.jpg 1024w\" sizes=\"auto, (max-width: 300px) 100vw, 300px\" \/><\/a><\/p>\n<p>Podziwiamy pana Andrzeja za pasj\u0119, za odwag\u0119 w spe\u0142nianiu \u00a0swoich, czasem ekstremalnych marze\u0144.\u00a0<a href=\"http:\/\/www.milosnicylasu.olsztyn.pl\/wp-content\/uploads\/2015\/12\/DSCN4721-www.jpg\" data-rel=\"lightbox-image-1\" data-magnific_type=\"image\" data-rl_title=\"\" data-rl_caption=\"\" title=\"\"><img loading=\"lazy\" decoding=\"async\" class=\"size-medium wp-image-2366 alignright\" alt=\"DSCN4721-www\" src=\"http:\/\/www.milosnicylasu.olsztyn.pl\/wp-content\/uploads\/2015\/12\/DSCN4721-www-300x225.jpg\" width=\"300\" height=\"225\" srcset=\"https:\/\/www.milosnicylasu.olsztyn.pl\/wp-content\/uploads\/2015\/12\/DSCN4721-www-300x225.jpg 300w, https:\/\/www.milosnicylasu.olsztyn.pl\/wp-content\/uploads\/2015\/12\/DSCN4721-www-400x300.jpg 400w, https:\/\/www.milosnicylasu.olsztyn.pl\/wp-content\/uploads\/2015\/12\/DSCN4721-www.jpg 1024w\" sizes=\"auto, (max-width: 300px) 100vw, 300px\" \/><\/a><\/p>\n<p>Jednocze\u015bnie dzi\u0119kujemy, \u017ce chcia\u0142 si\u0119 podzieli\u0107 z nami informacjami, zdj\u0119ciami \u00a0z ma\u0142o znanego przez nas kraju.<\/p>\n<p>S\u0142uchaj\u0105c Pana Andrzeja przypomnia\u0142a mi si\u0119 my\u015bl, kt\u00f3r\u0105 kiedy\u015b przeczyta\u0142am: \u00a0 \u00a0 \u00a0 \u00a0 \u00a0 \u00a0 \u00a0 \u00a0 \u00a0 \u00a0 \u00a0 \u00a0 \u00a0 \u00a0 \u00a0 &#8221; Nie patrz w przesz\u0142o\u015b\u0107 &#8211; tam ju\u017c by\u0142e\u015b i wszystko widzia\u0142e\u015b. \u00a0 \u00a0 \u00a0 \u00a0 \u00a0 \u00a0 \u00a0 \u00a0 \u00a0 \u00a0 \u00a0 \u00a0 \u00a0 \u00a0 \u00a0 \u00a0 \u00a0 \u00a0 \u00a0 \u00a0 \u00a0 \u00a0 \u00a0 \u00a0 \u00a0Id\u017a naprz\u00f3d &#8211; tam b\u0119dzie ciekawiej&#8221;.<\/p>\n<p>\u017byczymy Panu Andrzejowi \u00a0du\u017co zdrowia i pomy\u015blnej realizacji swoich plan\u00f3w. Mamy nadziej\u0119,\u017ce jeszcze wiele razy spotka si\u0119 z nami , aby podzieli\u0107 si\u0119 wra\u017ceniami ze swoich wypraw.<\/p>\n<p>&nbsp;<\/p>\n","protected":false},"excerpt":{"rendered":"<p>3 grudnia 2015 r. cz\u0142onkowie Ko\u0142a spotkali si\u0119 w Regionalnej Dyrekcji Las\u00f3w Pa\u0144stwowych w Olsztynie na zebraniu, w czasie kt\u00f3rego bardzo ciekawy wyk\u0142ad o Islandii przedstawi\u0142 Pan Andrzej Sobania z RDLP w Olsztynie. Podziwiamy pana Andrzeja za pasj\u0119, za odwag\u0119 w spe\u0142nianiu \u00a0swoich, czasem ekstremalnych marze\u0144.\u00a0 Jednocze\u015bnie dzi\u0119kujemy, \u017ce chcia\u0142 si\u0119 podzieli\u0107 z nami informacjami, [&hellip;]<\/p>\n","protected":false},"author":1,"featured_media":0,"comment_status":"open","ping_status":"open","sticky":false,"template":"","format":"standard","meta":{"footnotes":""},"categories":[1,9,3],"tags":[],"class_list":["post-2364","post","type-post","status-publish","format-standard","hentry","category-bez-kategorii","category-ciekawostki","category-zebrania"],"_links":{"self":[{"href":"https:\/\/www.milosnicylasu.olsztyn.pl\/index.php?rest_route=\/wp\/v2\/posts\/2364","targetHints":{"allow":["GET"]}}],"collection":[{"href":"https:\/\/www.milosnicylasu.olsztyn.pl\/index.php?rest_route=\/wp\/v2\/posts"}],"about":[{"href":"https:\/\/www.milosnicylasu.olsztyn.pl\/index.php?rest_route=\/wp\/v2\/types\/post"}],"author":[{"embeddable":true,"href":"https:\/\/www.milosnicylasu.olsztyn.pl\/index.php?rest_route=\/wp\/v2\/users\/1"}],"replies":[{"embeddable":true,"href":"https:\/\/www.milosnicylasu.olsztyn.pl\/index.php?rest_route=%2Fwp%2Fv2%2Fcomments&post=2364"}],"version-history":[{"count":1,"href":"https:\/\/www.milosnicylasu.olsztyn.pl\/index.php?rest_route=\/wp\/v2\/posts\/2364\/revisions"}],"predecessor-version":[{"id":2367,"href":"https:\/\/www.milosnicylasu.olsztyn.pl\/index.php?rest_route=\/wp\/v2\/posts\/2364\/revisions\/2367"}],"wp:attachment":[{"href":"https:\/\/www.milosnicylasu.olsztyn.pl\/index.php?rest_route=%2Fwp%2Fv2%2Fmedia&parent=2364"}],"wp:term":[{"taxonomy":"category","embeddable":true,"href":"https:\/\/www.milosnicylasu.olsztyn.pl\/index.php?rest_route=%2Fwp%2Fv2%2Fcategories&post=2364"},{"taxonomy":"post_tag","embeddable":true,"href":"https:\/\/www.milosnicylasu.olsztyn.pl\/index.php?rest_route=%2Fwp%2Fv2%2Ftags&post=2364"}],"curies":[{"name":"wp","href":"https:\/\/api.w.org\/{rel}","templated":true}]}}