{"id":2368,"date":"2015-12-06T12:59:00","date_gmt":"2015-12-06T11:59:00","guid":{"rendered":"http:\/\/www.milosnicylasu.olsztyn.pl\/?p=2368"},"modified":"2015-12-06T13:00:41","modified_gmt":"2015-12-06T12:00:41","slug":"swiatecznie","status":"publish","type":"post","link":"https:\/\/www.milosnicylasu.olsztyn.pl\/?p=2368","title":{"rendered":"\u015awi\u0105tecznie"},"content":{"rendered":"<p><a href=\"http:\/\/www.milosnicylasu.olsztyn.pl\/wp-content\/uploads\/2015\/12\/DSCN4708-www.jpg\" data-rel=\"lightbox-image-0\" data-magnific_type=\"image\" data-rl_title=\"\" data-rl_caption=\"\" title=\"\"><img loading=\"lazy\" decoding=\"async\" class=\"alignleft size-medium wp-image-2369\" alt=\"DSCN4708-www\" src=\"http:\/\/www.milosnicylasu.olsztyn.pl\/wp-content\/uploads\/2015\/12\/DSCN4708-www-300x225.jpg\" width=\"300\" height=\"225\" srcset=\"https:\/\/www.milosnicylasu.olsztyn.pl\/wp-content\/uploads\/2015\/12\/DSCN4708-www-300x225.jpg 300w, https:\/\/www.milosnicylasu.olsztyn.pl\/wp-content\/uploads\/2015\/12\/DSCN4708-www-400x300.jpg 400w, https:\/\/www.milosnicylasu.olsztyn.pl\/wp-content\/uploads\/2015\/12\/DSCN4708-www.jpg 1024w\" sizes=\"auto, (max-width: 300px) 100vw, 300px\" \/><\/a>3 grudnia w Regionalnej Dyrekcji Las\u00f3w Pa\u0144stwowych w Olsztynie,\u00a0<span style=\"color: #333333; font-style: normal; font-weight: 300; line-height: 24.375px;\">\u00a0<\/span><span style=\"color: #333333; font-style: normal; font-weight: 300; line-height: 24.375px;\">z okazji zbli\u017caj\u0105cych si\u0119 \u015awi\u0105t Bo\u017cego<\/span><span style=\"color: #333333; font-style: normal; font-weight: 300; line-height: 24.375px;\">\u00a0<\/span><span style=\"font-weight: 300;\">\u00a0<\/span><span style=\"color: #333333; font-style: normal; font-weight: 300; line-height: 24.375px;\">Narodzenia,\u00a0<\/span><span style=\"font-weight: 300;\">odby\u0142a si\u0119 wystawa r\u0119kodzie\u0142a. Swoje prace &#8211; bombki, stroiki, poczt\u00f3wki, wystawi\u0142y Janina Kluczek, Bo\u017cenka \u00a0B\u0142aszczuk i Krystyna Leszczy\u0144ska. \u00a0<\/span><\/p>\n<p><span style=\"font-weight: 300;\">Wystawa cieszy\u0142a si\u0119 du\u017cym zainteresowaniem. Odwiedzi\u0142o nas wielu pracownik\u00f3w RDLP w Olsztynie, w tym Pani Dyrektor Ma\u0142gorzata B\u0142yskun, oraz cz\u0142onkowie KMLiM, kt\u00f3rzy przyszli na zebranie. A wszystkim, kt\u00f3rzy wyrazili swoje uznanie dla naszej pracy -serdecznie dzi\u0119kujemy. \u00a0<\/span><\/p>\n","protected":false},"excerpt":{"rendered":"<p>3 grudnia w Regionalnej Dyrekcji Las\u00f3w Pa\u0144stwowych w Olsztynie,\u00a0\u00a0z okazji zbli\u017caj\u0105cych si\u0119 \u015awi\u0105t Bo\u017cego\u00a0\u00a0Narodzenia,\u00a0odby\u0142a si\u0119 wystawa r\u0119kodzie\u0142a. Swoje prace &#8211; bombki, stroiki, poczt\u00f3wki, wystawi\u0142y Janina Kluczek, Bo\u017cenka \u00a0B\u0142aszczuk i Krystyna Leszczy\u0144ska. \u00a0 Wystawa cieszy\u0142a si\u0119 du\u017cym zainteresowaniem. Odwiedzi\u0142o nas wielu pracownik\u00f3w RDLP w Olsztynie, w tym Pani Dyrektor Ma\u0142gorzata B\u0142yskun, oraz cz\u0142onkowie KMLiM, kt\u00f3rzy przyszli [&hellip;]<\/p>\n","protected":false},"author":1,"featured_media":0,"comment_status":"open","ping_status":"open","sticky":false,"template":"","format":"standard","meta":{"footnotes":""},"categories":[1,9,4],"tags":[],"class_list":["post-2368","post","type-post","status-publish","format-standard","hentry","category-bez-kategorii","category-ciekawostki","category-wystawy"],"_links":{"self":[{"href":"https:\/\/www.milosnicylasu.olsztyn.pl\/index.php?rest_route=\/wp\/v2\/posts\/2368","targetHints":{"allow":["GET"]}}],"collection":[{"href":"https:\/\/www.milosnicylasu.olsztyn.pl\/index.php?rest_route=\/wp\/v2\/posts"}],"about":[{"href":"https:\/\/www.milosnicylasu.olsztyn.pl\/index.php?rest_route=\/wp\/v2\/types\/post"}],"author":[{"embeddable":true,"href":"https:\/\/www.milosnicylasu.olsztyn.pl\/index.php?rest_route=\/wp\/v2\/users\/1"}],"replies":[{"embeddable":true,"href":"https:\/\/www.milosnicylasu.olsztyn.pl\/index.php?rest_route=%2Fwp%2Fv2%2Fcomments&post=2368"}],"version-history":[{"count":2,"href":"https:\/\/www.milosnicylasu.olsztyn.pl\/index.php?rest_route=\/wp\/v2\/posts\/2368\/revisions"}],"predecessor-version":[{"id":2371,"href":"https:\/\/www.milosnicylasu.olsztyn.pl\/index.php?rest_route=\/wp\/v2\/posts\/2368\/revisions\/2371"}],"wp:attachment":[{"href":"https:\/\/www.milosnicylasu.olsztyn.pl\/index.php?rest_route=%2Fwp%2Fv2%2Fmedia&parent=2368"}],"wp:term":[{"taxonomy":"category","embeddable":true,"href":"https:\/\/www.milosnicylasu.olsztyn.pl\/index.php?rest_route=%2Fwp%2Fv2%2Fcategories&post=2368"},{"taxonomy":"post_tag","embeddable":true,"href":"https:\/\/www.milosnicylasu.olsztyn.pl\/index.php?rest_route=%2Fwp%2Fv2%2Ftags&post=2368"}],"curies":[{"name":"wp","href":"https:\/\/api.w.org\/{rel}","templated":true}]}}