{"id":2372,"date":"2015-12-06T13:51:49","date_gmt":"2015-12-06T12:51:49","guid":{"rendered":"http:\/\/www.milosnicylasu.olsztyn.pl\/?p=2372"},"modified":"2015-12-08T16:16:06","modified_gmt":"2015-12-08T15:16:06","slug":"medale-nagrody","status":"publish","type":"post","link":"https:\/\/www.milosnicylasu.olsztyn.pl\/?p=2372","title":{"rendered":"Medale, nagrody&#8230;&#8230;&#8230;"},"content":{"rendered":"<p>To nie by\u0142y prezenty od \u015bw. Miko\u0142aja, chocia\u017c wr\u0119czone podczas grudniowego zebrania.<\/p>\n<p><a href=\"http:\/\/www.milosnicylasu.olsztyn.pl\/wp-content\/uploads\/2015\/12\/DSCN4729-www.jpg\" data-rel=\"lightbox-image-0\" data-magnific_type=\"image\" data-rl_title=\"\" data-rl_caption=\"\" title=\"\"><img loading=\"lazy\" decoding=\"async\" class=\"alignleft size-medium wp-image-2373\" src=\"http:\/\/www.milosnicylasu.olsztyn.pl\/wp-content\/uploads\/2015\/12\/DSCN4729-www-300x225.jpg\" alt=\"DSCN4729-www\" width=\"300\" height=\"225\" srcset=\"https:\/\/www.milosnicylasu.olsztyn.pl\/wp-content\/uploads\/2015\/12\/DSCN4729-www-300x225.jpg 300w, https:\/\/www.milosnicylasu.olsztyn.pl\/wp-content\/uploads\/2015\/12\/DSCN4729-www-400x300.jpg 400w, https:\/\/www.milosnicylasu.olsztyn.pl\/wp-content\/uploads\/2015\/12\/DSCN4729-www.jpg 1024w\" sizes=\"auto, (max-width: 300px) 100vw, 300px\" \/><\/a><\/p>\n<p>&nbsp;<\/p>\n<p>&nbsp;<\/p>\n<p>Br\u0105zowym Medalem <strong>Za Zas\u0142ugi Dla Obronno\u015bci Kraju<\/strong> odznaczeni zostali:<\/p>\n<p>Barbara Kowalewska<a href=\"http:\/\/www.milosnicylasu.olsztyn.pl\/wp-content\/uploads\/2015\/12\/DSCN4730-www.jpg\" data-rel=\"lightbox-image-1\" data-magnific_type=\"image\" data-rl_title=\"\" data-rl_caption=\"\" title=\"\"><img loading=\"lazy\" decoding=\"async\" class=\"size-medium wp-image-2374 alignright\" src=\"http:\/\/www.milosnicylasu.olsztyn.pl\/wp-content\/uploads\/2015\/12\/DSCN4730-www-300x225.jpg\" alt=\"DSCN4730-www\" width=\"300\" height=\"225\" srcset=\"https:\/\/www.milosnicylasu.olsztyn.pl\/wp-content\/uploads\/2015\/12\/DSCN4730-www-300x225.jpg 300w, https:\/\/www.milosnicylasu.olsztyn.pl\/wp-content\/uploads\/2015\/12\/DSCN4730-www-400x300.jpg 400w, https:\/\/www.milosnicylasu.olsztyn.pl\/wp-content\/uploads\/2015\/12\/DSCN4730-www.jpg 1024w\" sizes=\"auto, (max-width: 300px) 100vw, 300px\" \/><\/a><\/p>\n<p>&nbsp;<\/p>\n<p>&nbsp;<\/p>\n<p>&nbsp;<\/p>\n<p><span style=\"font-weight: 300;\">i Micha\u0142 K\u0142\u0119bukowski.<\/span><\/p>\n<p>&nbsp;<\/p>\n<p>&nbsp;<\/p>\n<p>&nbsp;<\/p>\n<p><span style=\"font-weight: 300;\"><a href=\"http:\/\/www.milosnicylasu.olsztyn.pl\/wp-content\/uploads\/2015\/12\/DSCN4737-www.jpg\" data-rel=\"lightbox-image-2\" data-magnific_type=\"image\" data-rl_title=\"\" data-rl_caption=\"\" title=\"\"><img loading=\"lazy\" decoding=\"async\" class=\"alignleft size-medium wp-image-2375\" src=\"http:\/\/www.milosnicylasu.olsztyn.pl\/wp-content\/uploads\/2015\/12\/DSCN4737-www-300x225.jpg\" alt=\"DSCN4737-www\" width=\"300\" height=\"225\" srcset=\"https:\/\/www.milosnicylasu.olsztyn.pl\/wp-content\/uploads\/2015\/12\/DSCN4737-www-300x225.jpg 300w, https:\/\/www.milosnicylasu.olsztyn.pl\/wp-content\/uploads\/2015\/12\/DSCN4737-www-400x300.jpg 400w, https:\/\/www.milosnicylasu.olsztyn.pl\/wp-content\/uploads\/2015\/12\/DSCN4737-www.jpg 1024w\" sizes=\"auto, (max-width: 300px) 100vw, 300px\" \/><\/a><\/span><\/p>\n<p>&nbsp;<\/p>\n<p><span style=\"font-weight: 300;\">Br\u0105zowe Medale <\/span><strong>Za Zas\u0142ugi Dla Ligi Obrony Kraju<\/strong><span style=\"font-weight: 300;\"> \u00a0otrzymali:<\/span><\/p>\n<p><span style=\"font-weight: 300;\"> Teresa Go\u0142\u0119biewska, Anna Kukli\u0144ska, Adam Tabor.<\/span><\/p>\n<p>&nbsp;<\/p>\n<p><a href=\"http:\/\/www.milosnicylasu.olsztyn.pl\/wp-content\/uploads\/2015\/12\/DSCN4717-www.jpg\" data-rel=\"lightbox-image-3\" data-magnific_type=\"image\" data-rl_title=\"\" data-rl_caption=\"\" title=\"\"><img loading=\"lazy\" decoding=\"async\" class=\"size-medium wp-image-2376 alignright\" src=\"http:\/\/www.milosnicylasu.olsztyn.pl\/wp-content\/uploads\/2015\/12\/DSCN4717-www-300x225.jpg\" alt=\"DSCN4717-www\" width=\"300\" height=\"225\" srcset=\"https:\/\/www.milosnicylasu.olsztyn.pl\/wp-content\/uploads\/2015\/12\/DSCN4717-www-300x225.jpg 300w, https:\/\/www.milosnicylasu.olsztyn.pl\/wp-content\/uploads\/2015\/12\/DSCN4717-www-400x300.jpg 400w, https:\/\/www.milosnicylasu.olsztyn.pl\/wp-content\/uploads\/2015\/12\/DSCN4717-www.jpg 1024w\" sizes=\"auto, (max-width: 300px) 100vw, 300px\" \/><\/a><\/p>\n<p>&nbsp;<\/p>\n<p>&nbsp;<\/p>\n<p><strong>Z\u0142ot\u0105 odznak\u0105 \u00a0Zas\u0142u\u017cony Dzia\u0142acz Ligi Obrony Kraju<\/strong> odznaczono \u00a0Wies\u0142aw\u0119 Filipek I Tadeusza Pampucha.<\/p>\n<p>&nbsp;<\/p>\n<p>&nbsp;<\/p>\n<p><span style=\"color: #333333; font-style: normal; font-weight: 300; line-height: 24.375px;\"><a href=\"http:\/\/www.milosnicylasu.olsztyn.pl\/wp-content\/uploads\/2015\/12\/DSCN4742-www.jpg\" data-rel=\"lightbox-image-4\" data-magnific_type=\"image\" data-rl_title=\"\" data-rl_caption=\"\" title=\"\"><img loading=\"lazy\" decoding=\"async\" class=\"alignleft size-medium wp-image-2377\" src=\"http:\/\/www.milosnicylasu.olsztyn.pl\/wp-content\/uploads\/2015\/12\/DSCN4742-www-300x225.jpg\" alt=\"DSCN4742-www\" width=\"300\" height=\"225\" srcset=\"https:\/\/www.milosnicylasu.olsztyn.pl\/wp-content\/uploads\/2015\/12\/DSCN4742-www-300x225.jpg 300w, https:\/\/www.milosnicylasu.olsztyn.pl\/wp-content\/uploads\/2015\/12\/DSCN4742-www-400x300.jpg 400w, https:\/\/www.milosnicylasu.olsztyn.pl\/wp-content\/uploads\/2015\/12\/DSCN4742-www.jpg 1024w\" sizes=\"auto, (max-width: 300px) 100vw, 300px\" \/><\/a><\/span><\/p>\n<p>&nbsp;<\/p>\n<p><span style=\"color: #333333; font-style: normal; font-weight: 300; line-height: 24.375px;\">Nagrod\u0119 specjaln\u0105 Zarz\u0105du Ko\u0142a \u00a0za prac\u0119 spo\u0142eczn\u0105 i wspieranie Zarz\u0105du w realizacji pracy Ko\u0142a otrzyma\u0142 <\/span><span style=\"color: #333333; font-style: normal; font-weight: 300; line-height: 24.375px;\">Ryszard Chudziakiewicz.<\/span><\/p>\n<p>&nbsp;<\/p>\n<p>&nbsp;<\/p>\n<p>&nbsp;<\/p>\n<p>Zwyci\u0119scy konkursu z wiedzy o Hubertusie, przeprowadzonego \u00a014 listopada 2015 r., Teresa \u017bemojcin, Benek Kucki, J\u00f3zef Gazda \u00a0&#8211; \u00a0otrzymali ksi\u0105\u017cki.<\/p>\n<p>Ksi\u0105\u017cki otrzymali r\u00f3wnie\u017c zwyci\u0119scy zawod\u00f3w strzeleckich, kt\u00f3re odby\u0142y si\u0119 \u00a0 \u00a0 \u00a0 \u00a0 \u00a0 \u00a0 \u00a0 \u00a0 \u00a0 23 listopada 2015 r. &#8211; Ryszard Chudziakiewicz, J\u00f3zef Gazda i Anatol Leszczy\u0144ski.<\/p>\n<p><a href=\"http:\/\/www.milosnicylasu.olsztyn.pl\/wp-content\/uploads\/2015\/12\/DSCN4744-www.jpg\" data-rel=\"lightbox-image-5\" data-magnific_type=\"image\" data-rl_title=\"\" data-rl_caption=\"\" title=\"\"><img loading=\"lazy\" decoding=\"async\" class=\"alignleft size-medium wp-image-2378\" src=\"http:\/\/www.milosnicylasu.olsztyn.pl\/wp-content\/uploads\/2015\/12\/DSCN4744-www-300x225.jpg\" alt=\"DSCN4744-www\" width=\"300\" height=\"225\" srcset=\"https:\/\/www.milosnicylasu.olsztyn.pl\/wp-content\/uploads\/2015\/12\/DSCN4744-www-300x225.jpg 300w, https:\/\/www.milosnicylasu.olsztyn.pl\/wp-content\/uploads\/2015\/12\/DSCN4744-www-400x300.jpg 400w, https:\/\/www.milosnicylasu.olsztyn.pl\/wp-content\/uploads\/2015\/12\/DSCN4744-www.jpg 1024w\" sizes=\"auto, (max-width: 300px) 100vw, 300px\" \/><\/a>A najlepiej w Internetowym konkursie z wiedzy przyrodniczo-le\u015bnej \u00a0odpowiadali: \u00a0Barbara Bruzgo, Waldemar Chrzanowski, Zofia Romanowska, Barbara Sternal z Krakowa, Marzena Jaro\u0144 Kicowska, Kazimierz Mi\u0142owski, Jan Filipek, Barbara Kowalewska, Jolanta Gazda i Wies\u0142awa Filipek. Otrzymali ksi\u0105\u017cki, filmy.<\/p>\n<p>Cz\u0119\u015b\u0107 nagr\u00f3d zosta\u0142a zakupiona z funduszy Ko\u0142a. Ponadto sponsorami byli\u00a0<span style=\"color: #333333; font-style: normal; font-weight: 300; line-height: 24.375px;\">\u00a0Adam Siemakowicz i Marzena Kicowska Jaro\u0144 oraz <\/span><span style=\"font-weight: 300;\">Nadle\u015bnictwo Kudypy.<\/span><\/p>\n<p><span style=\"color: #333333; font-style: normal; font-weight: 300; line-height: 24.375px;\">\u00a0<strong>D<\/strong><\/span><strong><span style=\"color: #333333; font-style: normal; line-height: 24.375px;\">zi\u0119kujemy sponsorom a w<\/span>szystkim odznaczonym i zwyci\u0119zcom konkurs\u00f3w gratulujemy!!!<\/strong><\/p>\n<p>&nbsp;<\/p>\n","protected":false},"excerpt":{"rendered":"<p>To nie by\u0142y prezenty od \u015bw. Miko\u0142aja, chocia\u017c wr\u0119czone podczas grudniowego zebrania. &nbsp; &nbsp; Br\u0105zowym Medalem Za Zas\u0142ugi Dla Obronno\u015bci Kraju odznaczeni zostali: Barbara Kowalewska &nbsp; &nbsp; &nbsp; i Micha\u0142 K\u0142\u0119bukowski. &nbsp; &nbsp; &nbsp; &nbsp; Br\u0105zowe Medale Za Zas\u0142ugi Dla Ligi Obrony Kraju \u00a0otrzymali: Teresa Go\u0142\u0119biewska, Anna Kukli\u0144ska, Adam Tabor. &nbsp; &nbsp; &nbsp; Z\u0142ot\u0105 odznak\u0105 [&hellip;]<\/p>\n","protected":false},"author":1,"featured_media":0,"comment_status":"open","ping_status":"open","sticky":false,"template":"","format":"standard","meta":{"footnotes":""},"categories":[1,9,13,8,3],"tags":[],"class_list":["post-2372","post","type-post","status-publish","format-standard","hentry","category-bez-kategorii","category-ciekawostki","category-konkursy","category-zawody-strzeleckie","category-zebrania"],"_links":{"self":[{"href":"https:\/\/www.milosnicylasu.olsztyn.pl\/index.php?rest_route=\/wp\/v2\/posts\/2372","targetHints":{"allow":["GET"]}}],"collection":[{"href":"https:\/\/www.milosnicylasu.olsztyn.pl\/index.php?rest_route=\/wp\/v2\/posts"}],"about":[{"href":"https:\/\/www.milosnicylasu.olsztyn.pl\/index.php?rest_route=\/wp\/v2\/types\/post"}],"author":[{"embeddable":true,"href":"https:\/\/www.milosnicylasu.olsztyn.pl\/index.php?rest_route=\/wp\/v2\/users\/1"}],"replies":[{"embeddable":true,"href":"https:\/\/www.milosnicylasu.olsztyn.pl\/index.php?rest_route=%2Fwp%2Fv2%2Fcomments&post=2372"}],"version-history":[{"count":3,"href":"https:\/\/www.milosnicylasu.olsztyn.pl\/index.php?rest_route=\/wp\/v2\/posts\/2372\/revisions"}],"predecessor-version":[{"id":2385,"href":"https:\/\/www.milosnicylasu.olsztyn.pl\/index.php?rest_route=\/wp\/v2\/posts\/2372\/revisions\/2385"}],"wp:attachment":[{"href":"https:\/\/www.milosnicylasu.olsztyn.pl\/index.php?rest_route=%2Fwp%2Fv2%2Fmedia&parent=2372"}],"wp:term":[{"taxonomy":"category","embeddable":true,"href":"https:\/\/www.milosnicylasu.olsztyn.pl\/index.php?rest_route=%2Fwp%2Fv2%2Fcategories&post=2372"},{"taxonomy":"post_tag","embeddable":true,"href":"https:\/\/www.milosnicylasu.olsztyn.pl\/index.php?rest_route=%2Fwp%2Fv2%2Ftags&post=2372"}],"curies":[{"name":"wp","href":"https:\/\/api.w.org\/{rel}","templated":true}]}}