{"id":2381,"date":"2015-12-06T14:02:12","date_gmt":"2015-12-06T13:02:12","guid":{"rendered":"http:\/\/www.milosnicylasu.olsztyn.pl\/?p=2381"},"modified":"2015-12-06T21:35:06","modified_gmt":"2015-12-06T20:35:06","slug":"grudniowa-niespodziewanka","status":"publish","type":"post","link":"https:\/\/www.milosnicylasu.olsztyn.pl\/?p=2381","title":{"rendered":"Grudniowa &#8222;niespodziewanka&#8221;"},"content":{"rendered":"<p><a href=\"http:\/\/www.milosnicylasu.olsztyn.pl\/wp-content\/uploads\/2015\/12\/DSCN4751-www.jpg\" data-rel=\"lightbox-image-0\" data-magnific_type=\"image\" data-rl_title=\"\" data-rl_caption=\"\" title=\"\"><img loading=\"lazy\" decoding=\"async\" class=\"alignleft size-medium wp-image-2382\" alt=\"DSCN4751-www\" src=\"http:\/\/www.milosnicylasu.olsztyn.pl\/wp-content\/uploads\/2015\/12\/DSCN4751-www-300x225.jpg\" width=\"300\" height=\"225\" srcset=\"https:\/\/www.milosnicylasu.olsztyn.pl\/wp-content\/uploads\/2015\/12\/DSCN4751-www-300x225.jpg 300w, https:\/\/www.milosnicylasu.olsztyn.pl\/wp-content\/uploads\/2015\/12\/DSCN4751-www-400x300.jpg 400w, https:\/\/www.milosnicylasu.olsztyn.pl\/wp-content\/uploads\/2015\/12\/DSCN4751-www.jpg 1024w\" sizes=\"auto, (max-width: 300px) 100vw, 300px\" \/><\/a>To by\u0142a naprawd\u0119 wielka niespodzianka. Na grudniowym zebraniu Wiesia Filipek obdarowa\u0142a Basi\u0119 Kowalewsk\u0105, Jasi\u0119 Kluczek i Krystyn\u0119 Leszczy\u0144sk\u0105 w\u0142asnor\u0119cznie zrobionymi pi\u0119knymi \u0142\u0105b\u0119dziami. Powiedzia\u0142a, \u017ce docenia prac\u0119 tych trzech os\u00f3b, kt\u00f3re ju\u017c si\u00f3dmy rok spo\u0142ecznie wykonuj\u0105 prace, kt\u00f3re zostaj\u0105 wr\u0119czane wyk\u0142adowcom, le\u015bnikom, przyjacio\u0142om Ko\u0142a z okazji \u015bwi\u0105t.<\/p>\n<p><strong>Dzi\u0119kujemy!!!<\/strong><\/p>\n","protected":false},"excerpt":{"rendered":"<p>To by\u0142a naprawd\u0119 wielka niespodzianka. Na grudniowym zebraniu Wiesia Filipek obdarowa\u0142a Basi\u0119 Kowalewsk\u0105, Jasi\u0119 Kluczek i Krystyn\u0119 Leszczy\u0144sk\u0105 w\u0142asnor\u0119cznie zrobionymi pi\u0119knymi \u0142\u0105b\u0119dziami. Powiedzia\u0142a, \u017ce docenia prac\u0119 tych trzech os\u00f3b, kt\u00f3re ju\u017c si\u00f3dmy rok spo\u0142ecznie wykonuj\u0105 prace, kt\u00f3re zostaj\u0105 wr\u0119czane wyk\u0142adowcom, le\u015bnikom, przyjacio\u0142om Ko\u0142a z okazji \u015bwi\u0105t. Dzi\u0119kujemy!!!<\/p>\n","protected":false},"author":1,"featured_media":0,"comment_status":"open","ping_status":"open","sticky":false,"template":"","format":"standard","meta":{"footnotes":""},"categories":[1,9,11,3],"tags":[],"class_list":["post-2381","post","type-post","status-publish","format-standard","hentry","category-bez-kategorii","category-ciekawostki","category-spotkania-artystyczne","category-zebrania"],"_links":{"self":[{"href":"https:\/\/www.milosnicylasu.olsztyn.pl\/index.php?rest_route=\/wp\/v2\/posts\/2381","targetHints":{"allow":["GET"]}}],"collection":[{"href":"https:\/\/www.milosnicylasu.olsztyn.pl\/index.php?rest_route=\/wp\/v2\/posts"}],"about":[{"href":"https:\/\/www.milosnicylasu.olsztyn.pl\/index.php?rest_route=\/wp\/v2\/types\/post"}],"author":[{"embeddable":true,"href":"https:\/\/www.milosnicylasu.olsztyn.pl\/index.php?rest_route=\/wp\/v2\/users\/1"}],"replies":[{"embeddable":true,"href":"https:\/\/www.milosnicylasu.olsztyn.pl\/index.php?rest_route=%2Fwp%2Fv2%2Fcomments&post=2381"}],"version-history":[{"count":2,"href":"https:\/\/www.milosnicylasu.olsztyn.pl\/index.php?rest_route=\/wp\/v2\/posts\/2381\/revisions"}],"predecessor-version":[{"id":2384,"href":"https:\/\/www.milosnicylasu.olsztyn.pl\/index.php?rest_route=\/wp\/v2\/posts\/2381\/revisions\/2384"}],"wp:attachment":[{"href":"https:\/\/www.milosnicylasu.olsztyn.pl\/index.php?rest_route=%2Fwp%2Fv2%2Fmedia&parent=2381"}],"wp:term":[{"taxonomy":"category","embeddable":true,"href":"https:\/\/www.milosnicylasu.olsztyn.pl\/index.php?rest_route=%2Fwp%2Fv2%2Fcategories&post=2381"},{"taxonomy":"post_tag","embeddable":true,"href":"https:\/\/www.milosnicylasu.olsztyn.pl\/index.php?rest_route=%2Fwp%2Fv2%2Ftags&post=2381"}],"curies":[{"name":"wp","href":"https:\/\/api.w.org\/{rel}","templated":true}]}}