{"id":239,"date":"2013-04-19T16:21:03","date_gmt":"2013-04-19T14:21:03","guid":{"rendered":"http:\/\/www.milosnicylasu.olsztyn.pl\/?p=239"},"modified":"2013-04-19T16:46:18","modified_gmt":"2013-04-19T14:46:18","slug":"kolejna-wystawa-basi-kowalewskiej","status":"publish","type":"post","link":"https:\/\/www.milosnicylasu.olsztyn.pl\/?p=239","title":{"rendered":"Kolejna wystawa Basi Kowalewskiej"},"content":{"rendered":"<p>W bibliotece nr 7 przy ulicy Ko\u0142obrzeskiej 5 w Olsztynie, do 10 maja br., mo\u017cna ogl\u0105da\u0107 prace malarskie naszej kole\u017canki Basi Kowalewskiej. S\u0105 pi\u0119kne malwy, s\u0142oneczniki, le\u015bne pejza\u017ce, obrazy przedstawiaj\u0105ce architektur\u0119&#8230;. Du\u017ca r\u00f3\u017cnorodno\u015b\u0107 temat\u00f3w, wykonanych w r\u00f3\u017cnych technikach. Trudno by\u0142o nam wybra\u0107 obraz, kt\u00f3ry najbardziej nam si\u0119 podoba. Ogl\u0105dali\u015bmy, ogl\u0105dali\u015bmy i chyba tam jeszcze wr\u00f3cimy, \u017ceby si\u0119 nimi jeszcze troch\u0119 nacieszy\u0107. Gratulujemy Basiu wystawy i czekamy na nast\u0119pne prace. A wszystkich zainteresowanych gor\u0105co namawiamy do odwiedzenia wystawy &#8211;<strong> WARTO!<\/strong><\/p>\n<p>Krystyna i Anatol Leszczy\u0144scy<\/p>\n","protected":false},"excerpt":{"rendered":"<p>W bibliotece nr 7 przy ulicy Ko\u0142obrzeskiej 5 w Olsztynie, do 10 maja br., mo\u017cna ogl\u0105da\u0107 prace malarskie naszej kole\u017canki Basi Kowalewskiej. S\u0105 pi\u0119kne malwy, s\u0142oneczniki, le\u015bne pejza\u017ce, obrazy przedstawiaj\u0105ce architektur\u0119&#8230;. Du\u017ca r\u00f3\u017cnorodno\u015b\u0107 temat\u00f3w, wykonanych w r\u00f3\u017cnych technikach. Trudno by\u0142o nam wybra\u0107 obraz, kt\u00f3ry najbardziej nam si\u0119 podoba. Ogl\u0105dali\u015bmy, ogl\u0105dali\u015bmy i chyba tam jeszcze wr\u00f3cimy, [&hellip;]<\/p>\n","protected":false},"author":1,"featured_media":0,"comment_status":"open","ping_status":"open","sticky":false,"template":"","format":"standard","meta":{"footnotes":""},"categories":[1],"tags":[],"class_list":["post-239","post","type-post","status-publish","format-standard","hentry","category-bez-kategorii"],"_links":{"self":[{"href":"https:\/\/www.milosnicylasu.olsztyn.pl\/index.php?rest_route=\/wp\/v2\/posts\/239","targetHints":{"allow":["GET"]}}],"collection":[{"href":"https:\/\/www.milosnicylasu.olsztyn.pl\/index.php?rest_route=\/wp\/v2\/posts"}],"about":[{"href":"https:\/\/www.milosnicylasu.olsztyn.pl\/index.php?rest_route=\/wp\/v2\/types\/post"}],"author":[{"embeddable":true,"href":"https:\/\/www.milosnicylasu.olsztyn.pl\/index.php?rest_route=\/wp\/v2\/users\/1"}],"replies":[{"embeddable":true,"href":"https:\/\/www.milosnicylasu.olsztyn.pl\/index.php?rest_route=%2Fwp%2Fv2%2Fcomments&post=239"}],"version-history":[{"count":4,"href":"https:\/\/www.milosnicylasu.olsztyn.pl\/index.php?rest_route=\/wp\/v2\/posts\/239\/revisions"}],"predecessor-version":[{"id":248,"href":"https:\/\/www.milosnicylasu.olsztyn.pl\/index.php?rest_route=\/wp\/v2\/posts\/239\/revisions\/248"}],"wp:attachment":[{"href":"https:\/\/www.milosnicylasu.olsztyn.pl\/index.php?rest_route=%2Fwp%2Fv2%2Fmedia&parent=239"}],"wp:term":[{"taxonomy":"category","embeddable":true,"href":"https:\/\/www.milosnicylasu.olsztyn.pl\/index.php?rest_route=%2Fwp%2Fv2%2Fcategories&post=239"},{"taxonomy":"post_tag","embeddable":true,"href":"https:\/\/www.milosnicylasu.olsztyn.pl\/index.php?rest_route=%2Fwp%2Fv2%2Ftags&post=239"}],"curies":[{"name":"wp","href":"https:\/\/api.w.org\/{rel}","templated":true}]}}