{"id":2397,"date":"2015-12-14T06:51:45","date_gmt":"2015-12-14T05:51:45","guid":{"rendered":"http:\/\/www.milosnicylasu.olsztyn.pl\/?p=2397"},"modified":"2015-12-14T07:21:44","modified_gmt":"2015-12-14T06:21:44","slug":"zyczenia-swiateczne-4","status":"publish","type":"post","link":"https:\/\/www.milosnicylasu.olsztyn.pl\/?p=2397","title":{"rendered":"\u017byczenia \u015bwi\u0105teczne"},"content":{"rendered":"<p><a href=\"http:\/\/www.milosnicylasu.olsztyn.pl\/wp-content\/uploads\/2013\/12\/PC210166-www.jpg\" data-rel=\"lightbox-image-0\" data-magnific_type=\"image\" data-rl_title=\"\" data-rl_caption=\"\" title=\"\"><img loading=\"lazy\" decoding=\"async\" class=\"alignleft size-medium wp-image-790\" src=\"http:\/\/www.milosnicylasu.olsztyn.pl\/wp-content\/uploads\/2013\/12\/PC210166-www-168x300.jpg\" alt=\"PC210166-www\" width=\"168\" height=\"300\" srcset=\"https:\/\/www.milosnicylasu.olsztyn.pl\/wp-content\/uploads\/2013\/12\/PC210166-www-168x300.jpg 168w, https:\/\/www.milosnicylasu.olsztyn.pl\/wp-content\/uploads\/2013\/12\/PC210166-www.jpg 576w\" sizes=\"auto, (max-width: 168px) 100vw, 168px\" \/><\/a>Najlepsze \u017cyczenia \u015bwi\u0105teczne dla wszystkich cz\u0142onk\u00f3w i przyjaci\u00f3\u0142\u00a0Ko\u0142a i Ich rodzin: zdrowia, szcz\u0119\u015bcia i pomy\u015blno\u015bci, wielu doskona\u0142ych pomys\u0142\u00f3w i ich b\u0142yskotliwej realizacji, a tak\u017ce powodzenia w Nowym Roku &#8211; niech przyniesie same rado\u015bci i korzy\u015bci, a przede wszystkim niech b\u0119dzie jeszcze bardziej udany od poprzedniego.<\/p>\n<p>I takie \u017cyczenia p\u0142yn\u0105 prosto&#8230;&#8230;&#8230;z Betlejem, do kt\u00f3rego &#8230;..mo\u017ce zaprosimy wszystkich w nast\u0119pnym roku za &#8230;&#8230;.niewielkie pieni\u0105\u017cki.<a href=\"http:\/\/www.milosnicylasu.olsztyn.pl\/wp-content\/uploads\/2015\/12\/DSCN4965-www.jpg\" data-rel=\"lightbox-image-1\" data-magnific_type=\"image\" data-rl_title=\"\" data-rl_caption=\"\" title=\"\"><img loading=\"lazy\" decoding=\"async\" class=\"alignleft size-medium wp-image-2398\" src=\"http:\/\/www.milosnicylasu.olsztyn.pl\/wp-content\/uploads\/2015\/12\/DSCN4965-www-300x225.jpg\" alt=\"DSCN4965-www\" width=\"300\" height=\"225\" srcset=\"https:\/\/www.milosnicylasu.olsztyn.pl\/wp-content\/uploads\/2015\/12\/DSCN4965-www-300x225.jpg 300w, https:\/\/www.milosnicylasu.olsztyn.pl\/wp-content\/uploads\/2015\/12\/DSCN4965-www.jpg 1024w, https:\/\/www.milosnicylasu.olsztyn.pl\/wp-content\/uploads\/2015\/12\/DSCN4965-www-400x300.jpg 400w\" sizes=\"auto, (max-width: 300px) 100vw, 300px\" \/><\/a><\/p>\n","protected":false},"excerpt":{"rendered":"<p>Najlepsze \u017cyczenia \u015bwi\u0105teczne dla wszystkich cz\u0142onk\u00f3w i przyjaci\u00f3\u0142\u00a0Ko\u0142a i Ich rodzin: zdrowia, szcz\u0119\u015bcia i pomy\u015blno\u015bci, wielu doskona\u0142ych pomys\u0142\u00f3w i ich b\u0142yskotliwej realizacji, a tak\u017ce powodzenia w Nowym Roku &#8211; niech przyniesie same rado\u015bci i korzy\u015bci, a przede wszystkim niech b\u0119dzie jeszcze bardziej udany od poprzedniego. I takie \u017cyczenia p\u0142yn\u0105 prosto&#8230;&#8230;&#8230;z Betlejem, do kt\u00f3rego &#8230;..mo\u017ce zaprosimy [&hellip;]<\/p>\n","protected":false},"author":1,"featured_media":0,"comment_status":"open","ping_status":"open","sticky":false,"template":"","format":"standard","meta":{"footnotes":""},"categories":[1,9],"tags":[],"class_list":["post-2397","post","type-post","status-publish","format-standard","hentry","category-bez-kategorii","category-ciekawostki"],"_links":{"self":[{"href":"https:\/\/www.milosnicylasu.olsztyn.pl\/index.php?rest_route=\/wp\/v2\/posts\/2397","targetHints":{"allow":["GET"]}}],"collection":[{"href":"https:\/\/www.milosnicylasu.olsztyn.pl\/index.php?rest_route=\/wp\/v2\/posts"}],"about":[{"href":"https:\/\/www.milosnicylasu.olsztyn.pl\/index.php?rest_route=\/wp\/v2\/types\/post"}],"author":[{"embeddable":true,"href":"https:\/\/www.milosnicylasu.olsztyn.pl\/index.php?rest_route=\/wp\/v2\/users\/1"}],"replies":[{"embeddable":true,"href":"https:\/\/www.milosnicylasu.olsztyn.pl\/index.php?rest_route=%2Fwp%2Fv2%2Fcomments&post=2397"}],"version-history":[{"count":4,"href":"https:\/\/www.milosnicylasu.olsztyn.pl\/index.php?rest_route=\/wp\/v2\/posts\/2397\/revisions"}],"predecessor-version":[{"id":2402,"href":"https:\/\/www.milosnicylasu.olsztyn.pl\/index.php?rest_route=\/wp\/v2\/posts\/2397\/revisions\/2402"}],"wp:attachment":[{"href":"https:\/\/www.milosnicylasu.olsztyn.pl\/index.php?rest_route=%2Fwp%2Fv2%2Fmedia&parent=2397"}],"wp:term":[{"taxonomy":"category","embeddable":true,"href":"https:\/\/www.milosnicylasu.olsztyn.pl\/index.php?rest_route=%2Fwp%2Fv2%2Fcategories&post=2397"},{"taxonomy":"post_tag","embeddable":true,"href":"https:\/\/www.milosnicylasu.olsztyn.pl\/index.php?rest_route=%2Fwp%2Fv2%2Ftags&post=2397"}],"curies":[{"name":"wp","href":"https:\/\/api.w.org\/{rel}","templated":true}]}}