{"id":2416,"date":"2015-12-30T13:44:14","date_gmt":"2015-12-30T12:44:14","guid":{"rendered":"http:\/\/www.milosnicylasu.olsztyn.pl\/?p=2416"},"modified":"2015-12-31T06:50:09","modified_gmt":"2015-12-31T05:50:09","slug":"oplatek-wsrod-lesnikow","status":"publish","type":"post","link":"https:\/\/www.milosnicylasu.olsztyn.pl\/?p=2416","title":{"rendered":"Op\u0142atek w\u015br\u00f3d le\u015bnik\u00f3w"},"content":{"rendered":"<p><a href=\"http:\/\/www.milosnicylasu.olsztyn.pl\/wp-content\/uploads\/2015\/12\/DSC_0019-www.jpg\" data-rel=\"lightbox-image-0\" data-magnific_type=\"image\" data-rl_title=\"\" data-rl_caption=\"\" title=\"\"><img loading=\"lazy\" decoding=\"async\" class=\"size-medium wp-image-2417\" src=\"http:\/\/www.milosnicylasu.olsztyn.pl\/wp-content\/uploads\/2015\/12\/DSC_0019-www-300x199.jpg\" alt=\"????????????????????????????????????\" width=\"300\" height=\"199\" srcset=\"https:\/\/www.milosnicylasu.olsztyn.pl\/wp-content\/uploads\/2015\/12\/DSC_0019-www-300x199.jpg 300w, https:\/\/www.milosnicylasu.olsztyn.pl\/wp-content\/uploads\/2015\/12\/DSC_0019-www.jpg 1024w, https:\/\/www.milosnicylasu.olsztyn.pl\/wp-content\/uploads\/2015\/12\/DSC_0019-www-452x300.jpg 452w\" sizes=\"auto, (max-width: 300px) 100vw, 300px\" \/><\/a><\/p>\n<p>18 grudnia w Regionalnej Dyrekcji Las\u00f3w Pa\u0144stwowych w Olsztynie odby\u0142o si\u0119 spotkanie wigilijne. W uroczysto\u015bci uczestniczyli le\u015bnicy i zaproszeni go\u015bcie m.in. Metropolita Warmi\u0144ski, Marsza\u0142ek Wojew\u00f3dztwa Warmi\u0144sko-Mazurskiego Gustaw Marek Brzezin, a tak\u017ce przedstawiciele Ko\u0142a Mi\u0142o\u015bnik\u00f3w Lasu i Militari\u00f3w LOK przy ATW w Olsztynie \u2013 prezes Anatol Leszczy\u0144ski i wiceprezes \u00a0Grzegorz Kluczek<\/p>\n<p>Spotkanie by\u0142o doskona\u0142\u0105 okazj\u0105 do z\u0142o\u017cenia, w imieniu cz\u0142onk\u00f3w Ko\u0142a, wszystkim zebranym, \u017cycze\u0144 \u015bwi\u0105tecznych i noworocznych oraz podzi\u0119kowaniu le\u015bnikom \u00a0za przychylno\u015b\u0107 dla naszej organizacji, za stworzenie dogodnych warunk\u00f3w do pracy i rozwoju naszego Ko\u0142a. To podzi\u0119kowanie zosta\u0142o z\u0142o\u017cone na r\u0119ce pani Dyrektor RDLP w Olsztynie Pani Ma\u0142gorzaty B\u0142yskun, kt\u00f3ra otrzyma\u0142a puchar z napisem: &#8222;Olszty\u0144skim le\u015bnikom &#8211; mi\u0142o\u015bnicy las\u00f3w&#8221;.<\/p>\n<p><a href=\"http:\/\/www.milosnicylasu.olsztyn.pl\/wp-content\/uploads\/2015\/12\/DSC_0023-www.jpg\" data-rel=\"lightbox-image-1\" data-magnific_type=\"image\" data-rl_title=\"\" data-rl_caption=\"\" title=\"\"><img loading=\"lazy\" decoding=\"async\" class=\"size-medium wp-image-2418\" src=\"http:\/\/www.milosnicylasu.olsztyn.pl\/wp-content\/uploads\/2015\/12\/DSC_0023-www-300x199.jpg\" alt=\"????????????????????????????????????\" width=\"300\" height=\"199\" srcset=\"https:\/\/www.milosnicylasu.olsztyn.pl\/wp-content\/uploads\/2015\/12\/DSC_0023-www-300x199.jpg 300w, https:\/\/www.milosnicylasu.olsztyn.pl\/wp-content\/uploads\/2015\/12\/DSC_0023-www.jpg 1024w, https:\/\/www.milosnicylasu.olsztyn.pl\/wp-content\/uploads\/2015\/12\/DSC_0023-www-452x300.jpg 452w\" sizes=\"auto, (max-width: 300px) 100vw, 300px\" \/><\/a><\/p>\n<p>Dla szczeg\u00f3lnie zaanga\u017cowanych, wsp\u00f3\u0142pracuj\u0105cych z nasz\u0105 organizacj\u0105, Zarz\u0105d G\u0142\u00f3wny Ligi Obrony Kraju przyzna\u0142 odznaczenia, kt\u00f3re podczas uroczysto\u015bci\u00a0wr\u0119czy\u0142\u00a0\u00a0przedstawiciel Wojew\u00f3dzkiej Organizacji Warmi\u0144sko-Mazurskiej LOK Grzegorz Kluczek.<\/p>\n<p><strong>Medale zbiorowe Za Zas\u0142ugi dla Ligi Obrony Kraju<\/strong> \u00a0otrzyma\u0142y \u00a0Nadle\u015bnictwo Nowe Ramuki i Nadle\u015bnictwo Mr\u0105gowo.<\/p>\n<p><a href=\"http:\/\/www.milosnicylasu.olsztyn.pl\/wp-content\/uploads\/2015\/12\/DSC_0036-www.jpg\" data-rel=\"lightbox-image-2\" data-magnific_type=\"image\" data-rl_title=\"\" data-rl_caption=\"\" title=\"\"><img loading=\"lazy\" decoding=\"async\" class=\"size-medium wp-image-2419\" src=\"http:\/\/www.milosnicylasu.olsztyn.pl\/wp-content\/uploads\/2015\/12\/DSC_0036-www-300x199.jpg\" alt=\"????????????????????????????????????\" width=\"300\" height=\"199\" srcset=\"https:\/\/www.milosnicylasu.olsztyn.pl\/wp-content\/uploads\/2015\/12\/DSC_0036-www-300x199.jpg 300w, https:\/\/www.milosnicylasu.olsztyn.pl\/wp-content\/uploads\/2015\/12\/DSC_0036-www.jpg 1024w, https:\/\/www.milosnicylasu.olsztyn.pl\/wp-content\/uploads\/2015\/12\/DSC_0036-www-452x300.jpg 452w\" sizes=\"auto, (max-width: 300px) 100vw, 300px\" \/><\/a><\/p>\n<p>Indywidualne<strong> srebrne medale Za Zas\u0142ugi dla Ligi Obrony Kraju<\/strong>,\u00a0z r\u0105k przedstawiciela Wojew\u00f3dzkiej Organizacji Warmi\u0144sko &#8211; Mazurskiej LOK Grzegorza Kluczka otrzymali: \u00a0z RDLP w Olsztynie Sebastian Smoluk z-ca dyrektora ds. ekonomicznych i Adam Siemakowicz z Zespo\u0142u ds. Obronno\u015bci i Ochrony Mienia BHP, Alfred Szlaski nadle\u015bniczy Nadle\u015bnictwa Kudypy, Jaros\u0142aw B\u0142yskun\u00a0 nadle\u015bniczy Nadle\u015bnictwa Mr\u0105gowo, Dariusz Krzy\u017canowski\u00a0 nadle\u015bniczy Nadle\u015bnictwa Olsztynek, Krzysztof Krasula nadle\u015bniczy Nadle\u015bnictwa Spychowo i Adam Ge\u0142don z tego Nadle\u015bnictwa.<\/p>\n<p>Gratulujemy!<\/p>\n<p>&nbsp;<\/p>\n<p>&nbsp;<\/p>\n","protected":false},"excerpt":{"rendered":"<p>18 grudnia w Regionalnej Dyrekcji Las\u00f3w Pa\u0144stwowych w Olsztynie odby\u0142o si\u0119 spotkanie wigilijne. W uroczysto\u015bci uczestniczyli le\u015bnicy i zaproszeni go\u015bcie m.in. Metropolita Warmi\u0144ski, Marsza\u0142ek Wojew\u00f3dztwa Warmi\u0144sko-Mazurskiego Gustaw Marek Brzezin, a tak\u017ce przedstawiciele Ko\u0142a Mi\u0142o\u015bnik\u00f3w Lasu i Militari\u00f3w LOK przy ATW w Olsztynie \u2013 prezes Anatol Leszczy\u0144ski i wiceprezes \u00a0Grzegorz Kluczek Spotkanie by\u0142o doskona\u0142\u0105 okazj\u0105 do [&hellip;]<\/p>\n","protected":false},"author":1,"featured_media":0,"comment_status":"open","ping_status":"open","sticky":false,"template":"","format":"standard","meta":{"footnotes":""},"categories":[1,9,6,3],"tags":[],"class_list":["post-2416","post","type-post","status-publish","format-standard","hentry","category-bez-kategorii","category-ciekawostki","category-odznaczenia","category-zebrania"],"_links":{"self":[{"href":"https:\/\/www.milosnicylasu.olsztyn.pl\/index.php?rest_route=\/wp\/v2\/posts\/2416","targetHints":{"allow":["GET"]}}],"collection":[{"href":"https:\/\/www.milosnicylasu.olsztyn.pl\/index.php?rest_route=\/wp\/v2\/posts"}],"about":[{"href":"https:\/\/www.milosnicylasu.olsztyn.pl\/index.php?rest_route=\/wp\/v2\/types\/post"}],"author":[{"embeddable":true,"href":"https:\/\/www.milosnicylasu.olsztyn.pl\/index.php?rest_route=\/wp\/v2\/users\/1"}],"replies":[{"embeddable":true,"href":"https:\/\/www.milosnicylasu.olsztyn.pl\/index.php?rest_route=%2Fwp%2Fv2%2Fcomments&post=2416"}],"version-history":[{"count":7,"href":"https:\/\/www.milosnicylasu.olsztyn.pl\/index.php?rest_route=\/wp\/v2\/posts\/2416\/revisions"}],"predecessor-version":[{"id":2426,"href":"https:\/\/www.milosnicylasu.olsztyn.pl\/index.php?rest_route=\/wp\/v2\/posts\/2416\/revisions\/2426"}],"wp:attachment":[{"href":"https:\/\/www.milosnicylasu.olsztyn.pl\/index.php?rest_route=%2Fwp%2Fv2%2Fmedia&parent=2416"}],"wp:term":[{"taxonomy":"category","embeddable":true,"href":"https:\/\/www.milosnicylasu.olsztyn.pl\/index.php?rest_route=%2Fwp%2Fv2%2Fcategories&post=2416"},{"taxonomy":"post_tag","embeddable":true,"href":"https:\/\/www.milosnicylasu.olsztyn.pl\/index.php?rest_route=%2Fwp%2Fv2%2Ftags&post=2416"}],"curies":[{"name":"wp","href":"https:\/\/api.w.org\/{rel}","templated":true}]}}