{"id":242,"date":"2013-04-19T16:34:04","date_gmt":"2013-04-19T14:34:04","guid":{"rendered":"http:\/\/www.milosnicylasu.olsztyn.pl\/?p=242"},"modified":"2013-05-01T21:56:16","modified_gmt":"2013-05-01T19:56:16","slug":"wiosenne-sadzenie-lasu","status":"publish","type":"post","link":"https:\/\/www.milosnicylasu.olsztyn.pl\/?p=242","title":{"rendered":"Wiosenne sadzenie lasu &#8211; las \u0142\u0105czy pokolenia"},"content":{"rendered":"<p><a href=\"http:\/\/www.milosnicylasu.olsztyn.pl\/wp-content\/uploads\/2013\/04\/P4280036-www.jpg\" data-rel=\"lightbox-image-0\" data-magnific_type=\"image\" data-rl_title=\"\" data-rl_caption=\"\" title=\"\"><img loading=\"lazy\" decoding=\"async\" class=\"alignleft size-medium wp-image-292\" alt=\"P4280036-www\" src=\"http:\/\/www.milosnicylasu.olsztyn.pl\/wp-content\/uploads\/2013\/04\/P4280036-www-300x168.jpg\" width=\"300\" height=\"168\" srcset=\"https:\/\/www.milosnicylasu.olsztyn.pl\/wp-content\/uploads\/2013\/04\/P4280036-www-300x168.jpg 300w, https:\/\/www.milosnicylasu.olsztyn.pl\/wp-content\/uploads\/2013\/04\/P4280036-www-500x281.jpg 500w, https:\/\/www.milosnicylasu.olsztyn.pl\/wp-content\/uploads\/2013\/04\/P4280036-www.jpg 1024w\" sizes=\"auto, (max-width: 300px) 100vw, 300px\" \/><\/a>Zarz\u0105d Ko\u0142a z Panem Andrzejem Sobani\u0105 &#8211; przedstawicielem RDLP w Olsztynie, zapraszaj\u0105 na wiosenne sadzenie lasu, kt\u00f3re odb\u0119dzie si\u0119 27 kwietnia &#8211; w sobot\u0119. Spotykamy si\u0119 na ko\u0144cowym przystanku linii 26 przy ulicy Jagiello\u0144skiej \/Ogrody\/ o godzinie 10.00 i przejdziemy na miejsce sadzenia lasu. Mamy nadziej\u0119, \u017ce podobnie jak w ubieg\u0142ym roku dopisze pi\u0119kna pogoda i nasze zasoby le\u015bne powi\u0119kszymy o kolejne drzewa. Do sadzenia lasu zapraszamy wszystkich cz\u0142onk\u00f3w naszego Ko\u0142a oraz ich rodziny. Dla tych najm\u0142odszych przygotujemy s\u0142odkie niespodzianki, a dla wszystkich rozpalimy ognisko.<\/p>\n","protected":false},"excerpt":{"rendered":"<p>Zarz\u0105d Ko\u0142a z Panem Andrzejem Sobani\u0105 &#8211; przedstawicielem RDLP w Olsztynie, zapraszaj\u0105 na wiosenne sadzenie lasu, kt\u00f3re odb\u0119dzie si\u0119 27 kwietnia &#8211; w sobot\u0119. Spotykamy si\u0119 na ko\u0144cowym przystanku linii 26 przy ulicy Jagiello\u0144skiej \/Ogrody\/ o godzinie 10.00 i przejdziemy na miejsce sadzenia lasu. Mamy nadziej\u0119, \u017ce podobnie jak w ubieg\u0142ym roku dopisze pi\u0119kna pogoda [&hellip;]<\/p>\n","protected":false},"author":1,"featured_media":0,"comment_status":"open","ping_status":"open","sticky":false,"template":"","format":"standard","meta":{"footnotes":""},"categories":[1,2],"tags":[],"class_list":["post-242","post","type-post","status-publish","format-standard","hentry","category-bez-kategorii","category-rajdy"],"_links":{"self":[{"href":"https:\/\/www.milosnicylasu.olsztyn.pl\/index.php?rest_route=\/wp\/v2\/posts\/242","targetHints":{"allow":["GET"]}}],"collection":[{"href":"https:\/\/www.milosnicylasu.olsztyn.pl\/index.php?rest_route=\/wp\/v2\/posts"}],"about":[{"href":"https:\/\/www.milosnicylasu.olsztyn.pl\/index.php?rest_route=\/wp\/v2\/types\/post"}],"author":[{"embeddable":true,"href":"https:\/\/www.milosnicylasu.olsztyn.pl\/index.php?rest_route=\/wp\/v2\/users\/1"}],"replies":[{"embeddable":true,"href":"https:\/\/www.milosnicylasu.olsztyn.pl\/index.php?rest_route=%2Fwp%2Fv2%2Fcomments&post=242"}],"version-history":[{"count":6,"href":"https:\/\/www.milosnicylasu.olsztyn.pl\/index.php?rest_route=\/wp\/v2\/posts\/242\/revisions"}],"predecessor-version":[{"id":329,"href":"https:\/\/www.milosnicylasu.olsztyn.pl\/index.php?rest_route=\/wp\/v2\/posts\/242\/revisions\/329"}],"wp:attachment":[{"href":"https:\/\/www.milosnicylasu.olsztyn.pl\/index.php?rest_route=%2Fwp%2Fv2%2Fmedia&parent=242"}],"wp:term":[{"taxonomy":"category","embeddable":true,"href":"https:\/\/www.milosnicylasu.olsztyn.pl\/index.php?rest_route=%2Fwp%2Fv2%2Fcategories&post=242"},{"taxonomy":"post_tag","embeddable":true,"href":"https:\/\/www.milosnicylasu.olsztyn.pl\/index.php?rest_route=%2Fwp%2Fv2%2Ftags&post=242"}],"curies":[{"name":"wp","href":"https:\/\/api.w.org\/{rel}","templated":true}]}}