{"id":2443,"date":"2016-01-10T07:51:12","date_gmt":"2016-01-10T06:51:12","guid":{"rendered":"http:\/\/www.milosnicylasu.olsztyn.pl\/?p=2443"},"modified":"2016-01-10T07:51:12","modified_gmt":"2016-01-10T06:51:12","slug":"kolejne-spotkanie-w-ramach-czwartku-ekologicznego","status":"publish","type":"post","link":"https:\/\/www.milosnicylasu.olsztyn.pl\/?p=2443","title":{"rendered":"Kolejne spotkanie w ramach czwartku ekologicznego"},"content":{"rendered":"<p><a href=\"http:\/\/www.milosnicylasu.olsztyn.pl\/wp-content\/uploads\/2016\/01\/DSCN5184-www.jpg\" data-rel=\"lightbox-image-0\" data-magnific_type=\"image\" data-rl_title=\"\" data-rl_caption=\"\" title=\"\"><img loading=\"lazy\" decoding=\"async\" class=\"alignleft size-medium wp-image-2440\" src=\"http:\/\/www.milosnicylasu.olsztyn.pl\/wp-content\/uploads\/2016\/01\/DSCN5184-www-300x225.jpg\" alt=\"DSCN5184-www\" width=\"300\" height=\"225\" srcset=\"https:\/\/www.milosnicylasu.olsztyn.pl\/wp-content\/uploads\/2016\/01\/DSCN5184-www-300x225.jpg 300w, https:\/\/www.milosnicylasu.olsztyn.pl\/wp-content\/uploads\/2016\/01\/DSCN5184-www.jpg 1024w, https:\/\/www.milosnicylasu.olsztyn.pl\/wp-content\/uploads\/2016\/01\/DSCN5184-www-400x300.jpg 400w\" sizes=\"auto, (max-width: 300px) 100vw, 300px\" \/><\/a>Podczas kolejnego czwartku ekologicznego, \u00a0cz\u0142onkowie Ko\u0142a Mi\u0142o\u015bnik\u00f3w Lasu i Militari\u00f3w, spotkali si\u0119 z panem Stanis\u0142awem Blonkowskim &#8211; pasjonat, le\u015bnik utrwalaj\u0105cy pi\u0119kno lasu na fotografiach, emerytowany zast\u0119pca nadle\u015bniczego Nadle\u015bnictwa Susz. By\u0142o to ju\u017c drugie nasze spotkanie z panem Stanis\u0142awem. Tym razem dowiedzieli\u015bmy si\u0119 wiele o ptakach.<a href=\"http:\/\/www.milosnicylasu.olsztyn.pl\/wp-content\/uploads\/2016\/01\/DSCN5180-www.jpg\" data-rel=\"lightbox-image-1\" data-magnific_type=\"image\" data-rl_title=\"\" data-rl_caption=\"\" title=\"\"><img loading=\"lazy\" decoding=\"async\" class=\"size-medium wp-image-2441 alignright\" src=\"http:\/\/www.milosnicylasu.olsztyn.pl\/wp-content\/uploads\/2016\/01\/DSCN5180-www-300x225.jpg\" alt=\"DSCN5180-www\" width=\"300\" height=\"225\" srcset=\"https:\/\/www.milosnicylasu.olsztyn.pl\/wp-content\/uploads\/2016\/01\/DSCN5180-www-300x225.jpg 300w, https:\/\/www.milosnicylasu.olsztyn.pl\/wp-content\/uploads\/2016\/01\/DSCN5180-www.jpg 1024w, https:\/\/www.milosnicylasu.olsztyn.pl\/wp-content\/uploads\/2016\/01\/DSCN5180-www-400x300.jpg 400w\" sizes=\"auto, (max-width: 300px) 100vw, 300px\" \/><\/a><\/p>\n<p>Temat &#8222;Ptaki chronione wyst\u0119puj\u0105ce w Nadle\u015bnictwie Susz&#8221; by\u0142 ilustrowany wieloma zdj\u0119ciami, kt\u00f3re wykona\u0142 pan Stanis\u0142aw. Wielk\u0105 atrakcj\u0105 by\u0142 przeprowadzony konkurs. Rozpoznaj\u0105c ptaki po g\u0142osach mo\u017cna by\u0142o otrzyma\u0107 nagrody &#8211; pi\u0119kny album &#8221; Z p\u00f3l, \u0142\u0105k, jezior i las\u00f3w Ziemi Suskiej&#8221;. Zdj\u0119cia do albumu s\u0105 autorstwa naszego go\u015bcia. Dzi\u0119kujemy za spotkanie i czekamy na nast\u0119pne. Do zobaczenia.<\/p>\n","protected":false},"excerpt":{"rendered":"<p>Podczas kolejnego czwartku ekologicznego, \u00a0cz\u0142onkowie Ko\u0142a Mi\u0142o\u015bnik\u00f3w Lasu i Militari\u00f3w, spotkali si\u0119 z panem Stanis\u0142awem Blonkowskim &#8211; pasjonat, le\u015bnik utrwalaj\u0105cy pi\u0119kno lasu na fotografiach, emerytowany zast\u0119pca nadle\u015bniczego Nadle\u015bnictwa Susz. By\u0142o to ju\u017c drugie nasze spotkanie z panem Stanis\u0142awem. Tym razem dowiedzieli\u015bmy si\u0119 wiele o ptakach. Temat &#8222;Ptaki chronione wyst\u0119puj\u0105ce w Nadle\u015bnictwie Susz&#8221; by\u0142 ilustrowany wieloma [&hellip;]<\/p>\n","protected":false},"author":1,"featured_media":0,"comment_status":"open","ping_status":"open","sticky":false,"template":"","format":"standard","meta":{"footnotes":""},"categories":[1,9,3],"tags":[],"class_list":["post-2443","post","type-post","status-publish","format-standard","hentry","category-bez-kategorii","category-ciekawostki","category-zebrania"],"_links":{"self":[{"href":"https:\/\/www.milosnicylasu.olsztyn.pl\/index.php?rest_route=\/wp\/v2\/posts\/2443","targetHints":{"allow":["GET"]}}],"collection":[{"href":"https:\/\/www.milosnicylasu.olsztyn.pl\/index.php?rest_route=\/wp\/v2\/posts"}],"about":[{"href":"https:\/\/www.milosnicylasu.olsztyn.pl\/index.php?rest_route=\/wp\/v2\/types\/post"}],"author":[{"embeddable":true,"href":"https:\/\/www.milosnicylasu.olsztyn.pl\/index.php?rest_route=\/wp\/v2\/users\/1"}],"replies":[{"embeddable":true,"href":"https:\/\/www.milosnicylasu.olsztyn.pl\/index.php?rest_route=%2Fwp%2Fv2%2Fcomments&post=2443"}],"version-history":[{"count":1,"href":"https:\/\/www.milosnicylasu.olsztyn.pl\/index.php?rest_route=\/wp\/v2\/posts\/2443\/revisions"}],"predecessor-version":[{"id":2444,"href":"https:\/\/www.milosnicylasu.olsztyn.pl\/index.php?rest_route=\/wp\/v2\/posts\/2443\/revisions\/2444"}],"wp:attachment":[{"href":"https:\/\/www.milosnicylasu.olsztyn.pl\/index.php?rest_route=%2Fwp%2Fv2%2Fmedia&parent=2443"}],"wp:term":[{"taxonomy":"category","embeddable":true,"href":"https:\/\/www.milosnicylasu.olsztyn.pl\/index.php?rest_route=%2Fwp%2Fv2%2Fcategories&post=2443"},{"taxonomy":"post_tag","embeddable":true,"href":"https:\/\/www.milosnicylasu.olsztyn.pl\/index.php?rest_route=%2Fwp%2Fv2%2Ftags&post=2443"}],"curies":[{"name":"wp","href":"https:\/\/api.w.org\/{rel}","templated":true}]}}