{"id":2447,"date":"2016-01-12T08:23:01","date_gmt":"2016-01-12T07:23:01","guid":{"rendered":"http:\/\/www.milosnicylasu.olsztyn.pl\/?p=2447"},"modified":"2016-01-12T09:07:19","modified_gmt":"2016-01-12T08:07:19","slug":"nasz-wklad-w-akcje-owsiaka","status":"publish","type":"post","link":"https:\/\/www.milosnicylasu.olsztyn.pl\/?p=2447","title":{"rendered":"Nasz wk\u0142ad w akcj\u0119 Owsiaka"},"content":{"rendered":"<p><a href=\"http:\/\/www.milosnicylasu.olsztyn.pl\/wp-content\/uploads\/2016\/01\/Shwarte-Milfor-Rally-Team-www1.jpg\" data-rel=\"lightbox-image-0\" data-magnific_type=\"image\" data-rl_title=\"\" data-rl_caption=\"\" title=\"\"><img loading=\"lazy\" decoding=\"async\" class=\"alignleft size-medium wp-image-2448\" src=\"http:\/\/www.milosnicylasu.olsztyn.pl\/wp-content\/uploads\/2016\/01\/Shwarte-Milfor-Rally-Team-www1-300x282.jpg\" alt=\"Shwarte-Milfor Rally Team-www1\" width=\"300\" height=\"282\" srcset=\"https:\/\/www.milosnicylasu.olsztyn.pl\/wp-content\/uploads\/2016\/01\/Shwarte-Milfor-Rally-Team-www1-300x282.jpg 300w, https:\/\/www.milosnicylasu.olsztyn.pl\/wp-content\/uploads\/2016\/01\/Shwarte-Milfor-Rally-Team-www1.jpg 1024w, https:\/\/www.milosnicylasu.olsztyn.pl\/wp-content\/uploads\/2016\/01\/Shwarte-Milfor-Rally-Team-www1-319x300.jpg 319w\" sizes=\"auto, (max-width: 300px) 100vw, 300px\" \/><\/a><\/p>\n<p><a href=\"http:\/\/www.milosnicylasu.olsztyn.pl\/wp-content\/uploads\/2016\/01\/DSCN5195-www.jpg\" data-rel=\"lightbox-image-1\" data-magnific_type=\"image\" data-rl_title=\"\" data-rl_caption=\"\" title=\"\"><img loading=\"lazy\" decoding=\"async\" class=\"alignleft size-medium wp-image-2454\" src=\"http:\/\/www.milosnicylasu.olsztyn.pl\/wp-content\/uploads\/2016\/01\/DSCN5195-www-300x225.jpg\" alt=\"DSCN5195-www\" width=\"300\" height=\"225\" srcset=\"https:\/\/www.milosnicylasu.olsztyn.pl\/wp-content\/uploads\/2016\/01\/DSCN5195-www-300x225.jpg 300w, https:\/\/www.milosnicylasu.olsztyn.pl\/wp-content\/uploads\/2016\/01\/DSCN5195-www.jpg 1024w, https:\/\/www.milosnicylasu.olsztyn.pl\/wp-content\/uploads\/2016\/01\/DSCN5195-www-400x300.jpg 400w\" sizes=\"auto, (max-width: 300px) 100vw, 300px\" \/><\/a><\/p>\n<p>Podczas sobotniego spaceru zbierali\u015bmy na rzecz Wielkiej Orkiestry \u015awi\u0105tecznej Pomocy. Ofiaruj\u0105cy otrzymali na pami\u0105tk\u0119 czapeczki przekazane przez za\u0142og\u0119 Schwarte-Milfor Rally Team: Chrzanowski Sebastian i Bini\u0119da Adam oraz elementy dblaskowe do plecak\u00f3w. <a href=\"http:\/\/www.milosnicylasu.olsztyn.pl\/wp-content\/uploads\/2016\/01\/DSC07839-www.jpg\" data-rel=\"lightbox-image-2\" data-magnific_type=\"image\" data-rl_title=\"\" data-rl_caption=\"\" title=\"\"><img loading=\"lazy\" decoding=\"async\" class=\"size-medium wp-image-2449 alignright\" src=\"http:\/\/www.milosnicylasu.olsztyn.pl\/wp-content\/uploads\/2016\/01\/DSC07839-www-300x225.jpg\" alt=\"DSC07839-www\" width=\"300\" height=\"225\" srcset=\"https:\/\/www.milosnicylasu.olsztyn.pl\/wp-content\/uploads\/2016\/01\/DSC07839-www-300x225.jpg 300w, https:\/\/www.milosnicylasu.olsztyn.pl\/wp-content\/uploads\/2016\/01\/DSC07839-www.jpg 1024w, https:\/\/www.milosnicylasu.olsztyn.pl\/wp-content\/uploads\/2016\/01\/DSC07839-www-400x300.jpg 400w\" sizes=\"auto, (max-width: 300px) 100vw, 300px\" \/><\/a><\/p>\n<p>&nbsp;<\/p>\n<p>&nbsp;<\/p>\n<p>&nbsp;<\/p>\n<p><span style=\"font-weight: 300;\">By\u0142o bardzo muzycznie. Na gitarze grali Waldek Chrzanowski i Antoni Jarczyk a wszyscy \u015bpiewali. Pogoda dopisa\u0142a. Aura troch\u0119 zimowa, ale bez mrozu.<\/span><\/p>\n<p>&nbsp;<\/p>\n<p>&nbsp;<\/p>\n<p>W niedziel\u0119 10 stycznia, cz\u0142onek Komisji Rewizyjnej Rysiu Chudziakiewicz i prezes Ko\u0142a Anatol Leszczy\u0144ski uzbieran\u0105 kwot\u0119 przekazali wolentariuszom w Galerii Warmi\u0144skiej.<\/p>\n<p>&nbsp;<\/p>\n","protected":false},"excerpt":{"rendered":"<p>Podczas sobotniego spaceru zbierali\u015bmy na rzecz Wielkiej Orkiestry \u015awi\u0105tecznej Pomocy. Ofiaruj\u0105cy otrzymali na pami\u0105tk\u0119 czapeczki przekazane przez za\u0142og\u0119 Schwarte-Milfor Rally Team: Chrzanowski Sebastian i Bini\u0119da Adam oraz elementy dblaskowe do plecak\u00f3w. &nbsp; &nbsp; &nbsp; By\u0142o bardzo muzycznie. Na gitarze grali Waldek Chrzanowski i Antoni Jarczyk a wszyscy \u015bpiewali. Pogoda dopisa\u0142a. Aura troch\u0119 zimowa, ale bez [&hellip;]<\/p>\n","protected":false},"author":1,"featured_media":0,"comment_status":"open","ping_status":"open","sticky":false,"template":"","format":"standard","meta":{"footnotes":""},"categories":[1,9,2],"tags":[],"class_list":["post-2447","post","type-post","status-publish","format-standard","hentry","category-bez-kategorii","category-ciekawostki","category-rajdy"],"_links":{"self":[{"href":"https:\/\/www.milosnicylasu.olsztyn.pl\/index.php?rest_route=\/wp\/v2\/posts\/2447","targetHints":{"allow":["GET"]}}],"collection":[{"href":"https:\/\/www.milosnicylasu.olsztyn.pl\/index.php?rest_route=\/wp\/v2\/posts"}],"about":[{"href":"https:\/\/www.milosnicylasu.olsztyn.pl\/index.php?rest_route=\/wp\/v2\/types\/post"}],"author":[{"embeddable":true,"href":"https:\/\/www.milosnicylasu.olsztyn.pl\/index.php?rest_route=\/wp\/v2\/users\/1"}],"replies":[{"embeddable":true,"href":"https:\/\/www.milosnicylasu.olsztyn.pl\/index.php?rest_route=%2Fwp%2Fv2%2Fcomments&post=2447"}],"version-history":[{"count":4,"href":"https:\/\/www.milosnicylasu.olsztyn.pl\/index.php?rest_route=\/wp\/v2\/posts\/2447\/revisions"}],"predecessor-version":[{"id":2455,"href":"https:\/\/www.milosnicylasu.olsztyn.pl\/index.php?rest_route=\/wp\/v2\/posts\/2447\/revisions\/2455"}],"wp:attachment":[{"href":"https:\/\/www.milosnicylasu.olsztyn.pl\/index.php?rest_route=%2Fwp%2Fv2%2Fmedia&parent=2447"}],"wp:term":[{"taxonomy":"category","embeddable":true,"href":"https:\/\/www.milosnicylasu.olsztyn.pl\/index.php?rest_route=%2Fwp%2Fv2%2Fcategories&post=2447"},{"taxonomy":"post_tag","embeddable":true,"href":"https:\/\/www.milosnicylasu.olsztyn.pl\/index.php?rest_route=%2Fwp%2Fv2%2Ftags&post=2447"}],"curies":[{"name":"wp","href":"https:\/\/api.w.org\/{rel}","templated":true}]}}