{"id":2457,"date":"2016-01-13T10:23:37","date_gmt":"2016-01-13T09:23:37","guid":{"rendered":"http:\/\/www.milosnicylasu.olsztyn.pl\/?p=2457"},"modified":"2016-01-13T17:07:27","modified_gmt":"2016-01-13T16:07:27","slug":"konkurs-przyrodniczy","status":"publish","type":"post","link":"https:\/\/www.milosnicylasu.olsztyn.pl\/?p=2457","title":{"rendered":"Konkurs przyrodniczy"},"content":{"rendered":"<p><strong>Nowy konkurs opracowany przez Adama Siemakowicza<\/strong><\/p>\n<p><strong>Co to jest?<\/strong><\/p>\n<p>Fauna i flora Warmii i Mazur jest wyj\u0105tkowa bogata. Ka\u017cdy spacer w lesie to co\u015b nowego. Wystarczy przystan\u0105\u0107, zrobi\u0107 g\u0142\u0119boki wdech i powoli obejrze\u0107 si\u0119 doko\u0142a. Ujrzysz mikro\u015bwiat ro\u015blin i zwierz\u0105t. Czy jeste\u015b pewien co w\u0142a\u015bnie zobaczy\u0142e\u015b? Bywalcy poradz\u0105 sobie w kilka chwil, inni musz\u0105 znale\u017a\u0107 odpowied\u017a. To r\u00f3wnie\u017c mo\u017cesz by\u0107 ty! Aby od\u015bwie\u017cy\u0107 pami\u0119\u0107 poni\u017cej przedstawiam kr\u00f3tki test.<\/p>\n<p>Wystarczy udzieli\u0107 prawid\u0142owo odpowiedzi na 10 pyta\u0144 testowych sk\u0142adaj\u0105cych si\u0119 \u00a0z\u00a0 3 odpowiedzi, w tym tylko 1 prawid\u0142owa, by zawalczy\u0107 o interesuj\u0105ce nagrody. W przypadku wi\u0119kszej liczby prawid\u0142owych odpowiedzi, o kolejno\u015bci nagradzanych os\u00f3b b\u0119dzie decydowa\u0142 termin nadsy\u0142anych prawid\u0142owych odpowiedzi. Odpowiedzi wysy\u0142ajcie na adres poczty elektronicznej krystyna@kappa.pl<\/p>\n<p>&#8211; w tytule wpisuj\u0105c <strong>Konkurs przyrody.<\/strong><\/p>\n<p>Konkurs b\u0119dzie trwa\u0142 do 25 stycznia.2016 roku.<\/p>\n<p>Do wygrania\u00a0nagrody ksi\u0105\u017ckowe<\/p>\n<ol>\n<li><strong><em> Prezentowanym grzybem jest<\/em><\/strong>:<\/li>\n<\/ol>\n<p>a) \u017cagiew ok\u00f3\u0142kowa<\/p>\n<p>b) Armillaria mellea (\u0142ac.)<\/p>\n<p>c) zim\u00f3wka aksamitna<\/p>\n<p><a href=\"http:\/\/www.milosnicylasu.olsztyn.pl\/wp-content\/uploads\/2016\/01\/a-www.jpg\" rel=\"attachment wp-att-2458\" data-rel=\"lightbox-image-0\" data-magnific_type=\"image\" data-rl_title=\"\" data-rl_caption=\"\" title=\"\"><img loading=\"lazy\" decoding=\"async\" class=\"alignnone size-medium wp-image-2458\" src=\"http:\/\/www.milosnicylasu.olsztyn.pl\/wp-content\/uploads\/2016\/01\/a-www-300x225.jpg\" alt=\"a-www\" width=\"300\" height=\"225\" srcset=\"https:\/\/www.milosnicylasu.olsztyn.pl\/wp-content\/uploads\/2016\/01\/a-www-300x225.jpg 300w, https:\/\/www.milosnicylasu.olsztyn.pl\/wp-content\/uploads\/2016\/01\/a-www-768x576.jpg 768w, https:\/\/www.milosnicylasu.olsztyn.pl\/wp-content\/uploads\/2016\/01\/a-www.jpg 1024w, https:\/\/www.milosnicylasu.olsztyn.pl\/wp-content\/uploads\/2016\/01\/a-www-400x300.jpg 400w\" sizes=\"auto, (max-width: 300px) 100vw, 300px\" \/><\/a><\/p>\n<p>&nbsp;<\/p>\n<ol start=\"2\">\n<li><strong>Poprawna nazwa \u0142aci\u0144ska prezentowanego zwierza to:<\/strong><\/li>\n<\/ol>\n<p>a) Alces alces (\u0142ac.)<\/p>\n<p>b) Cervus elaphus (\u0142ac.)<\/p>\n<p>c) Dama dama (\u0142ac.)<\/p>\n<p>d) \u017cadna z odpowiedzi nie jest prawid\u0142owa<\/p>\n<p><a href=\"http:\/\/www.milosnicylasu.olsztyn.pl\/wp-content\/uploads\/2016\/01\/b-www.jpg\" rel=\"attachment wp-att-2459\" data-rel=\"lightbox-image-1\" data-magnific_type=\"image\" data-rl_title=\"\" data-rl_caption=\"\" title=\"\"><img loading=\"lazy\" decoding=\"async\" class=\"alignnone size-medium wp-image-2459\" src=\"http:\/\/www.milosnicylasu.olsztyn.pl\/wp-content\/uploads\/2016\/01\/b-www-300x225.jpg\" alt=\"b-www\" width=\"300\" height=\"225\" srcset=\"https:\/\/www.milosnicylasu.olsztyn.pl\/wp-content\/uploads\/2016\/01\/b-www-300x225.jpg 300w, https:\/\/www.milosnicylasu.olsztyn.pl\/wp-content\/uploads\/2016\/01\/b-www-768x576.jpg 768w, https:\/\/www.milosnicylasu.olsztyn.pl\/wp-content\/uploads\/2016\/01\/b-www.jpg 1024w, https:\/\/www.milosnicylasu.olsztyn.pl\/wp-content\/uploads\/2016\/01\/b-www-400x300.jpg 400w\" sizes=\"auto, (max-width: 300px) 100vw, 300px\" \/><\/a><\/p>\n<ol start=\"3\">\n<li><strong>Za\u0142\u0105czone zdj\u0119cie przedstawia :<\/strong><\/li>\n<\/ol>\n<p>a) si\u00f3dmaczek le\u015bny<\/p>\n<p>b) konwalia majowa<\/p>\n<p>c) konwalijka dwulistna<\/p>\n<p><a href=\"http:\/\/www.milosnicylasu.olsztyn.pl\/wp-content\/uploads\/2016\/01\/c-www.jpg\" rel=\"attachment wp-att-2460\" data-rel=\"lightbox-image-2\" data-magnific_type=\"image\" data-rl_title=\"\" data-rl_caption=\"\" title=\"\"><img loading=\"lazy\" decoding=\"async\" class=\"alignnone size-medium wp-image-2460\" src=\"http:\/\/www.milosnicylasu.olsztyn.pl\/wp-content\/uploads\/2016\/01\/c-www-300x225.jpg\" alt=\"c-www\" width=\"300\" height=\"225\" srcset=\"https:\/\/www.milosnicylasu.olsztyn.pl\/wp-content\/uploads\/2016\/01\/c-www-300x225.jpg 300w, https:\/\/www.milosnicylasu.olsztyn.pl\/wp-content\/uploads\/2016\/01\/c-www-768x576.jpg 768w, https:\/\/www.milosnicylasu.olsztyn.pl\/wp-content\/uploads\/2016\/01\/c-www.jpg 1024w, https:\/\/www.milosnicylasu.olsztyn.pl\/wp-content\/uploads\/2016\/01\/c-www-400x300.jpg 400w\" sizes=\"auto, (max-width: 300px) 100vw, 300px\" \/><\/a><\/p>\n<ol start=\"4\">\n<li><strong>Zaprezentowany obok gatunek: to\u00a0<\/strong><\/li>\n<\/ol>\n<p>a) pomr\u00f3w wielki<\/p>\n<p>b) Helix pomatia (\u0142ac.)<\/p>\n<p>c) padalec zwyczajny<\/p>\n<p><a href=\"http:\/\/www.milosnicylasu.olsztyn.pl\/wp-content\/uploads\/2016\/01\/d-www.jpg\" rel=\"attachment wp-att-2461\" data-rel=\"lightbox-image-3\" data-magnific_type=\"image\" data-rl_title=\"\" data-rl_caption=\"\" title=\"\"><img loading=\"lazy\" decoding=\"async\" class=\"alignnone size-medium wp-image-2461\" src=\"http:\/\/www.milosnicylasu.olsztyn.pl\/wp-content\/uploads\/2016\/01\/d-www-300x225.jpg\" alt=\"d-www\" width=\"300\" height=\"225\" srcset=\"https:\/\/www.milosnicylasu.olsztyn.pl\/wp-content\/uploads\/2016\/01\/d-www-300x225.jpg 300w, https:\/\/www.milosnicylasu.olsztyn.pl\/wp-content\/uploads\/2016\/01\/d-www-768x576.jpg 768w, https:\/\/www.milosnicylasu.olsztyn.pl\/wp-content\/uploads\/2016\/01\/d-www.jpg 1024w, https:\/\/www.milosnicylasu.olsztyn.pl\/wp-content\/uploads\/2016\/01\/d-www-400x300.jpg 400w\" sizes=\"auto, (max-width: 300px) 100vw, 300px\" \/><\/a><\/p>\n<p><strong>\u00a0<\/strong><\/p>\n<ol start=\"5\">\n<li><strong>Na zdj\u0119ciu wyeksponowano nast\u0119puj\u0105ce elementy:<\/strong><\/li>\n<\/ol>\n<p>a) kwiaty go\u017adzika cypryjskiego<\/p>\n<p>b) wiosenne p\u0105ki olszy czarnej<\/p>\n<p>c) kwiaty Corylus avellana (\u0142ac.)<\/p>\n<p>d) \u017cadna odpowied\u017a nie jest prawid\u0142owa<\/p>\n<p><a href=\"http:\/\/www.milosnicylasu.olsztyn.pl\/wp-content\/uploads\/2016\/01\/e-www.jpg\" rel=\"attachment wp-att-2462\" data-rel=\"lightbox-image-4\" data-magnific_type=\"image\" data-rl_title=\"\" data-rl_caption=\"\" title=\"\"><img loading=\"lazy\" decoding=\"async\" class=\"alignnone size-medium wp-image-2462\" src=\"http:\/\/www.milosnicylasu.olsztyn.pl\/wp-content\/uploads\/2016\/01\/e-www-300x250.jpg\" alt=\"e-www\" width=\"300\" height=\"250\" srcset=\"https:\/\/www.milosnicylasu.olsztyn.pl\/wp-content\/uploads\/2016\/01\/e-www-300x250.jpg 300w, https:\/\/www.milosnicylasu.olsztyn.pl\/wp-content\/uploads\/2016\/01\/e-www-768x640.jpg 768w, https:\/\/www.milosnicylasu.olsztyn.pl\/wp-content\/uploads\/2016\/01\/e-www-360x300.jpg 360w, https:\/\/www.milosnicylasu.olsztyn.pl\/wp-content\/uploads\/2016\/01\/e-www.jpg 921w\" sizes=\"auto, (max-width: 300px) 100vw, 300px\" \/><\/a><\/p>\n<ol start=\"6\">\n<li><strong>Okaz na zdj\u0119ciu to:<\/strong><\/li>\n<\/ol>\n<p>a) podgrzybek zaj\u0105czek<\/p>\n<p>b) Suillus variegatus (\u0142ac.)<\/p>\n<p>c) ma\u015blak sitarz<\/p>\n<p>d) Boletus edulis (\u0142ac.)<\/p>\n<p><a href=\"http:\/\/www.milosnicylasu.olsztyn.pl\/wp-content\/uploads\/2016\/01\/f-www.jpg\" rel=\"attachment wp-att-2464\" data-rel=\"lightbox-image-5\" data-magnific_type=\"image\" data-rl_title=\"\" data-rl_caption=\"\" title=\"\"><img loading=\"lazy\" decoding=\"async\" class=\"alignnone size-medium wp-image-2464\" src=\"http:\/\/www.milosnicylasu.olsztyn.pl\/wp-content\/uploads\/2016\/01\/f-www-300x225.jpg\" alt=\"f-www\" width=\"300\" height=\"225\" srcset=\"https:\/\/www.milosnicylasu.olsztyn.pl\/wp-content\/uploads\/2016\/01\/f-www-300x225.jpg 300w, https:\/\/www.milosnicylasu.olsztyn.pl\/wp-content\/uploads\/2016\/01\/f-www-768x576.jpg 768w, https:\/\/www.milosnicylasu.olsztyn.pl\/wp-content\/uploads\/2016\/01\/f-www.jpg 1024w, https:\/\/www.milosnicylasu.olsztyn.pl\/wp-content\/uploads\/2016\/01\/f-www-400x300.jpg 400w\" sizes=\"auto, (max-width: 300px) 100vw, 300px\" \/><\/a><\/p>\n<p><strong>7. Zdj\u0119cie \u00a0przedstawia:<\/strong><\/p>\n<p>a) Serpula lacrymans<\/p>\n<p>b) Stereum hirsutum lub Stereum subtomentosum (\u0142ac.)<\/p>\n<p>c) Inonotus obliguus (\u0142ac.)<\/p>\n<p>d) porost z gatunku Xanthoria parietina (\u0142ac.)<\/p>\n<p><a href=\"http:\/\/www.milosnicylasu.olsztyn.pl\/wp-content\/uploads\/2016\/01\/g-www.jpg\" rel=\"attachment wp-att-2465\" data-rel=\"lightbox-image-6\" data-magnific_type=\"image\" data-rl_title=\"\" data-rl_caption=\"\" title=\"\"><img loading=\"lazy\" decoding=\"async\" class=\"alignnone size-medium wp-image-2465\" src=\"http:\/\/www.milosnicylasu.olsztyn.pl\/wp-content\/uploads\/2016\/01\/g-www-300x225.jpg\" alt=\"g-www\" width=\"300\" height=\"225\" srcset=\"https:\/\/www.milosnicylasu.olsztyn.pl\/wp-content\/uploads\/2016\/01\/g-www-300x225.jpg 300w, https:\/\/www.milosnicylasu.olsztyn.pl\/wp-content\/uploads\/2016\/01\/g-www-768x576.jpg 768w, https:\/\/www.milosnicylasu.olsztyn.pl\/wp-content\/uploads\/2016\/01\/g-www.jpg 1024w, https:\/\/www.milosnicylasu.olsztyn.pl\/wp-content\/uploads\/2016\/01\/g-www-400x300.jpg 400w\" sizes=\"auto, (max-width: 300px) 100vw, 300px\" \/><\/a><\/p>\n<ol start=\"8\">\n<li><strong>Dziewczynka w koszyku trzyma zebrane:<\/strong><\/li>\n<\/ol>\n<p>a) podgrzybki<\/p>\n<p>b) borowiki<\/p>\n<p>c) rydze<\/p>\n<p>d) prezenty dla babci<\/p>\n<p><a href=\"http:\/\/www.milosnicylasu.olsztyn.pl\/wp-content\/uploads\/2016\/01\/h-www.jpg\" rel=\"attachment wp-att-2466\" data-rel=\"lightbox-image-7\" data-magnific_type=\"image\" data-rl_title=\"\" data-rl_caption=\"\" title=\"\"><img loading=\"lazy\" decoding=\"async\" class=\"alignnone size-medium wp-image-2466\" src=\"http:\/\/www.milosnicylasu.olsztyn.pl\/wp-content\/uploads\/2016\/01\/h-www-300x235.jpg\" alt=\"h-www\" width=\"300\" height=\"235\" srcset=\"https:\/\/www.milosnicylasu.olsztyn.pl\/wp-content\/uploads\/2016\/01\/h-www-300x235.jpg 300w, https:\/\/www.milosnicylasu.olsztyn.pl\/wp-content\/uploads\/2016\/01\/h-www-768x602.jpg 768w, https:\/\/www.milosnicylasu.olsztyn.pl\/wp-content\/uploads\/2016\/01\/h-www.jpg 1024w, https:\/\/www.milosnicylasu.olsztyn.pl\/wp-content\/uploads\/2016\/01\/h-www-383x300.jpg 383w\" sizes=\"auto, (max-width: 300px) 100vw, 300px\" \/><\/a><\/p>\n<p><strong>9. \u00a0Ten wiosenny gatunek to:<\/strong><\/p>\n<p>a) zawilec gajowy<\/p>\n<p>b) Anemone nemorosa (\u0142ac.)<\/p>\n<p>c) przedstawiciel rodziny jaskrowate<\/p>\n<p>d) wszystkie odpowiedzi s\u0105 prawid\u0142owe<\/p>\n<p><a href=\"http:\/\/www.milosnicylasu.olsztyn.pl\/wp-content\/uploads\/2016\/01\/i-www.jpg\" rel=\"attachment wp-att-2467\" data-rel=\"lightbox-image-8\" data-magnific_type=\"image\" data-rl_title=\"\" data-rl_caption=\"\" title=\"\"><img loading=\"lazy\" decoding=\"async\" class=\"alignnone size-medium wp-image-2467\" src=\"http:\/\/www.milosnicylasu.olsztyn.pl\/wp-content\/uploads\/2016\/01\/i-www-300x225.jpg\" alt=\"i-www\" width=\"300\" height=\"225\" srcset=\"https:\/\/www.milosnicylasu.olsztyn.pl\/wp-content\/uploads\/2016\/01\/i-www-300x225.jpg 300w, https:\/\/www.milosnicylasu.olsztyn.pl\/wp-content\/uploads\/2016\/01\/i-www-768x576.jpg 768w, https:\/\/www.milosnicylasu.olsztyn.pl\/wp-content\/uploads\/2016\/01\/i-www.jpg 1024w, https:\/\/www.milosnicylasu.olsztyn.pl\/wp-content\/uploads\/2016\/01\/i-www-400x300.jpg 400w\" sizes=\"auto, (max-width: 300px) 100vw, 300px\" \/><\/a><\/p>\n<ol start=\"10\">\n<li><strong>Kwitnie wiosn\u0105 na niebiesko i jest to:<\/strong><\/li>\n<\/ol>\n<p>a) cebulica syberyjska<\/p>\n<p>b) fio\u0142ek le\u015bny<\/p>\n<p>c) Hepatica nobilis (\u0142ac.)<\/p>\n<p>d) Centaurea cyanus (\u0142ac.)<\/p>\n<p><a href=\"http:\/\/www.milosnicylasu.olsztyn.pl\/wp-content\/uploads\/2016\/01\/j-www.jpg\" rel=\"attachment wp-att-2468\" data-rel=\"lightbox-image-9\" data-magnific_type=\"image\" data-rl_title=\"\" data-rl_caption=\"\" title=\"\"><img loading=\"lazy\" decoding=\"async\" class=\"alignnone size-medium wp-image-2468\" src=\"http:\/\/www.milosnicylasu.olsztyn.pl\/wp-content\/uploads\/2016\/01\/j-www-300x225.jpg\" alt=\"j-www\" width=\"300\" height=\"225\" srcset=\"https:\/\/www.milosnicylasu.olsztyn.pl\/wp-content\/uploads\/2016\/01\/j-www-300x225.jpg 300w, https:\/\/www.milosnicylasu.olsztyn.pl\/wp-content\/uploads\/2016\/01\/j-www-768x576.jpg 768w, https:\/\/www.milosnicylasu.olsztyn.pl\/wp-content\/uploads\/2016\/01\/j-www.jpg 1024w, https:\/\/www.milosnicylasu.olsztyn.pl\/wp-content\/uploads\/2016\/01\/j-www-400x300.jpg 400w\" sizes=\"auto, (max-width: 300px) 100vw, 300px\" \/><\/a><\/p>\n<p>&nbsp;<\/p>\n","protected":false},"excerpt":{"rendered":"<p>Nowy konkurs opracowany przez Adama Siemakowicza Co to jest? Fauna i flora Warmii i Mazur jest wyj\u0105tkowa bogata. Ka\u017cdy spacer w lesie to co\u015b nowego. Wystarczy przystan\u0105\u0107, zrobi\u0107 g\u0142\u0119boki wdech i powoli obejrze\u0107 si\u0119 doko\u0142a. Ujrzysz mikro\u015bwiat ro\u015blin i zwierz\u0105t. Czy jeste\u015b pewien co w\u0142a\u015bnie zobaczy\u0142e\u015b? Bywalcy poradz\u0105 sobie w kilka chwil, inni musz\u0105 znale\u017a\u0107 [&hellip;]<\/p>\n","protected":false},"author":2,"featured_media":0,"comment_status":"open","ping_status":"open","sticky":false,"template":"","format":"standard","meta":{"footnotes":""},"categories":[1,9,15,13],"tags":[],"class_list":["post-2457","post","type-post","status-publish","format-standard","hentry","category-bez-kategorii","category-ciekawostki","category-komkurs","category-konkursy"],"_links":{"self":[{"href":"https:\/\/www.milosnicylasu.olsztyn.pl\/index.php?rest_route=\/wp\/v2\/posts\/2457","targetHints":{"allow":["GET"]}}],"collection":[{"href":"https:\/\/www.milosnicylasu.olsztyn.pl\/index.php?rest_route=\/wp\/v2\/posts"}],"about":[{"href":"https:\/\/www.milosnicylasu.olsztyn.pl\/index.php?rest_route=\/wp\/v2\/types\/post"}],"author":[{"embeddable":true,"href":"https:\/\/www.milosnicylasu.olsztyn.pl\/index.php?rest_route=\/wp\/v2\/users\/2"}],"replies":[{"embeddable":true,"href":"https:\/\/www.milosnicylasu.olsztyn.pl\/index.php?rest_route=%2Fwp%2Fv2%2Fcomments&post=2457"}],"version-history":[{"count":5,"href":"https:\/\/www.milosnicylasu.olsztyn.pl\/index.php?rest_route=\/wp\/v2\/posts\/2457\/revisions"}],"predecessor-version":[{"id":2473,"href":"https:\/\/www.milosnicylasu.olsztyn.pl\/index.php?rest_route=\/wp\/v2\/posts\/2457\/revisions\/2473"}],"wp:attachment":[{"href":"https:\/\/www.milosnicylasu.olsztyn.pl\/index.php?rest_route=%2Fwp%2Fv2%2Fmedia&parent=2457"}],"wp:term":[{"taxonomy":"category","embeddable":true,"href":"https:\/\/www.milosnicylasu.olsztyn.pl\/index.php?rest_route=%2Fwp%2Fv2%2Fcategories&post=2457"},{"taxonomy":"post_tag","embeddable":true,"href":"https:\/\/www.milosnicylasu.olsztyn.pl\/index.php?rest_route=%2Fwp%2Fv2%2Ftags&post=2457"}],"curies":[{"name":"wp","href":"https:\/\/api.w.org\/{rel}","templated":true}]}}