{"id":2474,"date":"2016-01-14T07:30:24","date_gmt":"2016-01-14T06:30:24","guid":{"rendered":"http:\/\/www.milosnicylasu.olsztyn.pl\/?p=2474"},"modified":"2016-01-14T07:30:24","modified_gmt":"2016-01-14T06:30:24","slug":"zaproszenie-2","status":"publish","type":"post","link":"https:\/\/www.milosnicylasu.olsztyn.pl\/?p=2474","title":{"rendered":"Zaproszenie"},"content":{"rendered":"<p><strong>Mo\u017ce to by\u0107 propozycja dla tych cz\u0142onk\u00f3w Ko\u0142a, kt\u00f3rzy nie chodz\u0105 na rajdy<\/strong><\/p>\n<p>Centrum Edukacji i Inicjatyw Kulturalnych w Olsztynie zaprasza \u00a0<strong>16 stycznia o godzinie 11.00<\/strong> na otwarcie wystawy poplenerowej<\/p>\n<p><strong>Rozstania i Powroty\u00a0\u00a0<\/strong><\/p>\n<p>Malarstwo, rysunek, tkanina<\/p>\n<p>uczestnik\u00f3w pleneru w Go\u0142dapi oraz grupy plastycznej z pracowni CEiIK-u<\/p>\n<p>Swoje prace wystawia 30 autor\u00f3w, kt\u00f3rzy stosuj\u0105 r\u00f3\u017cn\u0105 technik\u0119, maj\u0105 r\u00f3\u017cn\u0105 wra\u017cliwo\u015b\u0107. Mo\u017ce by\u0107 ciekawie&#8230; Zapraszam Krystyna Leszczy\u0144ska<\/p>\n<p>&nbsp;<\/p>\n<p>&nbsp;<\/p>\n","protected":false},"excerpt":{"rendered":"<p>Mo\u017ce to by\u0107 propozycja dla tych cz\u0142onk\u00f3w Ko\u0142a, kt\u00f3rzy nie chodz\u0105 na rajdy Centrum Edukacji i Inicjatyw Kulturalnych w Olsztynie zaprasza \u00a016 stycznia o godzinie 11.00 na otwarcie wystawy poplenerowej Rozstania i Powroty\u00a0\u00a0 Malarstwo, rysunek, tkanina uczestnik\u00f3w pleneru w Go\u0142dapi oraz grupy plastycznej z pracowni CEiIK-u Swoje prace wystawia 30 autor\u00f3w, kt\u00f3rzy stosuj\u0105 r\u00f3\u017cn\u0105 technik\u0119, [&hellip;]<\/p>\n","protected":false},"author":2,"featured_media":0,"comment_status":"open","ping_status":"open","sticky":false,"template":"","format":"standard","meta":{"footnotes":""},"categories":[1,9,4],"tags":[],"class_list":["post-2474","post","type-post","status-publish","format-standard","hentry","category-bez-kategorii","category-ciekawostki","category-wystawy"],"_links":{"self":[{"href":"https:\/\/www.milosnicylasu.olsztyn.pl\/index.php?rest_route=\/wp\/v2\/posts\/2474","targetHints":{"allow":["GET"]}}],"collection":[{"href":"https:\/\/www.milosnicylasu.olsztyn.pl\/index.php?rest_route=\/wp\/v2\/posts"}],"about":[{"href":"https:\/\/www.milosnicylasu.olsztyn.pl\/index.php?rest_route=\/wp\/v2\/types\/post"}],"author":[{"embeddable":true,"href":"https:\/\/www.milosnicylasu.olsztyn.pl\/index.php?rest_route=\/wp\/v2\/users\/2"}],"replies":[{"embeddable":true,"href":"https:\/\/www.milosnicylasu.olsztyn.pl\/index.php?rest_route=%2Fwp%2Fv2%2Fcomments&post=2474"}],"version-history":[{"count":1,"href":"https:\/\/www.milosnicylasu.olsztyn.pl\/index.php?rest_route=\/wp\/v2\/posts\/2474\/revisions"}],"predecessor-version":[{"id":2475,"href":"https:\/\/www.milosnicylasu.olsztyn.pl\/index.php?rest_route=\/wp\/v2\/posts\/2474\/revisions\/2475"}],"wp:attachment":[{"href":"https:\/\/www.milosnicylasu.olsztyn.pl\/index.php?rest_route=%2Fwp%2Fv2%2Fmedia&parent=2474"}],"wp:term":[{"taxonomy":"category","embeddable":true,"href":"https:\/\/www.milosnicylasu.olsztyn.pl\/index.php?rest_route=%2Fwp%2Fv2%2Fcategories&post=2474"},{"taxonomy":"post_tag","embeddable":true,"href":"https:\/\/www.milosnicylasu.olsztyn.pl\/index.php?rest_route=%2Fwp%2Fv2%2Ftags&post=2474"}],"curies":[{"name":"wp","href":"https:\/\/api.w.org\/{rel}","templated":true}]}}