{"id":249,"date":"2013-04-22T08:14:22","date_gmt":"2013-04-22T06:14:22","guid":{"rendered":"http:\/\/www.milosnicylasu.olsztyn.pl\/?p=249"},"modified":"2013-04-24T06:54:47","modified_gmt":"2013-04-24T04:54:47","slug":"koscioly-palace-dwory-dworki-warmii-i-mazur","status":"publish","type":"post","link":"https:\/\/www.milosnicylasu.olsztyn.pl\/?p=249","title":{"rendered":"Ko\u015bcio\u0142y, pa\u0142ace, dwory, dworki Warmii i Mazur"},"content":{"rendered":"<p><a href=\"http:\/\/www.milosnicylasu.olsztyn.pl\/wp-content\/uploads\/2013\/04\/P4200127-www.jpg\" data-rel=\"lightbox-image-0\" data-magnific_type=\"image\" data-rl_title=\"\" data-rl_caption=\"\" title=\"\"><img loading=\"lazy\" decoding=\"async\" class=\"alignleft size-medium wp-image-260\" alt=\"P4200127-www\" src=\"http:\/\/www.milosnicylasu.olsztyn.pl\/wp-content\/uploads\/2013\/04\/P4200127-www-300x168.jpg\" width=\"300\" height=\"168\" srcset=\"https:\/\/www.milosnicylasu.olsztyn.pl\/wp-content\/uploads\/2013\/04\/P4200127-www-300x168.jpg 300w, https:\/\/www.milosnicylasu.olsztyn.pl\/wp-content\/uploads\/2013\/04\/P4200127-www-500x281.jpg 500w, https:\/\/www.milosnicylasu.olsztyn.pl\/wp-content\/uploads\/2013\/04\/P4200127-www.jpg 1024w\" sizes=\"auto, (max-width: 300px) 100vw, 300px\" \/><\/a>20 kwietnia 56 os\u00f3b z Ko\u0142a Mi\u0142o\u015bnik\u00f3w Lasu i Militari\u00f3w LOK przy ATW w Olsztynie odwiedzi\u0142o kolejne zabytki historyczne Warmii i Mazur. Na pocz\u0105tku wycieczki, zapalili\u015bmy znicze w Sudwie, gdzie w czasie II wojny \u015bwiatowej by\u0142 ob\u00f3z jeniecki.<\/p>\n<p><a href=\"http:\/\/www.milosnicylasu.olsztyn.pl\/wp-content\/uploads\/2013\/04\/P4200140-www.jpg\" data-rel=\"lightbox-image-1\" data-magnific_type=\"image\" data-rl_title=\"\" data-rl_caption=\"\" title=\"\"><img loading=\"lazy\" decoding=\"async\" class=\"size-medium wp-image-262 alignright\" alt=\"P4200140 -www\" src=\"http:\/\/www.milosnicylasu.olsztyn.pl\/wp-content\/uploads\/2013\/04\/P4200140-www-300x168.jpg\" width=\"300\" height=\"168\" srcset=\"https:\/\/www.milosnicylasu.olsztyn.pl\/wp-content\/uploads\/2013\/04\/P4200140-www-300x168.jpg 300w, https:\/\/www.milosnicylasu.olsztyn.pl\/wp-content\/uploads\/2013\/04\/P4200140-www-500x281.jpg 500w, https:\/\/www.milosnicylasu.olsztyn.pl\/wp-content\/uploads\/2013\/04\/P4200140-www.jpg 1024w\" sizes=\"auto, (max-width: 300px) 100vw, 300px\" \/><\/a>W Rychnowie, zobaczyli\u015bmy prawdziw\u0105 pere\u0142k\u0119 &#8211; ko\u015bci\u00f3\u0142 zbudowany w latach 1714-1718, w o\u0142tarzu kt\u00f3rego jest pi\u0119kny tryptyk, pochodz\u0105cy z 1517r., drewnian\u0105 dzwonnic\u0119 z pocz\u0105tku XVIII i o 100 lat starsz\u0105 kostnic\u0119, park i dw\u00f3r &#8211; siedzib\u0119 si\u00f3str Terezjanek. Po zabytkach w Rychnowie oprowadza\u0142 i pi\u0119knie opowiada\u0142\u00a0 ks. Krzysztof Niespodzia\u0144ski, kt\u00f3rego wielk\u0105 pasj\u0105 jest malarstwo.<\/p>\n<p><a href=\"http:\/\/www.milosnicylasu.olsztyn.pl\/wp-content\/uploads\/2013\/04\/P4200198-www.jpg\" data-rel=\"lightbox-image-2\" data-magnific_type=\"image\" data-rl_title=\"\" data-rl_caption=\"\" title=\"\"><img loading=\"lazy\" decoding=\"async\" class=\"alignleft size-medium wp-image-264\" alt=\"P4200198-www\" src=\"http:\/\/www.milosnicylasu.olsztyn.pl\/wp-content\/uploads\/2013\/04\/P4200198-www-300x168.jpg\" width=\"300\" height=\"168\" srcset=\"https:\/\/www.milosnicylasu.olsztyn.pl\/wp-content\/uploads\/2013\/04\/P4200198-www-300x168.jpg 300w, https:\/\/www.milosnicylasu.olsztyn.pl\/wp-content\/uploads\/2013\/04\/P4200198-www-500x281.jpg 500w, https:\/\/www.milosnicylasu.olsztyn.pl\/wp-content\/uploads\/2013\/04\/P4200198-www.jpg 1024w\" sizes=\"auto, (max-width: 300px) 100vw, 300px\" \/><\/a>W Gierzwa\u0142dzie przeszli\u015bmy parkiem, obok wyremontowanego, dobrze zachowanego dworu z XIX w, gorzelni. W parku zachowa\u0142 si\u0119 cmentarz rodowy w\u0142a\u015bcicieli maj\u0105tku, obsadzony stuletnimi bukami.<\/p>\n<p>&nbsp;<\/p>\n<p>Niew\u0105tpliw\u0105 atrakcj\u0105 dla cz\u0119\u015bci os\u00f3b by\u0142 g\u0142az narzutowy, kt\u00f3ry widzieli\u015bmy w drodze do Szyldaka, gdzie znajduje si\u0119 zesp\u00f3\u0142 dworsko-parkowy, kt\u00f3rego historia si\u0119ga XVI wieku, a obecny kszta\u0142t pochodzi z XIX w. <a href=\"http:\/\/www.milosnicylasu.olsztyn.pl\/wp-content\/uploads\/2013\/04\/P4200215-www.jpg\" data-rel=\"lightbox-image-3\" data-magnific_type=\"image\" data-rl_title=\"\" data-rl_caption=\"\" title=\"\"><img loading=\"lazy\" decoding=\"async\" class=\"alignleft size-medium wp-image-268\" alt=\"P4200215-www\" src=\"http:\/\/www.milosnicylasu.olsztyn.pl\/wp-content\/uploads\/2013\/04\/P4200215-www-300x168.jpg\" width=\"300\" height=\"168\" srcset=\"https:\/\/www.milosnicylasu.olsztyn.pl\/wp-content\/uploads\/2013\/04\/P4200215-www-300x168.jpg 300w, https:\/\/www.milosnicylasu.olsztyn.pl\/wp-content\/uploads\/2013\/04\/P4200215-www-500x281.jpg 500w, https:\/\/www.milosnicylasu.olsztyn.pl\/wp-content\/uploads\/2013\/04\/P4200215-www.jpg 1024w\" sizes=\"auto, (max-width: 300px) 100vw, 300px\" \/><\/a><\/p>\n<p>&nbsp;<\/p>\n<p><a href=\"http:\/\/www.milosnicylasu.olsztyn.pl\/wp-content\/uploads\/2013\/04\/P4200204-www.jpg\" data-rel=\"lightbox-image-4\" data-magnific_type=\"image\" data-rl_title=\"\" data-rl_caption=\"\" title=\"\"><img loading=\"lazy\" decoding=\"async\" class=\"size-medium wp-image-297 alignright\" alt=\"P4200204-www\" src=\"http:\/\/www.milosnicylasu.olsztyn.pl\/wp-content\/uploads\/2013\/04\/P4200204-www-300x168.jpg\" width=\"300\" height=\"168\" srcset=\"https:\/\/www.milosnicylasu.olsztyn.pl\/wp-content\/uploads\/2013\/04\/P4200204-www-300x168.jpg 300w, https:\/\/www.milosnicylasu.olsztyn.pl\/wp-content\/uploads\/2013\/04\/P4200204-www-500x281.jpg 500w, https:\/\/www.milosnicylasu.olsztyn.pl\/wp-content\/uploads\/2013\/04\/P4200204-www.jpg 1024w\" sizes=\"auto, (max-width: 300px) 100vw, 300px\" \/><\/a><\/p>\n<p>&nbsp;<\/p>\n<p>&nbsp;<\/p>\n<p>Pe\u0142ni wra\u017ce\u0144, odpocz\u0119li\u015bmy w urokliwej\u00a0 restauracji Austerii.<\/p>\n<p>&nbsp;<\/p>\n<p><a href=\"http:\/\/www.milosnicylasu.olsztyn.pl\/wp-content\/uploads\/2013\/04\/P4200307-www.jpg\" data-rel=\"lightbox-image-5\" data-magnific_type=\"image\" data-rl_title=\"\" data-rl_caption=\"\" title=\"\"><img loading=\"lazy\" decoding=\"async\" class=\"size-medium wp-image-271 alignright\" alt=\"P4200307- www\" src=\"http:\/\/www.milosnicylasu.olsztyn.pl\/wp-content\/uploads\/2013\/04\/P4200307-www-300x168.jpg\" width=\"300\" height=\"168\" srcset=\"https:\/\/www.milosnicylasu.olsztyn.pl\/wp-content\/uploads\/2013\/04\/P4200307-www-300x168.jpg 300w, https:\/\/www.milosnicylasu.olsztyn.pl\/wp-content\/uploads\/2013\/04\/P4200307-www-500x281.jpg 500w, https:\/\/www.milosnicylasu.olsztyn.pl\/wp-content\/uploads\/2013\/04\/P4200307-www.jpg 1024w\" sizes=\"auto, (max-width: 300px) 100vw, 300px\" \/><\/a><\/p>\n<p>&nbsp;<\/p>\n<p>W Kraplewie, wsi za\u0142o\u017conej w XIV wieku zwiedzili\u015bmy dw\u00f3r i ko\u015bci\u00f3\u0142. W dworze, pi\u0119knie odrestaurowanym, mie\u015bci si\u0119 aktualnie hotel. Podziwiali\u015bmy dw\u00f3r i\u00a0 otaczaj\u0105cy park, w kt\u00f3rym kwit\u0142y pierwsze wiosenne kwiaty &#8211; krokusy a nast\u0119pnie przeszli\u015bmy do ko\u015bcio\u0142a, kt\u00f3ry jest unikatowym zabytkiem budownictwa sakralnego na Mazurach &#8211; budynek o konstrukcji szachulcowej z XIX w.<\/p>\n<p>Inne obiekty, kt\u00f3re obejrzeli\u015bmy na trasie naszej wycieczki to: dw\u00f3r neoklasycystyczny z 1897r. w Lichtajnach, dw\u00f3r w Grabinku z drugiej po\u0142owy XIXw., zesp\u00f3\u0142 pa\u0142acowo-parkowy\u00a0 w Grabinie. Pa\u0142ac wzniesiony w 1879r. w stylu p\u00f3\u017anoklasycystycznym, niepor\u00f3wnywalny z \u017cadn\u0105 budowl\u0105 tego typu na obszarze dawnych Prus Wschodnich.<\/p>\n<p>Organizatorem i przewodnikiem wycieczki by\u0142 Anatol Leszczy\u0144ski, kt\u00f3remu pomaga\u0142y Basia Bruzgo i Helenka Fiedoruk. Dzi\u0119kujemy i czekamy na nast\u0119pne imprezy, na kt\u00f3rych poznajemy histori\u0119 i zabytki Warmii i Mazur.<\/p>\n<p>Zapraszamy do obejrzenia zdj\u0119\u0107 w <a title=\"Ko\u015bcio\u0142y, pa\u0142ace, dwory...\" href=\"https:\/\/picasaweb.google.com\/112488134874935143308\/WycieczkaDn20042013r?authuser=0&amp;feat=directlink\" target=\"_blank\">fotogalerii z wycieczki<\/a><\/p>\n<p>&nbsp;<\/p>\n","protected":false},"excerpt":{"rendered":"<p>20 kwietnia 56 os\u00f3b z Ko\u0142a Mi\u0142o\u015bnik\u00f3w Lasu i Militari\u00f3w LOK przy ATW w Olsztynie odwiedzi\u0142o kolejne zabytki historyczne Warmii i Mazur. Na pocz\u0105tku wycieczki, zapalili\u015bmy znicze w Sudwie, gdzie w czasie II wojny \u015bwiatowej by\u0142 ob\u00f3z jeniecki. W Rychnowie, zobaczyli\u015bmy prawdziw\u0105 pere\u0142k\u0119 &#8211; ko\u015bci\u00f3\u0142 zbudowany w latach 1714-1718, w o\u0142tarzu kt\u00f3rego jest pi\u0119kny tryptyk, [&hellip;]<\/p>\n","protected":false},"author":1,"featured_media":0,"comment_status":"open","ping_status":"open","sticky":false,"template":"","format":"standard","meta":{"footnotes":""},"categories":[1,5],"tags":[],"class_list":["post-249","post","type-post","status-publish","format-standard","hentry","category-bez-kategorii","category-wycieczki"],"_links":{"self":[{"href":"https:\/\/www.milosnicylasu.olsztyn.pl\/index.php?rest_route=\/wp\/v2\/posts\/249","targetHints":{"allow":["GET"]}}],"collection":[{"href":"https:\/\/www.milosnicylasu.olsztyn.pl\/index.php?rest_route=\/wp\/v2\/posts"}],"about":[{"href":"https:\/\/www.milosnicylasu.olsztyn.pl\/index.php?rest_route=\/wp\/v2\/types\/post"}],"author":[{"embeddable":true,"href":"https:\/\/www.milosnicylasu.olsztyn.pl\/index.php?rest_route=\/wp\/v2\/users\/1"}],"replies":[{"embeddable":true,"href":"https:\/\/www.milosnicylasu.olsztyn.pl\/index.php?rest_route=%2Fwp%2Fv2%2Fcomments&post=249"}],"version-history":[{"count":13,"href":"https:\/\/www.milosnicylasu.olsztyn.pl\/index.php?rest_route=\/wp\/v2\/posts\/249\/revisions"}],"predecessor-version":[{"id":254,"href":"https:\/\/www.milosnicylasu.olsztyn.pl\/index.php?rest_route=\/wp\/v2\/posts\/249\/revisions\/254"}],"wp:attachment":[{"href":"https:\/\/www.milosnicylasu.olsztyn.pl\/index.php?rest_route=%2Fwp%2Fv2%2Fmedia&parent=249"}],"wp:term":[{"taxonomy":"category","embeddable":true,"href":"https:\/\/www.milosnicylasu.olsztyn.pl\/index.php?rest_route=%2Fwp%2Fv2%2Fcategories&post=249"},{"taxonomy":"post_tag","embeddable":true,"href":"https:\/\/www.milosnicylasu.olsztyn.pl\/index.php?rest_route=%2Fwp%2Fv2%2Ftags&post=249"}],"curies":[{"name":"wp","href":"https:\/\/api.w.org\/{rel}","templated":true}]}}