{"id":2490,"date":"2016-01-28T19:51:17","date_gmt":"2016-01-28T18:51:17","guid":{"rendered":"http:\/\/www.milosnicylasu.olsztyn.pl\/?p=2490"},"modified":"2016-01-28T20:08:59","modified_gmt":"2016-01-28T19:08:59","slug":"zapraszamy-na-nowosci-w-planie-pracy","status":"publish","type":"post","link":"https:\/\/www.milosnicylasu.olsztyn.pl\/?p=2490","title":{"rendered":"Zapraszamy na nowo\u015bci w planie pracy"},"content":{"rendered":"<p>Zapraszamy na sobotni spacer, w trakcie kt\u00f3rego \u00a0przeprowadzony\u00a0b\u0119dzie konkurs \u00a0wiedzy historycznej o\u00a0Olsztynku, Mauzoleum Hidenburga, obozie jenieckim Stalag IB Hohenstein.<\/p>\n<p style=\"text-align: left;\">Zapraszamy r\u00f3wnie\u017c \u00a0na wycieczk\u0119 &#8222;Szlakiem zamk\u00f3w gotyckich&#8221;, kt\u00f3ra odb\u0119dzie si\u0119 27 lutego br. Tym razem odwiedzimy zamek krzy\u017cacki z XIV wieku i katedr\u0119 \u015bw, Jana\u00a0Ewangelisty\u00a0w Kwidzynie\u00a0z krypt\u0105 trzech wielkich mistrz\u00f3w zakonu krzy\u017cackiego. To jedyne na \u015bwiecie miejsce poch\u00f3wku najwy\u017cszych krzy\u017cackich dostojnik\u00f3w<\/p>\n<p style=\"text-align: left;\">.<a href=\"http:\/\/www.milosnicylasu.olsztyn.pl\/wp-content\/uploads\/2016\/01\/DSCN4849-www.jpg\" rel=\"attachment wp-att-2493\" data-rel=\"lightbox-image-0\" data-magnific_type=\"image\" data-rl_title=\"\" data-rl_caption=\"\" title=\"\"><img loading=\"lazy\" decoding=\"async\" class=\"alignnone size-medium wp-image-2493\" src=\"http:\/\/www.milosnicylasu.olsztyn.pl\/wp-content\/uploads\/2016\/01\/DSCN4849-www-300x225.jpg\" alt=\"DSCN4849-www\" width=\"300\" height=\"225\" srcset=\"https:\/\/www.milosnicylasu.olsztyn.pl\/wp-content\/uploads\/2016\/01\/DSCN4849-www-300x225.jpg 300w, https:\/\/www.milosnicylasu.olsztyn.pl\/wp-content\/uploads\/2016\/01\/DSCN4849-www-768x576.jpg 768w, https:\/\/www.milosnicylasu.olsztyn.pl\/wp-content\/uploads\/2016\/01\/DSCN4849-www.jpg 1024w, https:\/\/www.milosnicylasu.olsztyn.pl\/wp-content\/uploads\/2016\/01\/DSCN4849-www-400x300.jpg 400w\" sizes=\"auto, (max-width: 300px) 100vw, 300px\" \/><\/a><\/p>\n<p style=\"text-align: left;\">Zapisy i odp\u0142atno\u015b\u0107 w wysoko\u015bci 50 z\u0142, b\u0119d\u0105 przyjmowane podczas zebrania.4.02.2016.<\/p>\n","protected":false},"excerpt":{"rendered":"<p>Zapraszamy na sobotni spacer, w trakcie kt\u00f3rego \u00a0przeprowadzony\u00a0b\u0119dzie konkurs \u00a0wiedzy historycznej o\u00a0Olsztynku, Mauzoleum Hidenburga, obozie jenieckim Stalag IB Hohenstein. Zapraszamy r\u00f3wnie\u017c \u00a0na wycieczk\u0119 &#8222;Szlakiem zamk\u00f3w gotyckich&#8221;, kt\u00f3ra odb\u0119dzie si\u0119 27 lutego br. Tym razem odwiedzimy zamek krzy\u017cacki z XIV wieku i katedr\u0119 \u015bw, Jana\u00a0Ewangelisty\u00a0w Kwidzynie\u00a0z krypt\u0105 trzech wielkich mistrz\u00f3w zakonu krzy\u017cackiego. To jedyne na \u015bwiecie [&hellip;]<\/p>\n","protected":false},"author":2,"featured_media":0,"comment_status":"open","ping_status":"open","sticky":false,"template":"","format":"standard","meta":{"footnotes":""},"categories":[1,9,15,3],"tags":[],"class_list":["post-2490","post","type-post","status-publish","format-standard","hentry","category-bez-kategorii","category-ciekawostki","category-komkurs","category-zebrania"],"_links":{"self":[{"href":"https:\/\/www.milosnicylasu.olsztyn.pl\/index.php?rest_route=\/wp\/v2\/posts\/2490","targetHints":{"allow":["GET"]}}],"collection":[{"href":"https:\/\/www.milosnicylasu.olsztyn.pl\/index.php?rest_route=\/wp\/v2\/posts"}],"about":[{"href":"https:\/\/www.milosnicylasu.olsztyn.pl\/index.php?rest_route=\/wp\/v2\/types\/post"}],"author":[{"embeddable":true,"href":"https:\/\/www.milosnicylasu.olsztyn.pl\/index.php?rest_route=\/wp\/v2\/users\/2"}],"replies":[{"embeddable":true,"href":"https:\/\/www.milosnicylasu.olsztyn.pl\/index.php?rest_route=%2Fwp%2Fv2%2Fcomments&post=2490"}],"version-history":[{"count":4,"href":"https:\/\/www.milosnicylasu.olsztyn.pl\/index.php?rest_route=\/wp\/v2\/posts\/2490\/revisions"}],"predecessor-version":[{"id":2496,"href":"https:\/\/www.milosnicylasu.olsztyn.pl\/index.php?rest_route=\/wp\/v2\/posts\/2490\/revisions\/2496"}],"wp:attachment":[{"href":"https:\/\/www.milosnicylasu.olsztyn.pl\/index.php?rest_route=%2Fwp%2Fv2%2Fmedia&parent=2490"}],"wp:term":[{"taxonomy":"category","embeddable":true,"href":"https:\/\/www.milosnicylasu.olsztyn.pl\/index.php?rest_route=%2Fwp%2Fv2%2Fcategories&post=2490"},{"taxonomy":"post_tag","embeddable":true,"href":"https:\/\/www.milosnicylasu.olsztyn.pl\/index.php?rest_route=%2Fwp%2Fv2%2Ftags&post=2490"}],"curies":[{"name":"wp","href":"https:\/\/api.w.org\/{rel}","templated":true}]}}