{"id":2497,"date":"2016-01-29T06:28:37","date_gmt":"2016-01-29T05:28:37","guid":{"rendered":"http:\/\/www.milosnicylasu.olsztyn.pl\/?p=2497"},"modified":"2016-01-29T06:28:37","modified_gmt":"2016-01-29T05:28:37","slug":"czapla-siwa","status":"publish","type":"post","link":"https:\/\/www.milosnicylasu.olsztyn.pl\/?p=2497","title":{"rendered":"Czapla siwa"},"content":{"rendered":"<p><strong>Czaple siwe zimuj\u0105ce nad rzek\u0105 Wad\u0105g.<\/strong><\/p>\n<p><strong> Czapla siwa<\/strong> (<em>Ardea cinerea<\/em>), gatunek z rodziny czapli, o d\u0142ugo\u015bci cia\u0142a ok. 90 cm. i rozpi\u0119to\u015bci skrzyde\u0142 od 160\u2013170 cm; ci\u0119\u017car cia\u0142a do 2 kg. Charakteryzuje si\u0119 upierzeniem popielatoszarym, z bia\u0142\u0105 g\u0142ow\u0105 z ciemnym pasem nad okiem i ciemnym czubkiem z ty\u0142u g\u0142owy. Dzi\u00f3b i nogi \u017c\u00f3\u0142tawo-czarne.<a href=\"http:\/\/www.milosnicylasu.olsztyn.pl\/wp-content\/uploads\/2016\/01\/DSCN5385-www.jpg\" rel=\"attachment wp-att-2498\" data-rel=\"lightbox-image-0\" data-magnific_type=\"image\" data-rl_title=\"\" data-rl_caption=\"\" title=\"\"><img loading=\"lazy\" decoding=\"async\" class=\"size-medium wp-image-2498 alignleft\" src=\"http:\/\/www.milosnicylasu.olsztyn.pl\/wp-content\/uploads\/2016\/01\/DSCN5385-www-300x225.jpg\" alt=\"DSCN5385-www\" width=\"300\" height=\"225\" srcset=\"https:\/\/www.milosnicylasu.olsztyn.pl\/wp-content\/uploads\/2016\/01\/DSCN5385-www-300x225.jpg 300w, https:\/\/www.milosnicylasu.olsztyn.pl\/wp-content\/uploads\/2016\/01\/DSCN5385-www-768x576.jpg 768w, https:\/\/www.milosnicylasu.olsztyn.pl\/wp-content\/uploads\/2016\/01\/DSCN5385-www.jpg 1024w, https:\/\/www.milosnicylasu.olsztyn.pl\/wp-content\/uploads\/2016\/01\/DSCN5385-www-400x300.jpg 400w\" sizes=\"auto, (max-width: 300px) 100vw, 300px\" \/><\/a><\/p>\n<p>\u017beruje najch\u0119tniej w p\u0142ytkich partiach zbiornik\u00f3w wodnych i rzek, \u017cywi\u0105c si\u0119 rybami, a tak\u017ce p\u0142azami, gadami, drobnymi ssakami i wi\u0119kszymi owadami. Najcz\u0119\u015bciej gnie\u017adzi si\u0119 kolonijnie na wysokich drzewach w pobli\u017cu w\u00f3d; wyprowadza jeden l\u0119g w roku, sk\u0142adaj\u0105c 2\u20135 niebieskozielonych jaj, kt\u00f3re wysiaduje 26 dni. M\u0142ode, kt\u00f3re s\u0105 rzekomymi gniazdownikami uzyskuj\u0105 samodzielno\u015b\u0107 po 50 dniach.<a href=\"http:\/\/www.milosnicylasu.olsztyn.pl\/wp-content\/uploads\/2016\/01\/DSCN5386-www.jpg\" rel=\"attachment wp-att-2499\" data-rel=\"lightbox-image-1\" data-magnific_type=\"image\" data-rl_title=\"\" data-rl_caption=\"\" title=\"\"><img loading=\"lazy\" decoding=\"async\" class=\"size-medium wp-image-2499 alignright\" src=\"http:\/\/www.milosnicylasu.olsztyn.pl\/wp-content\/uploads\/2016\/01\/DSCN5386-www-300x225.jpg\" alt=\"DSCN5386-www\" width=\"300\" height=\"225\" srcset=\"https:\/\/www.milosnicylasu.olsztyn.pl\/wp-content\/uploads\/2016\/01\/DSCN5386-www-300x225.jpg 300w, https:\/\/www.milosnicylasu.olsztyn.pl\/wp-content\/uploads\/2016\/01\/DSCN5386-www-768x576.jpg 768w, https:\/\/www.milosnicylasu.olsztyn.pl\/wp-content\/uploads\/2016\/01\/DSCN5386-www.jpg 1024w, https:\/\/www.milosnicylasu.olsztyn.pl\/wp-content\/uploads\/2016\/01\/DSCN5386-www-400x300.jpg 400w\" sizes=\"auto, (max-width: 300px) 100vw, 300px\" \/><\/a><\/p>\n<p>Czapla siwa wyst\u0119puje w Europie, w \u015brodkowej i po\u0142udniowo-wschodniej Azji i w Afryce. W Polsce wyst\u0119puje nielicznie na nizinach, liczniej w strefie pojezierzy; og\u00f3\u0142em krajowa populacja liczy ok. 8 tys. par l\u0119gowych. Przylatuje w marcu, za\u015b odlatuje w listopadzie;<strong> cz\u0119\u015b\u0107 ptak\u00f3w pozostaje na zim\u0119.<\/strong> Jest ptakiem \u0142ownym, podlegaj\u0105cym ochronie okresowej (1 marca \u2013 14 sierpnia; nie dotyczy staw\u00f3w hodowlanych).<\/p>\n<p>&nbsp;<\/p>\n","protected":false},"excerpt":{"rendered":"<p>Czaple siwe zimuj\u0105ce nad rzek\u0105 Wad\u0105g. Czapla siwa (Ardea cinerea), gatunek z rodziny czapli, o d\u0142ugo\u015bci cia\u0142a ok. 90 cm. i rozpi\u0119to\u015bci skrzyde\u0142 od 160\u2013170 cm; ci\u0119\u017car cia\u0142a do 2 kg. Charakteryzuje si\u0119 upierzeniem popielatoszarym, z bia\u0142\u0105 g\u0142ow\u0105 z ciemnym pasem nad okiem i ciemnym czubkiem z ty\u0142u g\u0142owy. Dzi\u00f3b i nogi \u017c\u00f3\u0142tawo-czarne. \u017beruje najch\u0119tniej [&hellip;]<\/p>\n","protected":false},"author":2,"featured_media":0,"comment_status":"open","ping_status":"open","sticky":false,"template":"","format":"standard","meta":{"footnotes":""},"categories":[1,9],"tags":[],"class_list":["post-2497","post","type-post","status-publish","format-standard","hentry","category-bez-kategorii","category-ciekawostki"],"_links":{"self":[{"href":"https:\/\/www.milosnicylasu.olsztyn.pl\/index.php?rest_route=\/wp\/v2\/posts\/2497","targetHints":{"allow":["GET"]}}],"collection":[{"href":"https:\/\/www.milosnicylasu.olsztyn.pl\/index.php?rest_route=\/wp\/v2\/posts"}],"about":[{"href":"https:\/\/www.milosnicylasu.olsztyn.pl\/index.php?rest_route=\/wp\/v2\/types\/post"}],"author":[{"embeddable":true,"href":"https:\/\/www.milosnicylasu.olsztyn.pl\/index.php?rest_route=\/wp\/v2\/users\/2"}],"replies":[{"embeddable":true,"href":"https:\/\/www.milosnicylasu.olsztyn.pl\/index.php?rest_route=%2Fwp%2Fv2%2Fcomments&post=2497"}],"version-history":[{"count":1,"href":"https:\/\/www.milosnicylasu.olsztyn.pl\/index.php?rest_route=\/wp\/v2\/posts\/2497\/revisions"}],"predecessor-version":[{"id":2500,"href":"https:\/\/www.milosnicylasu.olsztyn.pl\/index.php?rest_route=\/wp\/v2\/posts\/2497\/revisions\/2500"}],"wp:attachment":[{"href":"https:\/\/www.milosnicylasu.olsztyn.pl\/index.php?rest_route=%2Fwp%2Fv2%2Fmedia&parent=2497"}],"wp:term":[{"taxonomy":"category","embeddable":true,"href":"https:\/\/www.milosnicylasu.olsztyn.pl\/index.php?rest_route=%2Fwp%2Fv2%2Fcategories&post=2497"},{"taxonomy":"post_tag","embeddable":true,"href":"https:\/\/www.milosnicylasu.olsztyn.pl\/index.php?rest_route=%2Fwp%2Fv2%2Ftags&post=2497"}],"curies":[{"name":"wp","href":"https:\/\/api.w.org\/{rel}","templated":true}]}}