{"id":2511,"date":"2016-02-01T10:16:02","date_gmt":"2016-02-01T09:16:02","guid":{"rendered":"http:\/\/www.milosnicylasu.olsztyn.pl\/?p=2511"},"modified":"2016-02-01T10:16:02","modified_gmt":"2016-02-01T09:16:02","slug":"o-olsztynku-w-starym-dworze","status":"publish","type":"post","link":"https:\/\/www.milosnicylasu.olsztyn.pl\/?p=2511","title":{"rendered":"O Olsztynku w Starym Dworze"},"content":{"rendered":"<p><a href=\"http:\/\/www.milosnicylasu.olsztyn.pl\/wp-content\/uploads\/2016\/02\/DSCN5421-www.jpg\" rel=\"attachment wp-att-2512\" data-rel=\"lightbox-image-0\" data-magnific_type=\"image\" data-rl_title=\"\" data-rl_caption=\"\" title=\"\"><img loading=\"lazy\" decoding=\"async\" class=\"alignnone size-medium wp-image-2512 alignright\" src=\"http:\/\/www.milosnicylasu.olsztyn.pl\/wp-content\/uploads\/2016\/02\/DSCN5421-www-300x225.jpg\" alt=\"DSCN5421-www\" width=\"300\" height=\"225\" srcset=\"https:\/\/www.milosnicylasu.olsztyn.pl\/wp-content\/uploads\/2016\/02\/DSCN5421-www-300x225.jpg 300w, https:\/\/www.milosnicylasu.olsztyn.pl\/wp-content\/uploads\/2016\/02\/DSCN5421-www-768x576.jpg 768w, https:\/\/www.milosnicylasu.olsztyn.pl\/wp-content\/uploads\/2016\/02\/DSCN5421-www.jpg 1024w, https:\/\/www.milosnicylasu.olsztyn.pl\/wp-content\/uploads\/2016\/02\/DSCN5421-www-400x300.jpg 400w\" sizes=\"auto, (max-width: 300px) 100vw, 300px\" \/><\/a>Podczas sobotniego rajdu po kudypskich lasach, Tolek Leszczy\u0144ski przeprowadzi\u0142 konkurs o Olsztynku. Przyda\u0142a si\u0119 wiedza zdobyta w trakcie wycieczek do tego miasta. A najwi\u0119cej pozytywnych odpowiedzi udzieli\u0142 J\u00f3zek Gazda. Nieco gorsz\u0105 wiedz\u0105 wykazali si\u0119: Grzegorz Kluczek, Krystyna Leszczy\u0144ska, Micha\u0142 K\u0142\u0119bukowski. El\u017cbieta Piwo\u0144ska, Waldemar Chrzanowski, Danuta Burcz, Zofia Romanowska. Gratulujemy!<\/p>\n<p>Tematyka konkursu by\u0142a bardzo r\u00f3\u017cnorodna. Trzeba by\u0142o m.in. odpowiedzie\u0107, \u017ce Olsztynek przed 1945 roku to Hohenstein. Aktualnie w Olsztynku mieszka ok. 7700 os\u00f3b. Miasto za\u0142o\u017cono w 1351 roku, a prawa miejskie nadano w 1359 roku. W Olsztynku urodzi\u0142 si\u0119 wybitny filolog i badacz polsko\u015bci Krzysztof Celestyn Mr\u0105gowiusz.<\/p>\n<p>Za\u0142o\u017cony w latach 1939-1945 \u00a0niemiecki ob\u00f3z jeniecki Stalag I B Hohenstein po\u0142o\u017cony by\u0142 pomi\u0119dzy Kr\u00f3likowem a Sudw\u0105. Z powodu epidemii, tyfusu, czerwonki, zag\u0142odzenia, \u00a0zimna i wycie\u0144czenia, ci\u0119\u017ckich prac, w obozie zgin\u0119\u0142o ok.55 tysi\u0119cy je\u0144c\u00f3w.<\/p>\n<p>Krypta Hindenburga do 1934 roku skrywa\u0142a prochy 20 nieznanych \u017co\u0142nierzy.\u00a0W dniu 7 sierpnia 1934 uroczy\u015bcie pochowano tam zmar\u0142ego marsza\u0142ka Paula von Hindenburga \u2013 dow\u00f3dc\u0119 wojsk pruskich spod Tannenberga, a obiekt przemianowano na <b>Mauzoleum<\/b>. \u00a0 \u00a0\u00a0 W pogrzebie bra\u0142 udzia\u0142 sam Adolf Hitler.<\/p>\n<p><a href=\"http:\/\/www.milosnicylasu.olsztyn.pl\/wp-content\/uploads\/2016\/02\/DSCN5426-www.jpg\" rel=\"attachment wp-att-2513\" data-rel=\"lightbox-image-1\" data-magnific_type=\"image\" data-rl_title=\"\" data-rl_caption=\"\" title=\"\"><img loading=\"lazy\" decoding=\"async\" class=\"size-medium wp-image-2513 alignright\" src=\"http:\/\/www.milosnicylasu.olsztyn.pl\/wp-content\/uploads\/2016\/02\/DSCN5426-www-300x225.jpg\" alt=\"DSCN5426-www\" width=\"300\" height=\"225\" srcset=\"https:\/\/www.milosnicylasu.olsztyn.pl\/wp-content\/uploads\/2016\/02\/DSCN5426-www-300x225.jpg 300w, https:\/\/www.milosnicylasu.olsztyn.pl\/wp-content\/uploads\/2016\/02\/DSCN5426-www-768x576.jpg 768w, https:\/\/www.milosnicylasu.olsztyn.pl\/wp-content\/uploads\/2016\/02\/DSCN5426-www.jpg 1024w, https:\/\/www.milosnicylasu.olsztyn.pl\/wp-content\/uploads\/2016\/02\/DSCN5426-www-400x300.jpg 400w\" sizes=\"auto, (max-width: 300px) 100vw, 300px\" \/><\/a><\/p>\n<p>&nbsp;<\/p>\n<p>A po konkursie, \u00a0co\u015b dla cia\u0142a &#8211; kie\u0142baski z ogniska<\/p>\n<p>&nbsp;<\/p>\n<p>&nbsp;<\/p>\n<p>&nbsp;<\/p>\n<p>&nbsp;<\/p>\n<p>i troch\u0119 ruchu przy muzyce Waldka Chrzanowskiego.\u00a0<a href=\"http:\/\/www.milosnicylasu.olsztyn.pl\/wp-content\/uploads\/2016\/02\/DSCN5427-www.jpg\" rel=\"attachment wp-att-2514\" data-rel=\"lightbox-image-2\" data-magnific_type=\"image\" data-rl_title=\"\" data-rl_caption=\"\" title=\"\"><img loading=\"lazy\" decoding=\"async\" class=\"alignnone size-medium wp-image-2514\" src=\"http:\/\/www.milosnicylasu.olsztyn.pl\/wp-content\/uploads\/2016\/02\/DSCN5427-www-300x225.jpg\" alt=\"DSCN5427-www\" width=\"300\" height=\"225\" srcset=\"https:\/\/www.milosnicylasu.olsztyn.pl\/wp-content\/uploads\/2016\/02\/DSCN5427-www-300x225.jpg 300w, https:\/\/www.milosnicylasu.olsztyn.pl\/wp-content\/uploads\/2016\/02\/DSCN5427-www-768x576.jpg 768w, https:\/\/www.milosnicylasu.olsztyn.pl\/wp-content\/uploads\/2016\/02\/DSCN5427-www.jpg 1024w, https:\/\/www.milosnicylasu.olsztyn.pl\/wp-content\/uploads\/2016\/02\/DSCN5427-www-400x300.jpg 400w\" sizes=\"auto, (max-width: 300px) 100vw, 300px\" \/><\/a><\/p>\n","protected":false},"excerpt":{"rendered":"<p>Podczas sobotniego rajdu po kudypskich lasach, Tolek Leszczy\u0144ski przeprowadzi\u0142 konkurs o Olsztynku. Przyda\u0142a si\u0119 wiedza zdobyta w trakcie wycieczek do tego miasta. A najwi\u0119cej pozytywnych odpowiedzi udzieli\u0142 J\u00f3zek Gazda. Nieco gorsz\u0105 wiedz\u0105 wykazali si\u0119: Grzegorz Kluczek, Krystyna Leszczy\u0144ska, Micha\u0142 K\u0142\u0119bukowski. El\u017cbieta Piwo\u0144ska, Waldemar Chrzanowski, Danuta Burcz, Zofia Romanowska. Gratulujemy! Tematyka konkursu by\u0142a bardzo r\u00f3\u017cnorodna. Trzeba [&hellip;]<\/p>\n","protected":false},"author":2,"featured_media":0,"comment_status":"open","ping_status":"open","sticky":false,"template":"","format":"standard","meta":{"footnotes":""},"categories":[1,9,15,13,2],"tags":[],"class_list":["post-2511","post","type-post","status-publish","format-standard","hentry","category-bez-kategorii","category-ciekawostki","category-komkurs","category-konkursy","category-rajdy"],"_links":{"self":[{"href":"https:\/\/www.milosnicylasu.olsztyn.pl\/index.php?rest_route=\/wp\/v2\/posts\/2511","targetHints":{"allow":["GET"]}}],"collection":[{"href":"https:\/\/www.milosnicylasu.olsztyn.pl\/index.php?rest_route=\/wp\/v2\/posts"}],"about":[{"href":"https:\/\/www.milosnicylasu.olsztyn.pl\/index.php?rest_route=\/wp\/v2\/types\/post"}],"author":[{"embeddable":true,"href":"https:\/\/www.milosnicylasu.olsztyn.pl\/index.php?rest_route=\/wp\/v2\/users\/2"}],"replies":[{"embeddable":true,"href":"https:\/\/www.milosnicylasu.olsztyn.pl\/index.php?rest_route=%2Fwp%2Fv2%2Fcomments&post=2511"}],"version-history":[{"count":1,"href":"https:\/\/www.milosnicylasu.olsztyn.pl\/index.php?rest_route=\/wp\/v2\/posts\/2511\/revisions"}],"predecessor-version":[{"id":2515,"href":"https:\/\/www.milosnicylasu.olsztyn.pl\/index.php?rest_route=\/wp\/v2\/posts\/2511\/revisions\/2515"}],"wp:attachment":[{"href":"https:\/\/www.milosnicylasu.olsztyn.pl\/index.php?rest_route=%2Fwp%2Fv2%2Fmedia&parent=2511"}],"wp:term":[{"taxonomy":"category","embeddable":true,"href":"https:\/\/www.milosnicylasu.olsztyn.pl\/index.php?rest_route=%2Fwp%2Fv2%2Fcategories&post=2511"},{"taxonomy":"post_tag","embeddable":true,"href":"https:\/\/www.milosnicylasu.olsztyn.pl\/index.php?rest_route=%2Fwp%2Fv2%2Ftags&post=2511"}],"curies":[{"name":"wp","href":"https:\/\/api.w.org\/{rel}","templated":true}]}}