{"id":2516,"date":"2016-02-01T10:26:31","date_gmt":"2016-02-01T09:26:31","guid":{"rendered":"http:\/\/www.milosnicylasu.olsztyn.pl\/?p=2516"},"modified":"2016-02-01T10:26:31","modified_gmt":"2016-02-01T09:26:31","slug":"jak-karnawal-to-tance","status":"publish","type":"post","link":"https:\/\/www.milosnicylasu.olsztyn.pl\/?p=2516","title":{"rendered":"Jak karnawa\u0142 &#8230;. to ta\u0144ce"},"content":{"rendered":"<p><a href=\"http:\/\/www.milosnicylasu.olsztyn.pl\/wp-content\/uploads\/2016\/02\/DSCN5477-www.jpg\" rel=\"attachment wp-att-2517\" data-rel=\"lightbox-image-0\" data-magnific_type=\"image\" data-rl_title=\"\" data-rl_caption=\"\" title=\"\"><img loading=\"lazy\" decoding=\"async\" class=\"size-medium wp-image-2517 alignright\" src=\"http:\/\/www.milosnicylasu.olsztyn.pl\/wp-content\/uploads\/2016\/02\/DSCN5477-www-300x225.jpg\" alt=\"DSCN5477-www\" width=\"300\" height=\"225\" srcset=\"https:\/\/www.milosnicylasu.olsztyn.pl\/wp-content\/uploads\/2016\/02\/DSCN5477-www-300x225.jpg 300w, https:\/\/www.milosnicylasu.olsztyn.pl\/wp-content\/uploads\/2016\/02\/DSCN5477-www-768x576.jpg 768w, https:\/\/www.milosnicylasu.olsztyn.pl\/wp-content\/uploads\/2016\/02\/DSCN5477-www.jpg 1024w, https:\/\/www.milosnicylasu.olsztyn.pl\/wp-content\/uploads\/2016\/02\/DSCN5477-www-400x300.jpg 400w\" sizes=\"auto, (max-width: 300px) 100vw, 300px\" \/><\/a><\/p>\n<p>&nbsp;<\/p>\n<p>&nbsp;<\/p>\n<p>31 stycznia 2016 roku bawili\u015bmy si\u0119 w pi\u0119knej, przestronnej, klimatyzowanej sali w Eranowa.<\/p>\n<p>&nbsp;<\/p>\n<p>Fajna muzyka &#8211; &#8222;na \u017cywo&#8221;, du\u017co miejsca, ale przede wszystkim doborowe towarzystwo &#8211; bo przecie\u017c tylko takie gwarantuj\u0105 cz\u0142onkowie naszego Ko\u0142a, sprawi\u0142y, \u017ce bawili\u015bmy si\u0119 \u015bwietnie. Mam nadziej\u0119, \u017ce Waldek zorganizuje nam wkr\u00f3tce podobne atrakcje. A za ju\u017c dzi\u0119kujemy!<a href=\"http:\/\/www.milosnicylasu.olsztyn.pl\/wp-content\/uploads\/2016\/02\/DSCN5480-www.jpg\" rel=\"attachment wp-att-2518\" data-rel=\"lightbox-image-1\" data-magnific_type=\"image\" data-rl_title=\"\" data-rl_caption=\"\" title=\"\"><img loading=\"lazy\" decoding=\"async\" class=\"alignnone size-medium wp-image-2518\" src=\"http:\/\/www.milosnicylasu.olsztyn.pl\/wp-content\/uploads\/2016\/02\/DSCN5480-www-300x225.jpg\" alt=\"DSCN5480-www\" width=\"300\" height=\"225\" srcset=\"https:\/\/www.milosnicylasu.olsztyn.pl\/wp-content\/uploads\/2016\/02\/DSCN5480-www-300x225.jpg 300w, https:\/\/www.milosnicylasu.olsztyn.pl\/wp-content\/uploads\/2016\/02\/DSCN5480-www-768x576.jpg 768w, https:\/\/www.milosnicylasu.olsztyn.pl\/wp-content\/uploads\/2016\/02\/DSCN5480-www.jpg 1024w, https:\/\/www.milosnicylasu.olsztyn.pl\/wp-content\/uploads\/2016\/02\/DSCN5480-www-400x300.jpg 400w\" sizes=\"auto, (max-width: 300px) 100vw, 300px\" \/><\/a><\/p>\n","protected":false},"excerpt":{"rendered":"<p>&nbsp; &nbsp; 31 stycznia 2016 roku bawili\u015bmy si\u0119 w pi\u0119knej, przestronnej, klimatyzowanej sali w Eranowa. &nbsp; Fajna muzyka &#8211; &#8222;na \u017cywo&#8221;, du\u017co miejsca, ale przede wszystkim doborowe towarzystwo &#8211; bo przecie\u017c tylko takie gwarantuj\u0105 cz\u0142onkowie naszego Ko\u0142a, sprawi\u0142y, \u017ce bawili\u015bmy si\u0119 \u015bwietnie. Mam nadziej\u0119, \u017ce Waldek zorganizuje nam wkr\u00f3tce podobne atrakcje. A za ju\u017c dzi\u0119kujemy!<\/p>\n","protected":false},"author":2,"featured_media":0,"comment_status":"open","ping_status":"open","sticky":false,"template":"","format":"standard","meta":{"footnotes":""},"categories":[1,14],"tags":[],"class_list":["post-2516","post","type-post","status-publish","format-standard","hentry","category-bez-kategorii","category-zabawy"],"_links":{"self":[{"href":"https:\/\/www.milosnicylasu.olsztyn.pl\/index.php?rest_route=\/wp\/v2\/posts\/2516","targetHints":{"allow":["GET"]}}],"collection":[{"href":"https:\/\/www.milosnicylasu.olsztyn.pl\/index.php?rest_route=\/wp\/v2\/posts"}],"about":[{"href":"https:\/\/www.milosnicylasu.olsztyn.pl\/index.php?rest_route=\/wp\/v2\/types\/post"}],"author":[{"embeddable":true,"href":"https:\/\/www.milosnicylasu.olsztyn.pl\/index.php?rest_route=\/wp\/v2\/users\/2"}],"replies":[{"embeddable":true,"href":"https:\/\/www.milosnicylasu.olsztyn.pl\/index.php?rest_route=%2Fwp%2Fv2%2Fcomments&post=2516"}],"version-history":[{"count":1,"href":"https:\/\/www.milosnicylasu.olsztyn.pl\/index.php?rest_route=\/wp\/v2\/posts\/2516\/revisions"}],"predecessor-version":[{"id":2519,"href":"https:\/\/www.milosnicylasu.olsztyn.pl\/index.php?rest_route=\/wp\/v2\/posts\/2516\/revisions\/2519"}],"wp:attachment":[{"href":"https:\/\/www.milosnicylasu.olsztyn.pl\/index.php?rest_route=%2Fwp%2Fv2%2Fmedia&parent=2516"}],"wp:term":[{"taxonomy":"category","embeddable":true,"href":"https:\/\/www.milosnicylasu.olsztyn.pl\/index.php?rest_route=%2Fwp%2Fv2%2Fcategories&post=2516"},{"taxonomy":"post_tag","embeddable":true,"href":"https:\/\/www.milosnicylasu.olsztyn.pl\/index.php?rest_route=%2Fwp%2Fv2%2Ftags&post=2516"}],"curies":[{"name":"wp","href":"https:\/\/api.w.org\/{rel}","templated":true}]}}