{"id":2523,"date":"2016-02-10T07:51:12","date_gmt":"2016-02-10T06:51:12","guid":{"rendered":"http:\/\/www.milosnicylasu.olsztyn.pl\/?p=2523"},"modified":"2016-02-10T08:04:05","modified_gmt":"2016-02-10T07:04:05","slug":"o-puszczy-bialowieskiej-w-kolejny-czwartek-ekologiczny","status":"publish","type":"post","link":"https:\/\/www.milosnicylasu.olsztyn.pl\/?p=2523","title":{"rendered":"O Puszczy Bia\u0142owieskiej w kolejny czwartek ekologiczny"},"content":{"rendered":"<p><a href=\"http:\/\/www.milosnicylasu.olsztyn.pl\/wp-content\/uploads\/2016\/02\/DSCN5490-www.jpg\" rel=\"attachment wp-att-2524\" data-rel=\"lightbox-image-0\" data-magnific_type=\"image\" data-rl_title=\"\" data-rl_caption=\"\" title=\"\"><img loading=\"lazy\" decoding=\"async\" class=\"size-medium wp-image-2524 alignright\" src=\"http:\/\/www.milosnicylasu.olsztyn.pl\/wp-content\/uploads\/2016\/02\/DSCN5490-www-300x225.jpg\" alt=\"DSCN5490-www\" width=\"300\" height=\"225\" srcset=\"https:\/\/www.milosnicylasu.olsztyn.pl\/wp-content\/uploads\/2016\/02\/DSCN5490-www-300x225.jpg 300w, https:\/\/www.milosnicylasu.olsztyn.pl\/wp-content\/uploads\/2016\/02\/DSCN5490-www-768x576.jpg 768w, https:\/\/www.milosnicylasu.olsztyn.pl\/wp-content\/uploads\/2016\/02\/DSCN5490-www.jpg 1024w, https:\/\/www.milosnicylasu.olsztyn.pl\/wp-content\/uploads\/2016\/02\/DSCN5490-www-400x300.jpg 400w\" sizes=\"auto, (max-width: 300px) 100vw, 300px\" \/><\/a>4 lutego 2016 roku spotkali\u015bmy si\u0119 w Regionalnej Dyrekcji Las\u00f3w Pa\u0144stwowych w Olsztynie aby wys\u0142ucha\u0107 wyk\u0142adu Pana Andrzeja Sobani. Tym razem pan Andrzej opowiada\u0142 o Puszczy Bia\u0142owieskiej. Temat nam bardzo bliski. Byli\u015bmy tam z Ko\u0142em Mi\u0142o\u015bnik\u00f3w Lasu \u00a0i Militari\u00f3w trzy razy.<\/p>\n<p>Puszcza Bia\u0142owieska to ostatni w Europie nizinny las o cechach naturalnych. Poza obszarami oficjalnie chronionymi (stanowi\u0105 one jedynie 30% powierzchni polskiej cz\u0119\u015bci Puszczy), na jej terenie znajduj\u0105 si\u0119 fragmenty naturalnych las\u00f3w, jakie przed wiekami porasta\u0142y Europ\u0119. Aby chroni\u0107 ten niezwyk\u0142y ekosystem i zachodz\u0105ce w nim procesy, w 2005 roku ca\u0142y obszar Puszczy zosta\u0142 wpisany na List\u0119 \u015awiatowego Dziedzictwa Ludzko\u015bci UNESCO.<\/p>\n<p>W czwartek zastanawiali\u015bmy si\u0119 m.in.czy pierwotna puszcza \u00a0mo\u017ce egzystowa\u0107 tylko w oparciu o si\u0142y natury. \u00a0Jak zachowa\u0107 pierwotn\u0105, lub prawie pierwotn\u0105 r\u00f3\u017cnorodno\u015b\u0107 biologiczn\u0105 i jaka rola w tym le\u015bnik\u00f3w.\u00a0<a href=\"http:\/\/www.milosnicylasu.olsztyn.pl\/wp-content\/uploads\/2016\/02\/DSCN5493-www.jpg\" rel=\"attachment wp-att-2525\" data-rel=\"lightbox-image-1\" data-magnific_type=\"image\" data-rl_title=\"\" data-rl_caption=\"\" title=\"\"><img loading=\"lazy\" decoding=\"async\" class=\"size-medium wp-image-2525 alignleft\" src=\"http:\/\/www.milosnicylasu.olsztyn.pl\/wp-content\/uploads\/2016\/02\/DSCN5493-www-300x225.jpg\" alt=\"DSCN5493-www\" width=\"300\" height=\"225\" srcset=\"https:\/\/www.milosnicylasu.olsztyn.pl\/wp-content\/uploads\/2016\/02\/DSCN5493-www-300x225.jpg 300w, https:\/\/www.milosnicylasu.olsztyn.pl\/wp-content\/uploads\/2016\/02\/DSCN5493-www-768x576.jpg 768w, https:\/\/www.milosnicylasu.olsztyn.pl\/wp-content\/uploads\/2016\/02\/DSCN5493-www.jpg 1024w, https:\/\/www.milosnicylasu.olsztyn.pl\/wp-content\/uploads\/2016\/02\/DSCN5493-www-400x300.jpg 400w\" sizes=\"auto, (max-width: 300px) 100vw, 300px\" \/><\/a><\/p>\n<p>Na pami\u0105tk\u0119 spotkania Pan Andrzej otrzyma\u0142 fio\u0142ki wyhaftowane przez Krystyn\u0119 Leszczy\u0144sk\u0105.<a href=\"http:\/\/www.milosnicylasu.olsztyn.pl\/wp-content\/uploads\/2016\/02\/DSCN5486-www.jpg\" rel=\"attachment wp-att-2526\" data-rel=\"lightbox-image-2\" data-magnific_type=\"image\" data-rl_title=\"\" data-rl_caption=\"\" title=\"\"><img loading=\"lazy\" decoding=\"async\" class=\"alignnone size-medium wp-image-2526\" src=\"http:\/\/www.milosnicylasu.olsztyn.pl\/wp-content\/uploads\/2016\/02\/DSCN5486-www-225x300.jpg\" alt=\"DSCN5486-www\" width=\"225\" height=\"300\" srcset=\"https:\/\/www.milosnicylasu.olsztyn.pl\/wp-content\/uploads\/2016\/02\/DSCN5486-www-225x300.jpg 225w, https:\/\/www.milosnicylasu.olsztyn.pl\/wp-content\/uploads\/2016\/02\/DSCN5486-www.jpg 768w\" sizes=\"auto, (max-width: 225px) 100vw, 225px\" \/><\/a><\/p>\n<p>Dzi\u0119kujemy serdecznie Panu Andrzejowi za wiadomo\u015bci, za po\u015bwi\u0119cony nam czas.<\/p>\n<p><a href=\"http:\/\/www.milosnicylasu.olsztyn.pl\/wp-content\/uploads\/2016\/02\/DSCN5495-www.jpg\" rel=\"attachment wp-att-2529\" data-rel=\"lightbox-image-3\" data-magnific_type=\"image\" data-rl_title=\"\" data-rl_caption=\"\" title=\"\"><img loading=\"lazy\" decoding=\"async\" class=\"size-medium wp-image-2529 alignleft\" src=\"http:\/\/www.milosnicylasu.olsztyn.pl\/wp-content\/uploads\/2016\/02\/DSCN5495-www-300x225.jpg\" alt=\"DSCN5495-www\" width=\"300\" height=\"225\" srcset=\"https:\/\/www.milosnicylasu.olsztyn.pl\/wp-content\/uploads\/2016\/02\/DSCN5495-www-300x225.jpg 300w, https:\/\/www.milosnicylasu.olsztyn.pl\/wp-content\/uploads\/2016\/02\/DSCN5495-www-768x576.jpg 768w, https:\/\/www.milosnicylasu.olsztyn.pl\/wp-content\/uploads\/2016\/02\/DSCN5495-www.jpg 1024w, https:\/\/www.milosnicylasu.olsztyn.pl\/wp-content\/uploads\/2016\/02\/DSCN5495-www-400x300.jpg 400w\" sizes=\"auto, (max-width: 300px) 100vw, 300px\" \/><\/a>Mi\u0142ym elementem czwartkowego spotkania by\u0142o wr\u0119czenie nagr\u00f3d uczestnikom konkursu o Olsztynku. Zwyci\u0119scy otrzymali fili\u017canki z logo Olsztynka a pozostali paski odblaskowe &#8211; bardzo przydatne podczas naszych rajd\u00f3w. Sponsorem nagr\u00f3d by\u0142 Urz\u0105d Miasta w Olsztynku. Dzi\u0119kujemy.<\/p>\n<p>W cz\u0119\u015bci organizacyjnej prezes Anatol Leszczy\u0144ski om\u00f3wi\u0142 realizacj\u0119 planu pracy w styczniu b.r. oraz zamierzenia w lutym. A b\u0119dzie si\u0119 dzia\u0142o !\u00a0Opr\u00f3cz sobotnich rajd\u00f3w czeka nas 20 lutego kulig, organizowany przez Rysi\u0119 i Micha\u0142a K\u0142\u0119bukowskich oraz 27 lutego wycieczka do Kwidzynia, kt\u00f3ra zaproponowa\u0142 Tolek Leszczy\u0144ski. Na wycieczk\u0119 jest jeszcze kilka miejsc. Zapisy i odp\u0142atno\u015b\u0107 w wys. 50 z\u0142. przyjmuje Rysia Wiejek . Zapraszamy<\/p>\n","protected":false},"excerpt":{"rendered":"<p>4 lutego 2016 roku spotkali\u015bmy si\u0119 w Regionalnej Dyrekcji Las\u00f3w Pa\u0144stwowych w Olsztynie aby wys\u0142ucha\u0107 wyk\u0142adu Pana Andrzeja Sobani. Tym razem pan Andrzej opowiada\u0142 o Puszczy Bia\u0142owieskiej. Temat nam bardzo bliski. Byli\u015bmy tam z Ko\u0142em Mi\u0142o\u015bnik\u00f3w Lasu \u00a0i Militari\u00f3w trzy razy. Puszcza Bia\u0142owieska to ostatni w Europie nizinny las o cechach naturalnych. Poza obszarami oficjalnie [&hellip;]<\/p>\n","protected":false},"author":2,"featured_media":0,"comment_status":"open","ping_status":"open","sticky":false,"template":"","format":"standard","meta":{"footnotes":""},"categories":[1,9,13,3],"tags":[],"class_list":["post-2523","post","type-post","status-publish","format-standard","hentry","category-bez-kategorii","category-ciekawostki","category-konkursy","category-zebrania"],"_links":{"self":[{"href":"https:\/\/www.milosnicylasu.olsztyn.pl\/index.php?rest_route=\/wp\/v2\/posts\/2523","targetHints":{"allow":["GET"]}}],"collection":[{"href":"https:\/\/www.milosnicylasu.olsztyn.pl\/index.php?rest_route=\/wp\/v2\/posts"}],"about":[{"href":"https:\/\/www.milosnicylasu.olsztyn.pl\/index.php?rest_route=\/wp\/v2\/types\/post"}],"author":[{"embeddable":true,"href":"https:\/\/www.milosnicylasu.olsztyn.pl\/index.php?rest_route=\/wp\/v2\/users\/2"}],"replies":[{"embeddable":true,"href":"https:\/\/www.milosnicylasu.olsztyn.pl\/index.php?rest_route=%2Fwp%2Fv2%2Fcomments&post=2523"}],"version-history":[{"count":3,"href":"https:\/\/www.milosnicylasu.olsztyn.pl\/index.php?rest_route=\/wp\/v2\/posts\/2523\/revisions"}],"predecessor-version":[{"id":2530,"href":"https:\/\/www.milosnicylasu.olsztyn.pl\/index.php?rest_route=\/wp\/v2\/posts\/2523\/revisions\/2530"}],"wp:attachment":[{"href":"https:\/\/www.milosnicylasu.olsztyn.pl\/index.php?rest_route=%2Fwp%2Fv2%2Fmedia&parent=2523"}],"wp:term":[{"taxonomy":"category","embeddable":true,"href":"https:\/\/www.milosnicylasu.olsztyn.pl\/index.php?rest_route=%2Fwp%2Fv2%2Fcategories&post=2523"},{"taxonomy":"post_tag","embeddable":true,"href":"https:\/\/www.milosnicylasu.olsztyn.pl\/index.php?rest_route=%2Fwp%2Fv2%2Ftags&post=2523"}],"curies":[{"name":"wp","href":"https:\/\/api.w.org\/{rel}","templated":true}]}}