{"id":2545,"date":"2016-02-22T07:08:04","date_gmt":"2016-02-22T06:08:04","guid":{"rendered":"http:\/\/www.milosnicylasu.olsztyn.pl\/?p=2545"},"modified":"2016-02-22T07:08:04","modified_gmt":"2016-02-22T06:08:04","slug":"sobotni-rajd-13-lutego","status":"publish","type":"post","link":"https:\/\/www.milosnicylasu.olsztyn.pl\/?p=2545","title":{"rendered":"Sobotni rajd 13 lutego"},"content":{"rendered":"<p>13 lutego 2016 roku &#8211; sobotni rajd poprowadzi\u0142 Waldek Chrzanowski. To by\u0142 \u00a0ostatni rajd po kudypskich lasach w lutym. 20 lutego jeste\u015bmy na kuligu a 27 lutego jedziemy na wycieczk\u0119 do Kwidzynia. Ale b\u0119dzie si\u0119 dzia\u0142o !<\/p>\n","protected":false},"excerpt":{"rendered":"<p>13 lutego 2016 roku &#8211; sobotni rajd poprowadzi\u0142 Waldek Chrzanowski. To by\u0142 \u00a0ostatni rajd po kudypskich lasach w lutym. 20 lutego jeste\u015bmy na kuligu a 27 lutego jedziemy na wycieczk\u0119 do Kwidzynia. Ale b\u0119dzie si\u0119 dzia\u0142o !<\/p>\n","protected":false},"author":2,"featured_media":0,"comment_status":"open","ping_status":"open","sticky":false,"template":"","format":"standard","meta":{"footnotes":""},"categories":[1,2],"tags":[],"class_list":["post-2545","post","type-post","status-publish","format-standard","hentry","category-bez-kategorii","category-rajdy"],"_links":{"self":[{"href":"https:\/\/www.milosnicylasu.olsztyn.pl\/index.php?rest_route=\/wp\/v2\/posts\/2545","targetHints":{"allow":["GET"]}}],"collection":[{"href":"https:\/\/www.milosnicylasu.olsztyn.pl\/index.php?rest_route=\/wp\/v2\/posts"}],"about":[{"href":"https:\/\/www.milosnicylasu.olsztyn.pl\/index.php?rest_route=\/wp\/v2\/types\/post"}],"author":[{"embeddable":true,"href":"https:\/\/www.milosnicylasu.olsztyn.pl\/index.php?rest_route=\/wp\/v2\/users\/2"}],"replies":[{"embeddable":true,"href":"https:\/\/www.milosnicylasu.olsztyn.pl\/index.php?rest_route=%2Fwp%2Fv2%2Fcomments&post=2545"}],"version-history":[{"count":1,"href":"https:\/\/www.milosnicylasu.olsztyn.pl\/index.php?rest_route=\/wp\/v2\/posts\/2545\/revisions"}],"predecessor-version":[{"id":2546,"href":"https:\/\/www.milosnicylasu.olsztyn.pl\/index.php?rest_route=\/wp\/v2\/posts\/2545\/revisions\/2546"}],"wp:attachment":[{"href":"https:\/\/www.milosnicylasu.olsztyn.pl\/index.php?rest_route=%2Fwp%2Fv2%2Fmedia&parent=2545"}],"wp:term":[{"taxonomy":"category","embeddable":true,"href":"https:\/\/www.milosnicylasu.olsztyn.pl\/index.php?rest_route=%2Fwp%2Fv2%2Fcategories&post=2545"},{"taxonomy":"post_tag","embeddable":true,"href":"https:\/\/www.milosnicylasu.olsztyn.pl\/index.php?rest_route=%2Fwp%2Fv2%2Ftags&post=2545"}],"curies":[{"name":"wp","href":"https:\/\/api.w.org\/{rel}","templated":true}]}}