{"id":2547,"date":"2016-02-22T08:09:52","date_gmt":"2016-02-22T07:09:52","guid":{"rendered":"http:\/\/www.milosnicylasu.olsztyn.pl\/?p=2547"},"modified":"2016-02-22T19:26:48","modified_gmt":"2016-02-22T18:26:48","slug":"kulig","status":"publish","type":"post","link":"https:\/\/www.milosnicylasu.olsztyn.pl\/?p=2547","title":{"rendered":"Kulig"},"content":{"rendered":"<p><a href=\"http:\/\/www.milosnicylasu.olsztyn.pl\/wp-content\/uploads\/2016\/02\/DSCN5558-www-1.jpg\" rel=\"attachment wp-att-2550\" data-rel=\"lightbox-image-0\" data-magnific_type=\"image\" data-rl_title=\"\" data-rl_caption=\"\" title=\"\"><img loading=\"lazy\" decoding=\"async\" class=\"size-medium wp-image-2550 alignright\" src=\"http:\/\/www.milosnicylasu.olsztyn.pl\/wp-content\/uploads\/2016\/02\/DSCN5558-www-1-300x225.jpg\" alt=\"DSCN5558-www\" width=\"300\" height=\"225\" srcset=\"https:\/\/www.milosnicylasu.olsztyn.pl\/wp-content\/uploads\/2016\/02\/DSCN5558-www-1-300x225.jpg 300w, https:\/\/www.milosnicylasu.olsztyn.pl\/wp-content\/uploads\/2016\/02\/DSCN5558-www-1-768x576.jpg 768w, https:\/\/www.milosnicylasu.olsztyn.pl\/wp-content\/uploads\/2016\/02\/DSCN5558-www-1.jpg 1024w, https:\/\/www.milosnicylasu.olsztyn.pl\/wp-content\/uploads\/2016\/02\/DSCN5558-www-1-400x300.jpg 400w\" sizes=\"auto, (max-width: 300px) 100vw, 300px\" \/><\/a><\/p>\n<p>&nbsp;<\/p>\n<p>&nbsp;<\/p>\n<p>Ma\u0142o kto wierzy\u0142, \u017ce w czasie zaplanowanego na 20 lutego kuligu b\u0119dzie sanna. Od miesi\u0105ca szaro, buro i mokro a tu prosz\u0119 &#8230;&#8230;.. jeden pi\u0119kny dzie\u0144 zimowy i to w\u0142a\u015bnie wtedy, kiedy my jedziemy na kulig.<\/p>\n<p>&nbsp;<\/p>\n<p><a href=\"http:\/\/www.milosnicylasu.olsztyn.pl\/wp-content\/uploads\/2016\/02\/DSCN5554-www.jpg\" rel=\"attachment wp-att-2549\" data-rel=\"lightbox-image-1\" data-magnific_type=\"image\" data-rl_title=\"\" data-rl_caption=\"\" title=\"\"><img loading=\"lazy\" decoding=\"async\" class=\"size-medium wp-image-2549 alignleft\" src=\"http:\/\/www.milosnicylasu.olsztyn.pl\/wp-content\/uploads\/2016\/02\/DSCN5554-www-300x225.jpg\" alt=\"DSCN5554-www\" width=\"300\" height=\"225\" srcset=\"https:\/\/www.milosnicylasu.olsztyn.pl\/wp-content\/uploads\/2016\/02\/DSCN5554-www-300x225.jpg 300w, https:\/\/www.milosnicylasu.olsztyn.pl\/wp-content\/uploads\/2016\/02\/DSCN5554-www-768x576.jpg 768w, https:\/\/www.milosnicylasu.olsztyn.pl\/wp-content\/uploads\/2016\/02\/DSCN5554-www.jpg 1024w, https:\/\/www.milosnicylasu.olsztyn.pl\/wp-content\/uploads\/2016\/02\/DSCN5554-www-400x300.jpg 400w\" sizes=\"auto, (max-width: 300px) 100vw, 300px\" \/><\/a><\/p>\n<p>&nbsp;<\/p>\n<p>Podobno Rysia i Micha\u0142 K\u0142\u0119bukowscy &#8211; organizatorzy tego jak\u017ce urozmaiconego dnia, jako\u015b to sprytnie za\u0142atwili, ale jak&#8230;. nie chcieli si\u0119 przyzna\u0107. Wa\u017cne, \u017ce \u015bnieg by\u0142.\u00a0<a href=\"http:\/\/www.milosnicylasu.olsztyn.pl\/wp-content\/uploads\/2016\/02\/DSCN5569-www.jpg\" rel=\"attachment wp-att-2551\" data-rel=\"lightbox-image-2\" data-magnific_type=\"image\" data-rl_title=\"\" data-rl_caption=\"\" title=\"\"><img loading=\"lazy\" decoding=\"async\" class=\"size-medium wp-image-2551 alignright\" src=\"http:\/\/www.milosnicylasu.olsztyn.pl\/wp-content\/uploads\/2016\/02\/DSCN5569-www-300x225.jpg\" alt=\"DSCN5569-www\" width=\"300\" height=\"225\" srcset=\"https:\/\/www.milosnicylasu.olsztyn.pl\/wp-content\/uploads\/2016\/02\/DSCN5569-www-300x225.jpg 300w, https:\/\/www.milosnicylasu.olsztyn.pl\/wp-content\/uploads\/2016\/02\/DSCN5569-www-768x576.jpg 768w, https:\/\/www.milosnicylasu.olsztyn.pl\/wp-content\/uploads\/2016\/02\/DSCN5569-www.jpg 1024w, https:\/\/www.milosnicylasu.olsztyn.pl\/wp-content\/uploads\/2016\/02\/DSCN5569-www-400x300.jpg 400w\" sizes=\"auto, (max-width: 300px) 100vw, 300px\" \/><\/a><\/p>\n<p>&nbsp;<\/p>\n<p>By\u0142 \u015bnieg, by\u0142a przeja\u017cd\u017cka,<\/p>\n<p>&nbsp;<\/p>\n<p>wielkie ognisko, kie\u0142baski, biesiada przy ognisku, \u015bpiewy&#8230;. ale to tylko preludium do tego co jeszcze na ten dzie\u0144 by\u0142o w programie.<\/p>\n<p>&nbsp;<\/p>\n<p>Wszyscy uczestnicy mogli poczu\u0107 si\u0119 &#8222;prawdziwymi&#8221; aktorami wyst\u0119puj\u0105c w trzech ba\u015bniach \u00a0&#8222;Czerwony kapturek&#8221;, 'Kr\u00f3lewna&#8221; \u015bnie\u017cka&#8221; i &#8222;Kopciuszek&#8221;. Weso\u0142y scenariusz, wzbogacony elementami z \u017cycia Ko\u0142a i postaciami le\u015bnik\u00f3w, zaprzyja\u017anionych z naszym Ko\u0142em, napisa\u0142a Rysia K\u0142\u0119bukowska a Micha\u0142 przygotowa\u0142 rekwizyty.\u00a0<a href=\"http:\/\/www.milosnicylasu.olsztyn.pl\/wp-content\/uploads\/2016\/02\/DSCN5595-www.jpg\" rel=\"attachment wp-att-2552\" data-rel=\"lightbox-image-3\" data-magnific_type=\"image\" data-rl_title=\"\" data-rl_caption=\"\" title=\"\"><img loading=\"lazy\" decoding=\"async\" class=\"size-medium wp-image-2552 alignright\" src=\"http:\/\/www.milosnicylasu.olsztyn.pl\/wp-content\/uploads\/2016\/02\/DSCN5595-www-300x225.jpg\" alt=\"DSCN5595-www\" width=\"300\" height=\"225\" srcset=\"https:\/\/www.milosnicylasu.olsztyn.pl\/wp-content\/uploads\/2016\/02\/DSCN5595-www-300x225.jpg 300w, https:\/\/www.milosnicylasu.olsztyn.pl\/wp-content\/uploads\/2016\/02\/DSCN5595-www-768x576.jpg 768w, https:\/\/www.milosnicylasu.olsztyn.pl\/wp-content\/uploads\/2016\/02\/DSCN5595-www.jpg 1024w, https:\/\/www.milosnicylasu.olsztyn.pl\/wp-content\/uploads\/2016\/02\/DSCN5595-www-400x300.jpg 400w\" sizes=\"auto, (max-width: 300px) 100vw, 300px\" \/><\/a><\/p>\n<p>&nbsp;<\/p>\n<p>A na zdj\u0119ciu : kr\u00f3lewicz Anatol budzi \u015bpi\u0105c\u0105 kr\u00f3lewn\u0119&#8230;&#8230;.<\/p>\n<p>&nbsp;<\/p>\n<p>&nbsp;<\/p>\n<p><a href=\"http:\/\/www.milosnicylasu.olsztyn.pl\/wp-content\/uploads\/2016\/02\/DSCN5597-www.jpg\" rel=\"attachment wp-att-2553\" data-rel=\"lightbox-image-4\" data-magnific_type=\"image\" data-rl_title=\"\" data-rl_caption=\"\" title=\"\"><img loading=\"lazy\" decoding=\"async\" class=\"size-medium wp-image-2553 alignleft\" src=\"http:\/\/www.milosnicylasu.olsztyn.pl\/wp-content\/uploads\/2016\/02\/DSCN5597-www-300x225.jpg\" alt=\"DSCN5597-www\" width=\"300\" height=\"225\" srcset=\"https:\/\/www.milosnicylasu.olsztyn.pl\/wp-content\/uploads\/2016\/02\/DSCN5597-www-300x225.jpg 300w, https:\/\/www.milosnicylasu.olsztyn.pl\/wp-content\/uploads\/2016\/02\/DSCN5597-www-768x576.jpg 768w, https:\/\/www.milosnicylasu.olsztyn.pl\/wp-content\/uploads\/2016\/02\/DSCN5597-www.jpg 1024w, https:\/\/www.milosnicylasu.olsztyn.pl\/wp-content\/uploads\/2016\/02\/DSCN5597-www-400x300.jpg 400w\" sizes=\"auto, (max-width: 300px) 100vw, 300px\" \/><\/a><\/p>\n<p>&nbsp;<\/p>\n<p>oraz wszyscy uczestnicy tej bajki : le\u015bniczy Wies\u0142aw, z\u0142a macocha, krasnoludki, kierowca Bronek, kr\u00f3lewicz i oczywi\u015bcie kr\u00f3lewna \u015anie\u017cka.<a href=\"http:\/\/www.milosnicylasu.olsztyn.pl\/wp-content\/uploads\/2016\/02\/DSCN5613-www.jpg\" rel=\"attachment wp-att-2554\" data-rel=\"lightbox-image-5\" data-magnific_type=\"image\" data-rl_title=\"\" data-rl_caption=\"\" title=\"\"><img loading=\"lazy\" decoding=\"async\" class=\"size-medium wp-image-2554 alignright\" src=\"http:\/\/www.milosnicylasu.olsztyn.pl\/wp-content\/uploads\/2016\/02\/DSCN5613-www-225x300.jpg\" alt=\"DSCN5613-www\" width=\"225\" height=\"300\" srcset=\"https:\/\/www.milosnicylasu.olsztyn.pl\/wp-content\/uploads\/2016\/02\/DSCN5613-www-225x300.jpg 225w, https:\/\/www.milosnicylasu.olsztyn.pl\/wp-content\/uploads\/2016\/02\/DSCN5613-www.jpg 768w\" sizes=\"auto, (max-width: 225px) 100vw, 225px\" \/><\/a><\/p>\n<p>&nbsp;<\/p>\n<p>&nbsp;<\/p>\n<p>&nbsp;<\/p>\n<p>Jak zwykle bajki ko\u0144cz\u0105 si\u0119 szcz\u0119\u015bliwie. W &#8222;kopciuszku&#8221; kr\u00f3lewicz znalaz\u0142 w\u0142a\u015bcicielk\u0119 \u00a0ma\u0142ego pantofelka, a w &#8222;Czerwonym kapturku&#8221; wilk nie zjad\u0142 uroczej wnuczki.<\/p>\n<p>Wszyscy bawili\u015bmy si\u0119 znakomicie, ogl\u0105daj\u0105c kole\u017canki i koleg\u00f3w, \u00a0objadaj\u0105c si\u0119 pysznymi pierogami, ciastem.<\/p>\n<p><a href=\"http:\/\/www.milosnicylasu.olsztyn.pl\/wp-content\/uploads\/2016\/02\/DSCN5636-www.jpg\" rel=\"attachment wp-att-2555\" data-rel=\"lightbox-image-6\" data-magnific_type=\"image\" data-rl_title=\"\" data-rl_caption=\"\" title=\"\"><img loading=\"lazy\" decoding=\"async\" class=\"size-medium wp-image-2555 alignleft\" src=\"http:\/\/www.milosnicylasu.olsztyn.pl\/wp-content\/uploads\/2016\/02\/DSCN5636-www-300x225.jpg\" alt=\"DSCN5636-www\" width=\"300\" height=\"225\" srcset=\"https:\/\/www.milosnicylasu.olsztyn.pl\/wp-content\/uploads\/2016\/02\/DSCN5636-www-300x225.jpg 300w, https:\/\/www.milosnicylasu.olsztyn.pl\/wp-content\/uploads\/2016\/02\/DSCN5636-www-768x576.jpg 768w, https:\/\/www.milosnicylasu.olsztyn.pl\/wp-content\/uploads\/2016\/02\/DSCN5636-www.jpg 1024w, https:\/\/www.milosnicylasu.olsztyn.pl\/wp-content\/uploads\/2016\/02\/DSCN5636-www-400x300.jpg 400w\" sizes=\"auto, (max-width: 300px) 100vw, 300px\" \/><\/a>Na koniec Jury og\u0142osi\u0142o, \u017ce z\u0142ote maski\u00a0zosta\u0142y przyznane Danusi Burcz za rol\u0119 wr\u00f3\u017cki, Antoniemu Jarczykowi za rol\u0119 wilka i Bogusiowi Szutowi za rol\u0119 macochy.<\/p>\n<p>&nbsp;<\/p>\n<p>&nbsp;<\/p>\n<p>&nbsp;<\/p>\n<p>&nbsp;<\/p>\n<p><strong><a href=\"http:\/\/www.milosnicylasu.olsztyn.pl\/wp-content\/uploads\/2016\/02\/DSCN5641-www.jpg\" rel=\"attachment wp-att-2557\" data-rel=\"lightbox-image-7\" data-magnific_type=\"image\" data-rl_title=\"\" data-rl_caption=\"\" title=\"\"><img loading=\"lazy\" decoding=\"async\" class=\"size-medium wp-image-2557 alignright\" src=\"http:\/\/www.milosnicylasu.olsztyn.pl\/wp-content\/uploads\/2016\/02\/DSCN5641-www-300x225.jpg\" alt=\"DSCN5641-www\" width=\"300\" height=\"225\" srcset=\"https:\/\/www.milosnicylasu.olsztyn.pl\/wp-content\/uploads\/2016\/02\/DSCN5641-www-300x225.jpg 300w, https:\/\/www.milosnicylasu.olsztyn.pl\/wp-content\/uploads\/2016\/02\/DSCN5641-www-768x576.jpg 768w, https:\/\/www.milosnicylasu.olsztyn.pl\/wp-content\/uploads\/2016\/02\/DSCN5641-www.jpg 1024w, https:\/\/www.milosnicylasu.olsztyn.pl\/wp-content\/uploads\/2016\/02\/DSCN5641-www-400x300.jpg 400w\" sizes=\"auto, (max-width: 300px) 100vw, 300px\" \/><\/a><\/strong><\/p>\n<p>W imieniu wszystkich uczestnik\u00f3w \u00a0spotkania, \u00a0Rysi i Micha\u0142owi podzi\u0119kowa\u0142 Grzegorz Kluczek, kt\u00f3ry \u00a0podarowa\u0142 pi\u0119kne jajko wielkanocne wykonane przez Jasi\u0119 Kluczek a od Wiesi Filipek otrzymali wspania\u0142ego \u0142ab\u0119dzia<\/p>\n<p><strong>Bardzo, bardzo dzi\u0119kujemy Rysi i Micha\u0142owi za wspania\u0142y dzie\u0144. Gratulujemy weny tw\u00f3rczej!\u00a0<\/strong><\/p>\n<p><strong>Czekamy na nast\u0119pn\u0105 imprez\u0119.<\/strong><\/p>\n<p>Na stronie &#8222;Le\u015bne \u017carty i nie tylko&#8221; umieszczony jest tekst bajek udost\u0119pniony przez Rysi\u0119 \u00a0i Micha\u0142a K\u0142\u0119bukowskich. Zapraszam do czytania. Ci co byli na imprezie przypomn\u0105 sobie, inni b\u0119d\u0105 mieli namiastk\u0119 tego jak \u015bwietnie bawili\u015bmy si\u0119. \u00a0Wszystkim \u017cycz\u0119 dobrej zabawy.<\/p>\n","protected":false},"excerpt":{"rendered":"<p>&nbsp; &nbsp; Ma\u0142o kto wierzy\u0142, \u017ce w czasie zaplanowanego na 20 lutego kuligu b\u0119dzie sanna. Od miesi\u0105ca szaro, buro i mokro a tu prosz\u0119 &#8230;&#8230;.. jeden pi\u0119kny dzie\u0144 zimowy i to w\u0142a\u015bnie wtedy, kiedy my jedziemy na kulig. &nbsp; &nbsp; Podobno Rysia i Micha\u0142 K\u0142\u0119bukowscy &#8211; organizatorzy tego jak\u017ce urozmaiconego dnia, jako\u015b to sprytnie za\u0142atwili, [&hellip;]<\/p>\n","protected":false},"author":2,"featured_media":0,"comment_status":"open","ping_status":"open","sticky":false,"template":"","format":"standard","meta":{"footnotes":""},"categories":[1,15,5],"tags":[],"class_list":["post-2547","post","type-post","status-publish","format-standard","hentry","category-bez-kategorii","category-komkurs","category-wycieczki"],"_links":{"self":[{"href":"https:\/\/www.milosnicylasu.olsztyn.pl\/index.php?rest_route=\/wp\/v2\/posts\/2547","targetHints":{"allow":["GET"]}}],"collection":[{"href":"https:\/\/www.milosnicylasu.olsztyn.pl\/index.php?rest_route=\/wp\/v2\/posts"}],"about":[{"href":"https:\/\/www.milosnicylasu.olsztyn.pl\/index.php?rest_route=\/wp\/v2\/types\/post"}],"author":[{"embeddable":true,"href":"https:\/\/www.milosnicylasu.olsztyn.pl\/index.php?rest_route=\/wp\/v2\/users\/2"}],"replies":[{"embeddable":true,"href":"https:\/\/www.milosnicylasu.olsztyn.pl\/index.php?rest_route=%2Fwp%2Fv2%2Fcomments&post=2547"}],"version-history":[{"count":4,"href":"https:\/\/www.milosnicylasu.olsztyn.pl\/index.php?rest_route=\/wp\/v2\/posts\/2547\/revisions"}],"predecessor-version":[{"id":2571,"href":"https:\/\/www.milosnicylasu.olsztyn.pl\/index.php?rest_route=\/wp\/v2\/posts\/2547\/revisions\/2571"}],"wp:attachment":[{"href":"https:\/\/www.milosnicylasu.olsztyn.pl\/index.php?rest_route=%2Fwp%2Fv2%2Fmedia&parent=2547"}],"wp:term":[{"taxonomy":"category","embeddable":true,"href":"https:\/\/www.milosnicylasu.olsztyn.pl\/index.php?rest_route=%2Fwp%2Fv2%2Fcategories&post=2547"},{"taxonomy":"post_tag","embeddable":true,"href":"https:\/\/www.milosnicylasu.olsztyn.pl\/index.php?rest_route=%2Fwp%2Fv2%2Ftags&post=2547"}],"curies":[{"name":"wp","href":"https:\/\/api.w.org\/{rel}","templated":true}]}}