{"id":2572,"date":"2016-02-22T19:51:38","date_gmt":"2016-02-22T18:51:38","guid":{"rendered":"http:\/\/www.milosnicylasu.olsztyn.pl\/?p=2572"},"modified":"2016-02-22T19:51:38","modified_gmt":"2016-02-22T18:51:38","slug":"zmiana-w-planie-pracy","status":"publish","type":"post","link":"https:\/\/www.milosnicylasu.olsztyn.pl\/?p=2572","title":{"rendered":"Zmiana w planie pracy"},"content":{"rendered":"<p>Informujemy, \u017ce \u00a012 marca 2916 roku organizowany jest wyjazd na edukacj\u0119 przyrodniczo-le\u015bn\u0105 do Nadle\u015bnictwa Wichrowo. Planowany w tym terminie wyjazd do Nadle\u015bnictwa Orneta odb\u0119dzie si\u0119 w innym terminie.<\/p>\n<p>Zapisy i wp\u0142ata przyjmowane b\u0119d\u0105 podczas zebrania 3 marca br.<\/p>\n<p>Przypominamy, \u017ce planowana wycieczka &#8222;Szlakiem zamk\u00f3w gotyckich&#8221; do Kwidzynia &#8211; wyjazd 7.45 Teatr Lalek, sobota\u00a027 lutego<\/p>\n<p>&nbsp;<\/p>\n","protected":false},"excerpt":{"rendered":"<p>Informujemy, \u017ce \u00a012 marca 2916 roku organizowany jest wyjazd na edukacj\u0119 przyrodniczo-le\u015bn\u0105 do Nadle\u015bnictwa Wichrowo. Planowany w tym terminie wyjazd do Nadle\u015bnictwa Orneta odb\u0119dzie si\u0119 w innym terminie. Zapisy i wp\u0142ata przyjmowane b\u0119d\u0105 podczas zebrania 3 marca br. Przypominamy, \u017ce planowana wycieczka &#8222;Szlakiem zamk\u00f3w gotyckich&#8221; do Kwidzynia &#8211; wyjazd 7.45 Teatr Lalek, sobota\u00a027 lutego &nbsp;<\/p>\n","protected":false},"author":2,"featured_media":0,"comment_status":"open","ping_status":"open","sticky":false,"template":"","format":"standard","meta":{"footnotes":""},"categories":[1],"tags":[],"class_list":["post-2572","post","type-post","status-publish","format-standard","hentry","category-bez-kategorii"],"_links":{"self":[{"href":"https:\/\/www.milosnicylasu.olsztyn.pl\/index.php?rest_route=\/wp\/v2\/posts\/2572","targetHints":{"allow":["GET"]}}],"collection":[{"href":"https:\/\/www.milosnicylasu.olsztyn.pl\/index.php?rest_route=\/wp\/v2\/posts"}],"about":[{"href":"https:\/\/www.milosnicylasu.olsztyn.pl\/index.php?rest_route=\/wp\/v2\/types\/post"}],"author":[{"embeddable":true,"href":"https:\/\/www.milosnicylasu.olsztyn.pl\/index.php?rest_route=\/wp\/v2\/users\/2"}],"replies":[{"embeddable":true,"href":"https:\/\/www.milosnicylasu.olsztyn.pl\/index.php?rest_route=%2Fwp%2Fv2%2Fcomments&post=2572"}],"version-history":[{"count":1,"href":"https:\/\/www.milosnicylasu.olsztyn.pl\/index.php?rest_route=\/wp\/v2\/posts\/2572\/revisions"}],"predecessor-version":[{"id":2573,"href":"https:\/\/www.milosnicylasu.olsztyn.pl\/index.php?rest_route=\/wp\/v2\/posts\/2572\/revisions\/2573"}],"wp:attachment":[{"href":"https:\/\/www.milosnicylasu.olsztyn.pl\/index.php?rest_route=%2Fwp%2Fv2%2Fmedia&parent=2572"}],"wp:term":[{"taxonomy":"category","embeddable":true,"href":"https:\/\/www.milosnicylasu.olsztyn.pl\/index.php?rest_route=%2Fwp%2Fv2%2Fcategories&post=2572"},{"taxonomy":"post_tag","embeddable":true,"href":"https:\/\/www.milosnicylasu.olsztyn.pl\/index.php?rest_route=%2Fwp%2Fv2%2Ftags&post=2572"}],"curies":[{"name":"wp","href":"https:\/\/api.w.org\/{rel}","templated":true}]}}