{"id":2576,"date":"2016-03-02T16:52:51","date_gmt":"2016-03-02T15:52:51","guid":{"rendered":"http:\/\/www.milosnicylasu.olsztyn.pl\/?p=2576"},"modified":"2016-03-03T09:18:03","modified_gmt":"2016-03-03T08:18:03","slug":"szlakiem-zamkow-kwidzyn","status":"publish","type":"post","link":"https:\/\/www.milosnicylasu.olsztyn.pl\/?p=2576","title":{"rendered":"Szlakiem zamk\u00f3w &#8211; Kwidzy\u0144"},"content":{"rendered":"<p><a href=\"http:\/\/www.milosnicylasu.olsztyn.pl\/wp-content\/uploads\/2016\/03\/DSCN5663-www.jpg\" rel=\"attachment wp-att-2578\" data-rel=\"lightbox-image-0\" data-magnific_type=\"image\" data-rl_title=\"\" data-rl_caption=\"\" title=\"\"><img loading=\"lazy\" decoding=\"async\" class=\"size-medium wp-image-2578 alignleft\" src=\"http:\/\/www.milosnicylasu.olsztyn.pl\/wp-content\/uploads\/2016\/03\/DSCN5663-www-225x300.jpg\" alt=\"DSCN5663-www\" width=\"225\" height=\"300\" srcset=\"https:\/\/www.milosnicylasu.olsztyn.pl\/wp-content\/uploads\/2016\/03\/DSCN5663-www-225x300.jpg 225w, https:\/\/www.milosnicylasu.olsztyn.pl\/wp-content\/uploads\/2016\/03\/DSCN5663-www.jpg 768w\" sizes=\"auto, (max-width: 225px) 100vw, 225px\" \/><\/a><\/p>\n<p>&nbsp;<\/p>\n<p>27 lutego 50 cz\u0142onk\u00f3w i sympatyk\u00f3w Ko\u0142a Mi\u0142o\u015bnik\u00f3w Lasu i Militari\u00f3w wyruszy\u0142o do Kwidzynia aby zwiedzi\u0107 jeden z najbardziej specyficznych i imponuj\u0105cych zabytk\u00f3w gotyckiej architektury z XIV wieku &#8211;\u00a0<strong>kompleks katedry kwidzy\u0144skiej po\u0142\u0105czony z zamkiem kapitu\u0142y pomeza\u0144skiej.<a href=\"http:\/\/www.milosnicylasu.olsztyn.pl\/wp-content\/uploads\/2016\/03\/DSCN4841-www.jpg\" rel=\"attachment wp-att-2589\" data-rel=\"lightbox-image-1\" data-magnific_type=\"image\" data-rl_title=\"\" data-rl_caption=\"\" title=\"\"><img loading=\"lazy\" decoding=\"async\" class=\"alignnone size-medium wp-image-2589\" src=\"http:\/\/www.milosnicylasu.olsztyn.pl\/wp-content\/uploads\/2016\/03\/DSCN4841-www-300x225.jpg\" alt=\"DSCN4841-www\" width=\"300\" height=\"225\" srcset=\"https:\/\/www.milosnicylasu.olsztyn.pl\/wp-content\/uploads\/2016\/03\/DSCN4841-www-300x225.jpg 300w, https:\/\/www.milosnicylasu.olsztyn.pl\/wp-content\/uploads\/2016\/03\/DSCN4841-www-768x576.jpg 768w, https:\/\/www.milosnicylasu.olsztyn.pl\/wp-content\/uploads\/2016\/03\/DSCN4841-www.jpg 1024w, https:\/\/www.milosnicylasu.olsztyn.pl\/wp-content\/uploads\/2016\/03\/DSCN4841-www-400x300.jpg 400w\" sizes=\"auto, (max-width: 300px) 100vw, 300px\" \/><\/a><\/strong><\/p>\n<p>Kwidzyn to dawny gr\u00f3d Prus\u00f3w, zaj\u0119ty przez Krzy\u017cak\u00f3w w 1233 roku &#8211; w tym samym roku otrzyma\u0142 prawa miejskie. .W latach 1285-1587 by\u0142 siedzib\u0105 biskupstwa pomeza\u0144skiego. Zamek Kwidzyn to dawny gr\u00f3d Prus\u00f3w, zaj\u0119ty przez Krzy\u017cak\u00f3w w 1233 roku &#8211; w tym samym roku otrzyma\u0142 prawa miejskie. .W latach 1285-1587 by\u0142 siedzib\u0105 biskupstwa pomeza\u0144skiego. Zamek kapitu\u0142y pomeza\u0144skiej w Kwidzynie zosta\u0142 zbudowany na prze\u0142omie XIII i XIV wieku.<a href=\"http:\/\/www.milosnicylasu.olsztyn.pl\/wp-content\/uploads\/2016\/03\/DSCN5745-www.jpg\" rel=\"attachment wp-att-2583\" data-rel=\"lightbox-image-2\" data-magnific_type=\"image\" data-rl_title=\"\" data-rl_caption=\"\" title=\"\"><img loading=\"lazy\" decoding=\"async\" class=\"size-medium wp-image-2583 alignright\" src=\"http:\/\/www.milosnicylasu.olsztyn.pl\/wp-content\/uploads\/2016\/03\/DSCN5745-www-300x225.jpg\" alt=\"DSCN5745-www\" width=\"300\" height=\"225\" srcset=\"https:\/\/www.milosnicylasu.olsztyn.pl\/wp-content\/uploads\/2016\/03\/DSCN5745-www-300x225.jpg 300w, https:\/\/www.milosnicylasu.olsztyn.pl\/wp-content\/uploads\/2016\/03\/DSCN5745-www-768x576.jpg 768w, https:\/\/www.milosnicylasu.olsztyn.pl\/wp-content\/uploads\/2016\/03\/DSCN5745-www.jpg 1024w, https:\/\/www.milosnicylasu.olsztyn.pl\/wp-content\/uploads\/2016\/03\/DSCN5745-www-400x300.jpg 400w\" sizes=\"auto, (max-width: 300px) 100vw, 300px\" \/><\/a> Warowni\u0119 zbudowan\u0105 z ceg\u0142y na planie zbli\u017conym do kwadratu (48,7 x 49,6 m) wzniesiono na wysokim, prawym brzegu pradoliny Wis\u0142y. Do 1338 roku wybudowano skrzyd\u0142o wschodnie, s\u0105siaduj\u0105ce z pierwotnym ko\u015bcio\u0142em, a nast\u0119pnie skrzyd\u0142o po\u0142udniowe po\u0142\u0105czone wielk\u0105 wie\u017c\u0105-dzwonnic\u0105. W latach 1343-1355 wzniesiono od wschodu ko\u015bci\u00f3\u0142, po\u0142\u0105czony z zamkiem.<a href=\"http:\/\/www.milosnicylasu.olsztyn.pl\/wp-content\/uploads\/2016\/03\/DSCN4810-www.jpg\" rel=\"attachment wp-att-2591\" data-rel=\"lightbox-image-3\" data-magnific_type=\"image\" data-rl_title=\"\" data-rl_caption=\"\" title=\"\"><img loading=\"lazy\" decoding=\"async\" class=\"size-medium wp-image-2591 alignleft\" src=\"http:\/\/www.milosnicylasu.olsztyn.pl\/wp-content\/uploads\/2016\/03\/DSCN4810-www-225x300.jpg\" alt=\"DSCN4810-www\" width=\"225\" height=\"300\" srcset=\"https:\/\/www.milosnicylasu.olsztyn.pl\/wp-content\/uploads\/2016\/03\/DSCN4810-www-225x300.jpg 225w, https:\/\/www.milosnicylasu.olsztyn.pl\/wp-content\/uploads\/2016\/03\/DSCN4810-www.jpg 768w\" sizes=\"auto, (max-width: 225px) 100vw, 225px\" \/><\/a><\/p>\n<p>&nbsp;<\/p>\n<p><a href=\"http:\/\/www.milosnicylasu.olsztyn.pl\/wp-content\/uploads\/2016\/03\/DSCN5703-www.jpg\" rel=\"attachment wp-att-2579\" data-rel=\"lightbox-image-4\" data-magnific_type=\"image\" data-rl_title=\"\" data-rl_caption=\"\" title=\"\"><img loading=\"lazy\" decoding=\"async\" class=\"size-medium wp-image-2579 alignleft\" src=\"http:\/\/www.milosnicylasu.olsztyn.pl\/wp-content\/uploads\/2016\/03\/DSCN5703-www-300x225.jpg\" alt=\"DSCN5703-www\" width=\"300\" height=\"225\" srcset=\"https:\/\/www.milosnicylasu.olsztyn.pl\/wp-content\/uploads\/2016\/03\/DSCN5703-www-300x225.jpg 300w, https:\/\/www.milosnicylasu.olsztyn.pl\/wp-content\/uploads\/2016\/03\/DSCN5703-www-768x576.jpg 768w, https:\/\/www.milosnicylasu.olsztyn.pl\/wp-content\/uploads\/2016\/03\/DSCN5703-www.jpg 1024w, https:\/\/www.milosnicylasu.olsztyn.pl\/wp-content\/uploads\/2016\/03\/DSCN5703-www-400x300.jpg 400w\" sizes=\"auto, (max-width: 300px) 100vw, 300px\" \/><\/a>Ko\u015bci\u00f3\u0142 jest budowl\u0105 gotyck\u0105, ceglan\u0105, orientowan\u0105. Sk\u0142ada si\u0119 z pi\u0119ciobocznie zamkni\u0119tego, dwukondygnacyjnego ch\u00f3ru (uko\u0144czonego oko\u0142o 1335\/1340) i wyd\u0142u\u017conego, pi\u0119cioprz\u0119s\u0142owego korpusu o charakterze pseudobazyliki.<\/p>\n<p><a href=\"http:\/\/www.milosnicylasu.olsztyn.pl\/wp-content\/uploads\/2016\/03\/DSCN4817-www.jpg\" rel=\"attachment wp-att-2584\" data-rel=\"lightbox-image-5\" data-magnific_type=\"image\" data-rl_title=\"\" data-rl_caption=\"\" title=\"\"><img loading=\"lazy\" decoding=\"async\" class=\"size-medium wp-image-2584 alignright\" src=\"http:\/\/www.milosnicylasu.olsztyn.pl\/wp-content\/uploads\/2016\/03\/DSCN4817-www-225x300.jpg\" alt=\"DSCN4817-www\" width=\"225\" height=\"300\" srcset=\"https:\/\/www.milosnicylasu.olsztyn.pl\/wp-content\/uploads\/2016\/03\/DSCN4817-www-225x300.jpg 225w, https:\/\/www.milosnicylasu.olsztyn.pl\/wp-content\/uploads\/2016\/03\/DSCN4817-www.jpg 768w\" sizes=\"auto, (max-width: 225px) 100vw, 225px\" \/><\/a>Prezbiterium i nawa g\u0142\u00f3wna kryte s\u0105 sklepieniem gwia\u017adzistym z \u017cebrem przewodnim, nawy boczne sklepieniem tr\u00f3jdzielnym. Zachodnia elewacja \u015bwi\u0105tyni \u0142\u0105czy\u0142a si\u0119 bezpo\u015brednio z zamkiem kapitulnym.<\/p>\n<p>&nbsp;<\/p>\n<p>Od strony po\u0142udniowo-zachodniej wzmocni\u0142a j\u0105 wysoka wie\u017ca, pe\u0142ni\u0105ca nie tylko rol\u0119 dzwonnicy, ale te\u017c funkcje obserwacyjno-obronne jako g\u0142\u00f3wna wie\u017ca \u00a0zamkowa (cz\u0119\u015b\u0107 g\u00f3rna pochodzi dopiero z ko\u0144ca XV w.).<\/p>\n<p>&nbsp;<\/p>\n<p>Obronne funkcje ko\u015bcio\u0142a wzmacnia\u0142 kru\u017cganek \u00a0biegn\u0105cy na poddaszu korpusu \u00a0i ch\u00f3ru oraz dwie masywne o\u015bmioboczne wie\u017cyczki schodowe przy prezbiterium. D\u0142. budowli wynosi 86 m, szer. 25 m, wys. nawy g\u0142\u00f3wnej 21 m, naw bocznych 14,5 m. Dzwonnica ma 59 m wys.<\/p>\n<p><a href=\"http:\/\/www.milosnicylasu.olsztyn.pl\/wp-content\/uploads\/2016\/03\/DSCN4845-www.jpg\" rel=\"attachment wp-att-2581\" data-rel=\"lightbox-image-6\" data-magnific_type=\"image\" data-rl_title=\"\" data-rl_caption=\"\" title=\"\"><img loading=\"lazy\" decoding=\"async\" class=\"size-medium wp-image-2581 alignleft\" src=\"http:\/\/www.milosnicylasu.olsztyn.pl\/wp-content\/uploads\/2016\/03\/DSCN4845-www-300x225.jpg\" alt=\"DSCN4845-www\" width=\"300\" height=\"225\" srcset=\"https:\/\/www.milosnicylasu.olsztyn.pl\/wp-content\/uploads\/2016\/03\/DSCN4845-www-300x225.jpg 300w, https:\/\/www.milosnicylasu.olsztyn.pl\/wp-content\/uploads\/2016\/03\/DSCN4845-www-768x576.jpg 768w, https:\/\/www.milosnicylasu.olsztyn.pl\/wp-content\/uploads\/2016\/03\/DSCN4845-www.jpg 1024w, https:\/\/www.milosnicylasu.olsztyn.pl\/wp-content\/uploads\/2016\/03\/DSCN4845-www-400x300.jpg 400w\" sizes=\"auto, (max-width: 300px) 100vw, 300px\" \/><\/a><\/p>\n<p>&nbsp;<\/p>\n<p>&nbsp;<\/p>\n<p>&nbsp;<\/p>\n<p>&nbsp;<\/p>\n<p>W drugiej po\u0142owie XIV wieku \u00a0dobudowano do zamku od zachodu gdanisko, do kt\u00f3rego prowadzi wsparty na arkadach, kryty ganek o d\u0142ugo\u015bci 54 m.<\/p>\n<p>Wychodek to tak zwane gdanisko, czyli ufortyfikowana wie\u017ca znajduj\u0105ca si\u0119 w pewnej odleg\u0142o\u015bci od zamku i bezpo\u015brednio z nim po\u0142\u0105czona za pomoc\u0105 ganku. To w\u0142a\u015bnie ten ganek w Kwidzynie jest niezwykle ciekawy, jest bowiem najd\u0142u\u017cszym i najbardziej malowniczym po\u0142\u0105czeniem zamku z obronnym wychodkiem. Dzi\u0119ki takiej odleg\u0142ej lokalizacji wychodka, nieczysto\u015bci od razu l\u0105dowa\u0142y w fosie albo pobliskiej rzece, co znacznie poprawia\u0142o warunki sanitarne w samej fortecy.<\/p>\n<div class=\"desc-mini\">\n<p><strong>\u00a0W gotyckim zamku kwidzy\u0144skim mie\u015bci si\u0119 Muzeum Zamkowe, kt\u00f3rym kieruje pan Janusz Cyga\u0144ski, d\u0142ugoletni dyrektor Muzeum Warmii i Mazur w Olsztynie. Dzi\u0119ki Panu Januszowi mieli\u015bmy wspania\u0142ych przewodnik\u00f3w po katedrze i po zamku. Kto\u015b powiedzia\u0142 w trakcie zwiedzania: &#8222;to nie tylko przewodnicy, to arty\u015bci&#8221;.<\/strong><\/p>\n<\/div>\n<div class=\"desc-full\">\n<p>\u00a0Zamek posiada bogate i szczeg\u00f3lnie interesuj\u0105ce zbiory muzealne reprezentuj\u0105ce kultur\u0119 materialn\u0105 Dolnego Powi\u015bla (obejmuj\u0105cego: ziemie kwidzy\u0144sk\u0105, susk\u0105 i sztumsk\u0105). Eksponaty muzealne s\u0105 podzielone na kilka dzia\u0142\u00f3w: historyczny, broni i przyrodniczy, etnograficzny, rzemios\u0142a artystycznego. Niezwykle interesuj\u0105ce s\u0105 zbiory historyczne, kt\u00f3re zawieraj\u0105 m.in. ekspozycj\u0119 \u015bredniowiecznych narz\u0119dzi tortur, posiadaj\u0105ce ciekawe nazwy, np. skrzypce hiszpa\u0144skie, p\u0142aszcz hiszpa\u0144ski, kuna oraz pie\u0144 i top\u00f3r katowski. Ciekawostk\u0105\u00a0 jest \u201eszafa Juranda\u201d czyli szafa tortur, kt\u00f3ra by\u0142a rekwizytem w filmie \u201eKrzy\u017cacy\u201d. Najstarszym z zabytk\u00f3w w zbiorze broni jest bombarda krzy\u017cacka z pocz\u0105tku XV wieku. Ekspozycja przyrodnicza zajmuje w Muzeum\u00a0 du\u017co miejsca i zawiera rzadkie okazy ptak\u00f3w np. g\u0142uszca, dropa, \u015blepowrona,<\/p>\n<p>zbi\u00f3r samc\u00f3w bataliona.<\/p>\n<p><a href=\"http:\/\/www.milosnicylasu.olsztyn.pl\/wp-content\/uploads\/2016\/03\/DSCN5764-www.jpg\" rel=\"attachment wp-att-2586\" data-rel=\"lightbox-image-7\" data-magnific_type=\"image\" data-rl_title=\"\" data-rl_caption=\"\" title=\"\"><img loading=\"lazy\" decoding=\"async\" class=\"size-medium wp-image-2586 alignright\" src=\"http:\/\/www.milosnicylasu.olsztyn.pl\/wp-content\/uploads\/2016\/03\/DSCN5764-www-300x225.jpg\" alt=\"DSCN5764-www\" width=\"300\" height=\"225\" srcset=\"https:\/\/www.milosnicylasu.olsztyn.pl\/wp-content\/uploads\/2016\/03\/DSCN5764-www-300x225.jpg 300w, https:\/\/www.milosnicylasu.olsztyn.pl\/wp-content\/uploads\/2016\/03\/DSCN5764-www-768x576.jpg 768w, https:\/\/www.milosnicylasu.olsztyn.pl\/wp-content\/uploads\/2016\/03\/DSCN5764-www.jpg 1024w, https:\/\/www.milosnicylasu.olsztyn.pl\/wp-content\/uploads\/2016\/03\/DSCN5764-www-400x300.jpg 400w\" sizes=\"auto, (max-width: 300px) 100vw, 300px\" \/><\/a>Znajduj\u0105 si\u0119 tu zwierz\u0119ta z teren\u00f3w Polski p\u00f3\u0142nocnej a tak\u017ce egzotyczne tj. bizon, czy jak tybeta\u0144ski. Jest te\u017c wystawa szkielet\u00f3w np.\u00a0z\u0105b mamuta.<\/p>\n<p>&nbsp;<\/p>\n<p>&nbsp;<\/p>\n<p><a href=\"http:\/\/www.milosnicylasu.olsztyn.pl\/wp-content\/uploads\/2016\/03\/DSCN5752-www.jpg\" rel=\"attachment wp-att-2587\" data-rel=\"lightbox-image-8\" data-magnific_type=\"image\" data-rl_title=\"\" data-rl_caption=\"\" title=\"\"><img loading=\"lazy\" decoding=\"async\" class=\"size-medium wp-image-2587 alignleft\" src=\"http:\/\/www.milosnicylasu.olsztyn.pl\/wp-content\/uploads\/2016\/03\/DSCN5752-www-300x225.jpg\" alt=\"DSCN5752-www\" width=\"300\" height=\"225\" srcset=\"https:\/\/www.milosnicylasu.olsztyn.pl\/wp-content\/uploads\/2016\/03\/DSCN5752-www-300x225.jpg 300w, https:\/\/www.milosnicylasu.olsztyn.pl\/wp-content\/uploads\/2016\/03\/DSCN5752-www-768x576.jpg 768w, https:\/\/www.milosnicylasu.olsztyn.pl\/wp-content\/uploads\/2016\/03\/DSCN5752-www.jpg 1024w, https:\/\/www.milosnicylasu.olsztyn.pl\/wp-content\/uploads\/2016\/03\/DSCN5752-www-400x300.jpg 400w\" sizes=\"auto, (max-width: 300px) 100vw, 300px\" \/><\/a>W zbiorze etnograficznym mo\u017cemy znale\u017a\u0107 ciekaw\u0105 kolekcj\u0119 mebli polichromowanych, zbiory ceramiczne, kolekcj\u0119 skrzy\u0144, szaf itp.<\/p>\n<p>&nbsp;<\/p>\n<p>Dzia\u0142 rzemios\u0142a artystycznego prezentuje meble wykonane w warsztatach elbl\u0105skich, rze\u017aby sakralne z XV-XVIII wiek<\/p>\n<\/div>\n<p>&nbsp;<\/p>\n<p><a href=\"http:\/\/www.milosnicylasu.olsztyn.pl\/wp-content\/uploads\/2016\/03\/DSCN5669-www.jpg\" rel=\"attachment wp-att-2595\" data-rel=\"lightbox-image-9\" data-magnific_type=\"image\" data-rl_title=\"\" data-rl_caption=\"\" title=\"\"><img loading=\"lazy\" decoding=\"async\" class=\"size-medium wp-image-2595 alignright\" src=\"http:\/\/www.milosnicylasu.olsztyn.pl\/wp-content\/uploads\/2016\/03\/DSCN5669-www-225x300.jpg\" alt=\"DSCN5669-www\" width=\"225\" height=\"300\" srcset=\"https:\/\/www.milosnicylasu.olsztyn.pl\/wp-content\/uploads\/2016\/03\/DSCN5669-www-225x300.jpg 225w, https:\/\/www.milosnicylasu.olsztyn.pl\/wp-content\/uploads\/2016\/03\/DSCN5669-www.jpg 768w\" sizes=\"auto, (max-width: 225px) 100vw, 225px\" \/><\/a><\/p>\n<p>&nbsp;<\/p>\n<p>Katedra\u00a0w Kwidzynie w ostatnich latach wzbogaci\u0142a si\u0119 o jeszcze jedn\u0105 atrakcj\u0119: w 2007 roku, w trakcie prowadzonych tutaj bada\u0144 archeologicznych, natrafiono na trzy szkielety, kt\u00f3re najprawdopodobniej s\u0105 szcz\u0105tkami wielkich mistrz\u00f3w krzy\u017cackich.<\/p>\n<p>&nbsp;<\/p>\n<p>&nbsp;<\/p>\n","protected":false},"excerpt":{"rendered":"<p>&nbsp; 27 lutego 50 cz\u0142onk\u00f3w i sympatyk\u00f3w Ko\u0142a Mi\u0142o\u015bnik\u00f3w Lasu i Militari\u00f3w wyruszy\u0142o do Kwidzynia aby zwiedzi\u0107 jeden z najbardziej specyficznych i imponuj\u0105cych zabytk\u00f3w gotyckiej architektury z XIV wieku &#8211;\u00a0kompleks katedry kwidzy\u0144skiej po\u0142\u0105czony z zamkiem kapitu\u0142y pomeza\u0144skiej. Kwidzyn to dawny gr\u00f3d Prus\u00f3w, zaj\u0119ty przez Krzy\u017cak\u00f3w w 1233 roku &#8211; w tym samym roku otrzyma\u0142 prawa [&hellip;]<\/p>\n","protected":false},"author":2,"featured_media":0,"comment_status":"open","ping_status":"open","sticky":false,"template":"","format":"standard","meta":{"footnotes":""},"categories":[1,9,5],"tags":[],"class_list":["post-2576","post","type-post","status-publish","format-standard","hentry","category-bez-kategorii","category-ciekawostki","category-wycieczki"],"_links":{"self":[{"href":"https:\/\/www.milosnicylasu.olsztyn.pl\/index.php?rest_route=\/wp\/v2\/posts\/2576","targetHints":{"allow":["GET"]}}],"collection":[{"href":"https:\/\/www.milosnicylasu.olsztyn.pl\/index.php?rest_route=\/wp\/v2\/posts"}],"about":[{"href":"https:\/\/www.milosnicylasu.olsztyn.pl\/index.php?rest_route=\/wp\/v2\/types\/post"}],"author":[{"embeddable":true,"href":"https:\/\/www.milosnicylasu.olsztyn.pl\/index.php?rest_route=\/wp\/v2\/users\/2"}],"replies":[{"embeddable":true,"href":"https:\/\/www.milosnicylasu.olsztyn.pl\/index.php?rest_route=%2Fwp%2Fv2%2Fcomments&post=2576"}],"version-history":[{"count":9,"href":"https:\/\/www.milosnicylasu.olsztyn.pl\/index.php?rest_route=\/wp\/v2\/posts\/2576\/revisions"}],"predecessor-version":[{"id":2600,"href":"https:\/\/www.milosnicylasu.olsztyn.pl\/index.php?rest_route=\/wp\/v2\/posts\/2576\/revisions\/2600"}],"wp:attachment":[{"href":"https:\/\/www.milosnicylasu.olsztyn.pl\/index.php?rest_route=%2Fwp%2Fv2%2Fmedia&parent=2576"}],"wp:term":[{"taxonomy":"category","embeddable":true,"href":"https:\/\/www.milosnicylasu.olsztyn.pl\/index.php?rest_route=%2Fwp%2Fv2%2Fcategories&post=2576"},{"taxonomy":"post_tag","embeddable":true,"href":"https:\/\/www.milosnicylasu.olsztyn.pl\/index.php?rest_route=%2Fwp%2Fv2%2Ftags&post=2576"}],"curies":[{"name":"wp","href":"https:\/\/api.w.org\/{rel}","templated":true}]}}