{"id":2601,"date":"2016-03-06T06:17:00","date_gmt":"2016-03-06T05:17:00","guid":{"rendered":"http:\/\/www.milosnicylasu.olsztyn.pl\/?p=2601"},"modified":"2016-03-06T06:17:45","modified_gmt":"2016-03-06T05:17:45","slug":"jeszcze-o-kuligu-wspomnienie-danusi-bobrzeckiej","status":"publish","type":"post","link":"https:\/\/www.milosnicylasu.olsztyn.pl\/?p=2601","title":{"rendered":"Jeszcze o kuligu &#8211; wspomnienie Danusi Bobrzeckiej"},"content":{"rendered":"<p><strong>\u00a0\u00a0\u00a0\u00a0\u00a0\u00a0\u00a0\u00a0\u00a0 \u201e Kulig z bajkami\u201d<\/strong><\/p>\n<p>Ju\u017c od wieczora pada\u0142 \u015bnieg,<\/p>\n<p>Ci\u0119\u017cki, mokry, na ziemi leg\u0142,<\/p>\n<p>Na drzewach, krzakach zatrzyma\u0142,<\/p>\n<p>Czy\u017cby powr\u00f3ci\u0142a zima?<\/p>\n<p>Zimow\u0105 biel\u0105 wita\u0142 nas<\/p>\n<p>Wok\u00f3\u0142 Marengo cichy las,<\/p>\n<p>Bo tu mi\u0142o\u015bnicy las\u00f3w<\/p>\n<p>Za\u017cywali dzi\u015b wywczas\u00f3w,<\/p>\n<p>Z akademikami razem<\/p>\n<p>Jad\u0105c jednym, drugim wozem.<\/p>\n<p>\u017bar ogniska nas zaprasza,<\/p>\n<p>Sma\u017cy si\u0119 nasza kie\u0142basa,<\/p>\n<p>Z ust znane piosenki p\u0142yn\u0105,<\/p>\n<p>Wiatr je niesie nad dolin\u0105.<\/p>\n<p>Na pi\u0119terku, u kominka,<\/p>\n<p>Wszystkim ju\u017c leci \u015blinka<\/p>\n<p>Do pierog\u00f3w, tych kraszonych,<\/p>\n<p>Na p\u00f3\u0142miskach przynoszonych.<\/p>\n<p>K\u0142\u0119bukowscy nie pr\u00f3\u017cnuj\u0105,<\/p>\n<p>Now\u0105 zabaw\u0119 szykuj\u0105.<\/p>\n<p>Dzi\u015b bajkowy konkurs b\u0119dzie,<\/p>\n<p>Kto pierwsze miejsce zdob\u0119dzie?<\/p>\n<p>Scenariusze napisane,<\/p>\n<p>\u015amieszne teksty losowane:<\/p>\n<p>O Macosze i Kopciuszku,<\/p>\n<p>Bardzo Czerwonym Kapturku,<\/p>\n<p>\u015anie\u017cce oraz Krasnoludkach<\/p>\n<p>Schowanych w grzybkowych budkach.<\/p>\n<p>Przej\u0119tych aktor\u00f3w grono<\/p>\n<p>Przed kominkiem poproszono.<\/p>\n<p>Rysia, Micha\u0142 ju\u017c dzia\u0142aj\u0105<\/p>\n<p>I takowych przystrajaj\u0105<\/p>\n<p>Prze\u015bmiesznymi gad\u017cetami<\/p>\n<p>Bardzo trafnie dobranymi.<\/p>\n<p>To nie wszystko, bo widzowie<\/p>\n<p>Wt\u00f3rowali, co si\u0119 zowie<\/p>\n<p>Wsp\u00f3\u0142czesnymi piosenkami<\/p>\n<p>Tematycznie dobranymi.<\/p>\n<p>Kiedy bajki wystawiono,<\/p>\n<p>Zebra\u0142o si\u0119 Jury grono<\/p>\n<p>Trzy pierwsze\u00a0 miejsca przyznano,<\/p>\n<p>Oklaskami\u00a0 nagradzano:<\/p>\n<ol>\n<li>Wilka z \u201eCzerwonego Kapturka\u201d \/Antoni Jarczyk\/<\/li>\n<li>Wr\u00f3\u017ck\u0119 z legendy o \u201e Kopciuszku\u201d \/Danusia Burcz\/<\/li>\n<li>Macoch\u0119 z \u201eKr\u00f3lewny \u015anie\u017cki\u201d \/ Bogu\u015b Szut\/<\/li>\n<\/ol>\n<p>D\u0142ugo brawa brzmia\u0142y w ko\u0142o,<\/p>\n<p>Bawili\u015bmy si\u0119 weso\u0142o,<\/p>\n<p>Pij\u0105c zdrowie K\u0142\u0119bukowskich<\/p>\n<p>Za mn\u00f3stwo humoru, rado\u015bci.<\/p>\n<p>&nbsp;<\/p>\n<p><strong>Danuta Bobrzecka<\/strong><\/p>\n","protected":false},"excerpt":{"rendered":"<p>\u00a0\u00a0\u00a0\u00a0\u00a0\u00a0\u00a0\u00a0\u00a0 \u201e Kulig z bajkami\u201d Ju\u017c od wieczora pada\u0142 \u015bnieg, Ci\u0119\u017cki, mokry, na ziemi leg\u0142, Na drzewach, krzakach zatrzyma\u0142, Czy\u017cby powr\u00f3ci\u0142a zima? Zimow\u0105 biel\u0105 wita\u0142 nas Wok\u00f3\u0142 Marengo cichy las, Bo tu mi\u0142o\u015bnicy las\u00f3w Za\u017cywali dzi\u015b wywczas\u00f3w, Z akademikami razem Jad\u0105c jednym, drugim wozem. \u017bar ogniska nas zaprasza, Sma\u017cy si\u0119 nasza kie\u0142basa, Z ust znane [&hellip;]<\/p>\n","protected":false},"author":2,"featured_media":0,"comment_status":"open","ping_status":"open","sticky":false,"template":"","format":"standard","meta":{"footnotes":""},"categories":[1,9,7,14],"tags":[],"class_list":["post-2601","post","type-post","status-publish","format-standard","hentry","category-bez-kategorii","category-ciekawostki","category-wiersze","category-zabawy"],"_links":{"self":[{"href":"https:\/\/www.milosnicylasu.olsztyn.pl\/index.php?rest_route=\/wp\/v2\/posts\/2601","targetHints":{"allow":["GET"]}}],"collection":[{"href":"https:\/\/www.milosnicylasu.olsztyn.pl\/index.php?rest_route=\/wp\/v2\/posts"}],"about":[{"href":"https:\/\/www.milosnicylasu.olsztyn.pl\/index.php?rest_route=\/wp\/v2\/types\/post"}],"author":[{"embeddable":true,"href":"https:\/\/www.milosnicylasu.olsztyn.pl\/index.php?rest_route=\/wp\/v2\/users\/2"}],"replies":[{"embeddable":true,"href":"https:\/\/www.milosnicylasu.olsztyn.pl\/index.php?rest_route=%2Fwp%2Fv2%2Fcomments&post=2601"}],"version-history":[{"count":1,"href":"https:\/\/www.milosnicylasu.olsztyn.pl\/index.php?rest_route=\/wp\/v2\/posts\/2601\/revisions"}],"predecessor-version":[{"id":2602,"href":"https:\/\/www.milosnicylasu.olsztyn.pl\/index.php?rest_route=\/wp\/v2\/posts\/2601\/revisions\/2602"}],"wp:attachment":[{"href":"https:\/\/www.milosnicylasu.olsztyn.pl\/index.php?rest_route=%2Fwp%2Fv2%2Fmedia&parent=2601"}],"wp:term":[{"taxonomy":"category","embeddable":true,"href":"https:\/\/www.milosnicylasu.olsztyn.pl\/index.php?rest_route=%2Fwp%2Fv2%2Fcategories&post=2601"},{"taxonomy":"post_tag","embeddable":true,"href":"https:\/\/www.milosnicylasu.olsztyn.pl\/index.php?rest_route=%2Fwp%2Fv2%2Ftags&post=2601"}],"curies":[{"name":"wp","href":"https:\/\/api.w.org\/{rel}","templated":true}]}}