{"id":2603,"date":"2016-03-06T07:01:49","date_gmt":"2016-03-06T06:01:49","guid":{"rendered":"http:\/\/www.milosnicylasu.olsztyn.pl\/?p=2603"},"modified":"2016-03-06T07:07:47","modified_gmt":"2016-03-06T06:07:47","slug":"plenerowa-biesiada-kobiet","status":"publish","type":"post","link":"https:\/\/www.milosnicylasu.olsztyn.pl\/?p=2603","title":{"rendered":"Plenerowa biesiada kobiet"},"content":{"rendered":"<p><a href=\"http:\/\/www.milosnicylasu.olsztyn.pl\/wp-content\/uploads\/2016\/03\/DSCN5830-www.jpg\" rel=\"attachment wp-att-2604\" data-rel=\"lightbox-image-0\" data-magnific_type=\"image\" data-rl_title=\"\" data-rl_caption=\"\" title=\"\"><img loading=\"lazy\" decoding=\"async\" class=\"size-medium wp-image-2604 alignleft\" src=\"http:\/\/www.milosnicylasu.olsztyn.pl\/wp-content\/uploads\/2016\/03\/DSCN5830-www-300x225.jpg\" alt=\"DSCN5830-www\" width=\"300\" height=\"225\" srcset=\"https:\/\/www.milosnicylasu.olsztyn.pl\/wp-content\/uploads\/2016\/03\/DSCN5830-www-300x225.jpg 300w, https:\/\/www.milosnicylasu.olsztyn.pl\/wp-content\/uploads\/2016\/03\/DSCN5830-www-768x576.jpg 768w, https:\/\/www.milosnicylasu.olsztyn.pl\/wp-content\/uploads\/2016\/03\/DSCN5830-www.jpg 1024w, https:\/\/www.milosnicylasu.olsztyn.pl\/wp-content\/uploads\/2016\/03\/DSCN5830-www-400x300.jpg 400w\" sizes=\"auto, (max-width: 300px) 100vw, 300px\" \/><\/a><\/p>\n<p>5 marca 2016 roku w Nadle\u015bnictwie Kudypy &#8211; le\u015bnictwie Stary Dw\u00f3r odby\u0142a si\u0119 &#8222;Plenerowa biesiada kobiet&#8221;, w kt\u00f3rej uczestniczyli g\u0142\u00f3wnie panowie, dzieci i &#8230; panie. Tak, tak, na naszych rajdach przybywa\u0142o, przybywa\u0142o pan\u00f3w, a\u017c teraz s\u0105 w wi\u0119kszo\u015bci. Nie jest to jednak pow\u00f3d do smutku dla pa\u0144, a wr\u0119cz przeciwnie. czuj\u0105 si\u0119 bardziej adorowane.<\/p>\n<p><a href=\"http:\/\/www.milosnicylasu.olsztyn.pl\/wp-content\/uploads\/2016\/03\/DSCN5816-www.jpg\" rel=\"attachment wp-att-2605\" data-rel=\"lightbox-image-1\" data-magnific_type=\"image\" data-rl_title=\"\" data-rl_caption=\"\" title=\"\"><img loading=\"lazy\" decoding=\"async\" class=\"size-medium wp-image-2605 alignright\" src=\"http:\/\/www.milosnicylasu.olsztyn.pl\/wp-content\/uploads\/2016\/03\/DSCN5816-www-300x225.jpg\" alt=\"DSCN5816-www\" width=\"300\" height=\"225\" srcset=\"https:\/\/www.milosnicylasu.olsztyn.pl\/wp-content\/uploads\/2016\/03\/DSCN5816-www-300x225.jpg 300w, https:\/\/www.milosnicylasu.olsztyn.pl\/wp-content\/uploads\/2016\/03\/DSCN5816-www-768x576.jpg 768w, https:\/\/www.milosnicylasu.olsztyn.pl\/wp-content\/uploads\/2016\/03\/DSCN5816-www.jpg 1024w, https:\/\/www.milosnicylasu.olsztyn.pl\/wp-content\/uploads\/2016\/03\/DSCN5816-www-400x300.jpg 400w\" sizes=\"auto, (max-width: 300px) 100vw, 300px\" \/><\/a>Sobotnie spotkanie by\u0142o okazj\u0105 do podzi\u0119kowania Panu Wojciechowi D\u0105browskiemu, le\u015bniczemu z Le\u015bnictwa Stary Dw\u00f3r za wsp\u00f3\u0142prac\u0119 z naszym Ko\u0142em w minionym roku. Dzi\u0119ki panu Wojciechowi, w czasie le\u015bnych rajd\u00f3w, mogli\u015bmy odpocz\u0105\u0107 pod wiat\u0105, ogrza\u0107 si\u0119 przy ognisku.<\/p>\n<p>Cz\u0119sto te\u017c pan Wojciech przychodzi\u0142 do nas z rodzin\u0105 \u00a0Poznali\u015bmy te\u015bciow\u0105, \u017con\u0119, dzieci. \u00a0W minion\u0105 sobot\u0119 otrzyma\u0142 legitymacj\u0119 cz\u0142onkowsk\u0105 Ko\u0142a Mi\u0142o\u015bnik\u00f3w Lasu i Militari\u00f3w LOK przy ATW w Olsztynie, puchar za pomoc, wsparcie \u00a0dzia\u0142alno\u015bci Ko\u0142a. Ca\u0142ej Rodzinie z\u0142o\u017cyli\u015bmy \u00a0\u017cyczenia \u015bwi\u0105teczne. &#8222;Za\u0142\u0105cznikiem&#8221; by\u0142o jajko wielkanocne zrobione przez Krystyn\u0119 Leszczy\u0144sk\u0105 \u00a0oraz upominki dla dzieci przygotowane przez Stefani\u0119 i Antoniego Jarczyk\u00f3w.<\/p>\n<p><strong>Dzi\u0119kujemy jeszcze raz Panu Wojciechowi i gratulujemy fajnej Rodziny!<\/strong><\/p>\n<p><a href=\"http:\/\/www.milosnicylasu.olsztyn.pl\/wp-content\/uploads\/2016\/03\/DSCN5831-www.jpg\" rel=\"attachment wp-att-2607\" data-rel=\"lightbox-image-2\" data-magnific_type=\"image\" data-rl_title=\"\" data-rl_caption=\"\" title=\"\"><img loading=\"lazy\" decoding=\"async\" class=\"size-medium wp-image-2607 alignleft\" src=\"http:\/\/www.milosnicylasu.olsztyn.pl\/wp-content\/uploads\/2016\/03\/DSCN5831-www-300x225.jpg\" alt=\"DSCN5831-www\" width=\"300\" height=\"225\" srcset=\"https:\/\/www.milosnicylasu.olsztyn.pl\/wp-content\/uploads\/2016\/03\/DSCN5831-www-300x225.jpg 300w, https:\/\/www.milosnicylasu.olsztyn.pl\/wp-content\/uploads\/2016\/03\/DSCN5831-www-768x576.jpg 768w, https:\/\/www.milosnicylasu.olsztyn.pl\/wp-content\/uploads\/2016\/03\/DSCN5831-www.jpg 1024w, https:\/\/www.milosnicylasu.olsztyn.pl\/wp-content\/uploads\/2016\/03\/DSCN5831-www-400x300.jpg 400w\" sizes=\"auto, (max-width: 300px) 100vw, 300px\" \/><\/a><\/p>\n<p>&nbsp;<\/p>\n<p>Plenerow\u0105 biesiad\u0119 kobiet u\u015bwietni\u0142y Marysia Duch i Rysia K\u0142\u0119bukowska, kt\u00f3re przygotowa\u0142y teksty piosenek,<a href=\"http:\/\/www.milosnicylasu.olsztyn.pl\/wp-content\/uploads\/2016\/03\/DSCN5824-www.jpg\" rel=\"attachment wp-att-2606\" data-rel=\"lightbox-image-3\" data-magnific_type=\"image\" data-rl_title=\"\" data-rl_caption=\"\" title=\"\"><img loading=\"lazy\" decoding=\"async\" class=\"size-medium wp-image-2606 alignright\" src=\"http:\/\/www.milosnicylasu.olsztyn.pl\/wp-content\/uploads\/2016\/03\/DSCN5824-www-300x225.jpg\" alt=\"DSCN5824-www\" width=\"300\" height=\"225\" srcset=\"https:\/\/www.milosnicylasu.olsztyn.pl\/wp-content\/uploads\/2016\/03\/DSCN5824-www-300x225.jpg 300w, https:\/\/www.milosnicylasu.olsztyn.pl\/wp-content\/uploads\/2016\/03\/DSCN5824-www-768x576.jpg 768w, https:\/\/www.milosnicylasu.olsztyn.pl\/wp-content\/uploads\/2016\/03\/DSCN5824-www.jpg 1024w, https:\/\/www.milosnicylasu.olsztyn.pl\/wp-content\/uploads\/2016\/03\/DSCN5824-www-400x300.jpg 400w\" sizes=\"auto, (max-width: 300px) 100vw, 300px\" \/><\/a><\/p>\n<p>&nbsp;<\/p>\n<p>&nbsp;<\/p>\n<p>&nbsp;<\/p>\n<p>&nbsp;<\/p>\n<p>oraz prezes Anatol Leszczy\u0144ski, kt\u00f3ry pocz\u0119stowa\u0142 cukierkami &#8211; nie tylko panie.<\/p>\n<p>&nbsp;<\/p>\n","protected":false},"excerpt":{"rendered":"<p>5 marca 2016 roku w Nadle\u015bnictwie Kudypy &#8211; le\u015bnictwie Stary Dw\u00f3r odby\u0142a si\u0119 &#8222;Plenerowa biesiada kobiet&#8221;, w kt\u00f3rej uczestniczyli g\u0142\u00f3wnie panowie, dzieci i &#8230; panie. Tak, tak, na naszych rajdach przybywa\u0142o, przybywa\u0142o pan\u00f3w, a\u017c teraz s\u0105 w wi\u0119kszo\u015bci. Nie jest to jednak pow\u00f3d do smutku dla pa\u0144, a wr\u0119cz przeciwnie. czuj\u0105 si\u0119 bardziej adorowane. Sobotnie [&hellip;]<\/p>\n","protected":false},"author":2,"featured_media":0,"comment_status":"open","ping_status":"open","sticky":false,"template":"","format":"standard","meta":{"footnotes":""},"categories":[1,9,2],"tags":[],"class_list":["post-2603","post","type-post","status-publish","format-standard","hentry","category-bez-kategorii","category-ciekawostki","category-rajdy"],"_links":{"self":[{"href":"https:\/\/www.milosnicylasu.olsztyn.pl\/index.php?rest_route=\/wp\/v2\/posts\/2603","targetHints":{"allow":["GET"]}}],"collection":[{"href":"https:\/\/www.milosnicylasu.olsztyn.pl\/index.php?rest_route=\/wp\/v2\/posts"}],"about":[{"href":"https:\/\/www.milosnicylasu.olsztyn.pl\/index.php?rest_route=\/wp\/v2\/types\/post"}],"author":[{"embeddable":true,"href":"https:\/\/www.milosnicylasu.olsztyn.pl\/index.php?rest_route=\/wp\/v2\/users\/2"}],"replies":[{"embeddable":true,"href":"https:\/\/www.milosnicylasu.olsztyn.pl\/index.php?rest_route=%2Fwp%2Fv2%2Fcomments&post=2603"}],"version-history":[{"count":2,"href":"https:\/\/www.milosnicylasu.olsztyn.pl\/index.php?rest_route=\/wp\/v2\/posts\/2603\/revisions"}],"predecessor-version":[{"id":2610,"href":"https:\/\/www.milosnicylasu.olsztyn.pl\/index.php?rest_route=\/wp\/v2\/posts\/2603\/revisions\/2610"}],"wp:attachment":[{"href":"https:\/\/www.milosnicylasu.olsztyn.pl\/index.php?rest_route=%2Fwp%2Fv2%2Fmedia&parent=2603"}],"wp:term":[{"taxonomy":"category","embeddable":true,"href":"https:\/\/www.milosnicylasu.olsztyn.pl\/index.php?rest_route=%2Fwp%2Fv2%2Fcategories&post=2603"},{"taxonomy":"post_tag","embeddable":true,"href":"https:\/\/www.milosnicylasu.olsztyn.pl\/index.php?rest_route=%2Fwp%2Fv2%2Ftags&post=2603"}],"curies":[{"name":"wp","href":"https:\/\/api.w.org\/{rel}","templated":true}]}}