{"id":2611,"date":"2016-03-07T06:45:50","date_gmt":"2016-03-07T05:45:50","guid":{"rendered":"http:\/\/www.milosnicylasu.olsztyn.pl\/?p=2611"},"modified":"2016-03-07T06:46:15","modified_gmt":"2016-03-07T05:46:15","slug":"przepis-na-rogaliki-od-tereski-zemojcin","status":"publish","type":"post","link":"https:\/\/www.milosnicylasu.olsztyn.pl\/?p=2611","title":{"rendered":"Przepis na rogaliki od Tereski \u017bemojcin"},"content":{"rendered":"<p><a href=\"http:\/\/www.milosnicylasu.olsztyn.pl\/wp-content\/uploads\/2016\/03\/DSCN5799-www.jpg\" rel=\"attachment wp-att-2612\" data-rel=\"lightbox-image-0\" data-magnific_type=\"image\" data-rl_title=\"\" data-rl_caption=\"\" title=\"\"><img loading=\"lazy\" decoding=\"async\" class=\"size-medium wp-image-2612 alignleft\" src=\"http:\/\/www.milosnicylasu.olsztyn.pl\/wp-content\/uploads\/2016\/03\/DSCN5799-www-300x225.jpg\" alt=\"DSCN5799-www\" width=\"300\" height=\"225\" srcset=\"https:\/\/www.milosnicylasu.olsztyn.pl\/wp-content\/uploads\/2016\/03\/DSCN5799-www-300x225.jpg 300w, https:\/\/www.milosnicylasu.olsztyn.pl\/wp-content\/uploads\/2016\/03\/DSCN5799-www-768x576.jpg 768w, https:\/\/www.milosnicylasu.olsztyn.pl\/wp-content\/uploads\/2016\/03\/DSCN5799-www.jpg 1024w, https:\/\/www.milosnicylasu.olsztyn.pl\/wp-content\/uploads\/2016\/03\/DSCN5799-www-400x300.jpg 400w\" sizes=\"auto, (max-width: 300px) 100vw, 300px\" \/><\/a><\/p>\n<p><strong>\u00a0\u00a0\u00a0 Rogaliki krucho \u2013 dro\u017cd\u017cowe<\/strong><\/p>\n<p>&nbsp;<\/p>\n<p>Dro\u017cd\u017ce 50 g rozkruszy\u0107; 1 \u0142y\u017cka cukru, 1\/3 szklanki ciep\u0142ego mleka, 3 \u0142y\u017cki m\u0105ki wymiesza\u0107 i odstawi\u0107 do \u201druszenia\u201d na 15- 20 minut. M\u0105ka 0,5 kg + 250 g mas\u0142a lub \u201e Kasi\u201d starannie po\u0142\u0105czy\u0107, nast\u0119pnie doda\u0107 rozmieszane 3 \u2013 4 jaja ca\u0142e, szczypt\u0119 soli i wszystko razem wyrobi\u0107. Ciasto wstawi\u0107 do lod\u00f3wki a\u017c wyro\u015bnie \/ oko\u0142o 1 godzina\/. Kawa\u0142ki ciasta rozwa\u0142kowa\u0107 na prostok\u0105ty szeroko\u015bci oko\u0142o 15 \u2013 16 cm. Grubo\u015bci 3 \u2013 4 milimetry.<\/p>\n<p>Pokroi\u0107 na tr\u00f3jk\u0105ty, po\u0142o\u017cy\u0107 troch\u0119 d\u017cemu z pigwy, wi\u015bnie, kawa\u0142ki jab\u0142ka itp. Zawin\u0105\u0107 w rogalik.<\/p>\n<p>Na blaszce musz\u0105 troch\u0119 podrosn\u0105\u0107, posmarowa\u0107 rozbitym jajkiem. Piec w nagrzanym piekarniku \u2013 180 stop. Celcjusza \u00a0oko\u0142o 20 minut.<\/p>\n<p>Rogaliki polukrowa\u0107\u00a0 : 1 szklanka cukru pudru, sok z \u00bd cytryny, 4 \u2013 5 \u0142y\u017cek wrz\u0105cej wody.<\/p>\n<p>Paszteciki<\/p>\n<p>Z tego samego ciasta mo\u017cna upiec paszteciki z r\u00f3\u017cnym nadzieniem \u2013 z wierzchu posypa\u0107 kminkiem.<\/p>\n<p>Tereska robi ciasto z podw\u00f3jnej ilo\u015bci \u2013 po\u0142ow\u0119 na rogaliki, po\u0142owa na paszteciki.<\/p>\n<p>&nbsp;<\/p>\n<p><strong>Smacznego!<\/strong><\/p>\n<p>Przepis od \u00a0Teresy \u017bemojcin<\/p>\n<p>&nbsp;<\/p>\n","protected":false},"excerpt":{"rendered":"<p>\u00a0\u00a0\u00a0 Rogaliki krucho \u2013 dro\u017cd\u017cowe &nbsp; Dro\u017cd\u017ce 50 g rozkruszy\u0107; 1 \u0142y\u017cka cukru, 1\/3 szklanki ciep\u0142ego mleka, 3 \u0142y\u017cki m\u0105ki wymiesza\u0107 i odstawi\u0107 do \u201druszenia\u201d na 15- 20 minut. M\u0105ka 0,5 kg + 250 g mas\u0142a lub \u201e Kasi\u201d starannie po\u0142\u0105czy\u0107, nast\u0119pnie doda\u0107 rozmieszane 3 \u2013 4 jaja ca\u0142e, szczypt\u0119 soli i wszystko razem wyrobi\u0107. [&hellip;]<\/p>\n","protected":false},"author":2,"featured_media":0,"comment_status":"open","ping_status":"open","sticky":false,"template":"","format":"standard","meta":{"footnotes":""},"categories":[1,9],"tags":[],"class_list":["post-2611","post","type-post","status-publish","format-standard","hentry","category-bez-kategorii","category-ciekawostki"],"_links":{"self":[{"href":"https:\/\/www.milosnicylasu.olsztyn.pl\/index.php?rest_route=\/wp\/v2\/posts\/2611","targetHints":{"allow":["GET"]}}],"collection":[{"href":"https:\/\/www.milosnicylasu.olsztyn.pl\/index.php?rest_route=\/wp\/v2\/posts"}],"about":[{"href":"https:\/\/www.milosnicylasu.olsztyn.pl\/index.php?rest_route=\/wp\/v2\/types\/post"}],"author":[{"embeddable":true,"href":"https:\/\/www.milosnicylasu.olsztyn.pl\/index.php?rest_route=\/wp\/v2\/users\/2"}],"replies":[{"embeddable":true,"href":"https:\/\/www.milosnicylasu.olsztyn.pl\/index.php?rest_route=%2Fwp%2Fv2%2Fcomments&post=2611"}],"version-history":[{"count":1,"href":"https:\/\/www.milosnicylasu.olsztyn.pl\/index.php?rest_route=\/wp\/v2\/posts\/2611\/revisions"}],"predecessor-version":[{"id":2613,"href":"https:\/\/www.milosnicylasu.olsztyn.pl\/index.php?rest_route=\/wp\/v2\/posts\/2611\/revisions\/2613"}],"wp:attachment":[{"href":"https:\/\/www.milosnicylasu.olsztyn.pl\/index.php?rest_route=%2Fwp%2Fv2%2Fmedia&parent=2611"}],"wp:term":[{"taxonomy":"category","embeddable":true,"href":"https:\/\/www.milosnicylasu.olsztyn.pl\/index.php?rest_route=%2Fwp%2Fv2%2Fcategories&post=2611"},{"taxonomy":"post_tag","embeddable":true,"href":"https:\/\/www.milosnicylasu.olsztyn.pl\/index.php?rest_route=%2Fwp%2Fv2%2Ftags&post=2611"}],"curies":[{"name":"wp","href":"https:\/\/api.w.org\/{rel}","templated":true}]}}