{"id":2618,"date":"2016-03-07T17:40:42","date_gmt":"2016-03-07T16:40:42","guid":{"rendered":"http:\/\/www.milosnicylasu.olsztyn.pl\/?p=2618"},"modified":"2016-03-07T17:42:02","modified_gmt":"2016-03-07T16:42:02","slug":"wiosna-tuz-tuz","status":"publish","type":"post","link":"https:\/\/www.milosnicylasu.olsztyn.pl\/?p=2618","title":{"rendered":"Wiosna&#8230; tu\u017c tu\u017c"},"content":{"rendered":"<h1 title=\"Wczesna wiosna w duszy\"><a class=\"blue\" href=\"http:\/\/wiersze.kobieta.pl\/wiersze\/wczesna-wiosna-duszy-48394\">Wczesna wiosna w duszy<\/a><\/h1>\n<p><a href=\"http:\/\/www.milosnicylasu.olsztyn.pl\/wp-content\/uploads\/2016\/03\/DSCN5834-www.jpg\" rel=\"attachment wp-att-2619\" data-rel=\"lightbox-image-0\" data-magnific_type=\"image\" data-rl_title=\"\" data-rl_caption=\"\" title=\"\"><img loading=\"lazy\" decoding=\"async\" class=\"size-medium wp-image-2619 alignleft\" src=\"http:\/\/www.milosnicylasu.olsztyn.pl\/wp-content\/uploads\/2016\/03\/DSCN5834-www-300x225.jpg\" alt=\"DSCN5834-www\" width=\"300\" height=\"225\" srcset=\"https:\/\/www.milosnicylasu.olsztyn.pl\/wp-content\/uploads\/2016\/03\/DSCN5834-www-300x225.jpg 300w, https:\/\/www.milosnicylasu.olsztyn.pl\/wp-content\/uploads\/2016\/03\/DSCN5834-www-768x576.jpg 768w, https:\/\/www.milosnicylasu.olsztyn.pl\/wp-content\/uploads\/2016\/03\/DSCN5834-www.jpg 1024w, https:\/\/www.milosnicylasu.olsztyn.pl\/wp-content\/uploads\/2016\/03\/DSCN5834-www-400x300.jpg 400w\" sizes=\"auto, (max-width: 300px) 100vw, 300px\" \/><\/a>Tak wiele rzeczy ostatnio zrozumia\u0142am&#8230;<\/p>\n<p>Okrzep\u0142am&#8230; R\u00f3wnowag\u0119 odzyska\u0142am&#8230;<\/p>\n<p>Patrz\u0119 na \u015bwiat innymi oczami&#8230;<br \/>\nStaram si\u0119 \u017cy\u0107 nie tylko marzeniami&#8230;<\/p>\n<p>Chc\u0119 odnale\u017a\u0107 nowe \u015bcie\u017cki do ludzi&#8230;<br \/>\nCzuj\u0119, \u017ce wczesna wiosna si\u0119 we mnie budzi&#8230;<br \/>\nWczesna &#8211; bo czasem \u015bnieg jeszcze pruszy&#8230;<a href=\"http:\/\/www.milosnicylasu.olsztyn.pl\/wp-content\/uploads\/2016\/03\/DSCN5842-www.jpg\" rel=\"attachment wp-att-2621\" data-rel=\"lightbox-image-1\" data-magnific_type=\"image\" data-rl_title=\"\" data-rl_caption=\"\" title=\"\"><img loading=\"lazy\" decoding=\"async\" class=\"size-medium wp-image-2621 alignright\" src=\"http:\/\/www.milosnicylasu.olsztyn.pl\/wp-content\/uploads\/2016\/03\/DSCN5842-www-300x225.jpg\" alt=\"DSCN5842-www\" width=\"300\" height=\"225\" srcset=\"https:\/\/www.milosnicylasu.olsztyn.pl\/wp-content\/uploads\/2016\/03\/DSCN5842-www-300x225.jpg 300w, https:\/\/www.milosnicylasu.olsztyn.pl\/wp-content\/uploads\/2016\/03\/DSCN5842-www-768x576.jpg 768w, https:\/\/www.milosnicylasu.olsztyn.pl\/wp-content\/uploads\/2016\/03\/DSCN5842-www.jpg 1024w, https:\/\/www.milosnicylasu.olsztyn.pl\/wp-content\/uploads\/2016\/03\/DSCN5842-www-400x300.jpg 400w\" sizes=\"auto, (max-width: 300px) 100vw, 300px\" \/><\/a><\/p>\n<p>&nbsp;<\/p>\n<p>Ale zakwit\u0142y ju\u017c pierwsze kwiaty w mojej duszy&#8230;<br \/>\nI jestem bardziej przyjazna dla \u015bwiata&#8230;<a href=\"http:\/\/www.milosnicylasu.olsztyn.pl\/wp-content\/uploads\/2016\/03\/DSCN5841-www.jpg\" rel=\"attachment wp-att-2620\" data-rel=\"lightbox-image-2\" data-magnific_type=\"image\" data-rl_title=\"\" data-rl_caption=\"\" title=\"\"><img loading=\"lazy\" decoding=\"async\" class=\"size-medium wp-image-2620 alignleft\" src=\"http:\/\/www.milosnicylasu.olsztyn.pl\/wp-content\/uploads\/2016\/03\/DSCN5841-www-300x225.jpg\" alt=\"DSCN5841-www\" width=\"300\" height=\"225\" srcset=\"https:\/\/www.milosnicylasu.olsztyn.pl\/wp-content\/uploads\/2016\/03\/DSCN5841-www-300x225.jpg 300w, https:\/\/www.milosnicylasu.olsztyn.pl\/wp-content\/uploads\/2016\/03\/DSCN5841-www-768x576.jpg 768w, https:\/\/www.milosnicylasu.olsztyn.pl\/wp-content\/uploads\/2016\/03\/DSCN5841-www.jpg 1024w, https:\/\/www.milosnicylasu.olsztyn.pl\/wp-content\/uploads\/2016\/03\/DSCN5841-www-400x300.jpg 400w\" sizes=\"auto, (max-width: 300px) 100vw, 300px\" \/><\/a><\/p>\n<p>&nbsp;<\/p>\n<p>&nbsp;<\/p>\n<p>Czekam teraz na pe\u0142ni\u0119.<\/p>\n","protected":false},"excerpt":{"rendered":"<p>Wczesna wiosna w duszy Tak wiele rzeczy ostatnio zrozumia\u0142am&#8230; Okrzep\u0142am&#8230; R\u00f3wnowag\u0119 odzyska\u0142am&#8230; Patrz\u0119 na \u015bwiat innymi oczami&#8230; Staram si\u0119 \u017cy\u0107 nie tylko marzeniami&#8230; Chc\u0119 odnale\u017a\u0107 nowe \u015bcie\u017cki do ludzi&#8230; Czuj\u0119, \u017ce wczesna wiosna si\u0119 we mnie budzi&#8230; Wczesna &#8211; bo czasem \u015bnieg jeszcze pruszy&#8230; &nbsp; Ale zakwit\u0142y ju\u017c pierwsze kwiaty w mojej duszy&#8230; I jestem [&hellip;]<\/p>\n","protected":false},"author":2,"featured_media":0,"comment_status":"open","ping_status":"open","sticky":false,"template":"","format":"standard","meta":{"footnotes":""},"categories":[1,9,7],"tags":[],"class_list":["post-2618","post","type-post","status-publish","format-standard","hentry","category-bez-kategorii","category-ciekawostki","category-wiersze"],"_links":{"self":[{"href":"https:\/\/www.milosnicylasu.olsztyn.pl\/index.php?rest_route=\/wp\/v2\/posts\/2618","targetHints":{"allow":["GET"]}}],"collection":[{"href":"https:\/\/www.milosnicylasu.olsztyn.pl\/index.php?rest_route=\/wp\/v2\/posts"}],"about":[{"href":"https:\/\/www.milosnicylasu.olsztyn.pl\/index.php?rest_route=\/wp\/v2\/types\/post"}],"author":[{"embeddable":true,"href":"https:\/\/www.milosnicylasu.olsztyn.pl\/index.php?rest_route=\/wp\/v2\/users\/2"}],"replies":[{"embeddable":true,"href":"https:\/\/www.milosnicylasu.olsztyn.pl\/index.php?rest_route=%2Fwp%2Fv2%2Fcomments&post=2618"}],"version-history":[{"count":3,"href":"https:\/\/www.milosnicylasu.olsztyn.pl\/index.php?rest_route=\/wp\/v2\/posts\/2618\/revisions"}],"predecessor-version":[{"id":2624,"href":"https:\/\/www.milosnicylasu.olsztyn.pl\/index.php?rest_route=\/wp\/v2\/posts\/2618\/revisions\/2624"}],"wp:attachment":[{"href":"https:\/\/www.milosnicylasu.olsztyn.pl\/index.php?rest_route=%2Fwp%2Fv2%2Fmedia&parent=2618"}],"wp:term":[{"taxonomy":"category","embeddable":true,"href":"https:\/\/www.milosnicylasu.olsztyn.pl\/index.php?rest_route=%2Fwp%2Fv2%2Fcategories&post=2618"},{"taxonomy":"post_tag","embeddable":true,"href":"https:\/\/www.milosnicylasu.olsztyn.pl\/index.php?rest_route=%2Fwp%2Fv2%2Ftags&post=2618"}],"curies":[{"name":"wp","href":"https:\/\/api.w.org\/{rel}","templated":true}]}}