{"id":2629,"date":"2016-03-08T10:07:12","date_gmt":"2016-03-08T09:07:12","guid":{"rendered":"http:\/\/www.milosnicylasu.olsztyn.pl\/?p=2629"},"modified":"2016-03-08T10:07:28","modified_gmt":"2016-03-08T09:07:28","slug":"o-kornikach-w-puszczy-bialowieskiej","status":"publish","type":"post","link":"https:\/\/www.milosnicylasu.olsztyn.pl\/?p=2629","title":{"rendered":"O kornikach w puszczy Bia\u0142owieskiej"},"content":{"rendered":"<h3 id=\"article-description\"><\/h3>\n<div id=\"article-text\">\n<p><a href=\"http:\/\/www.milosnicylasu.olsztyn.pl\/wp-content\/uploads\/2016\/03\/DSCN5794-www.jpg\" rel=\"attachment wp-att-2630\" data-rel=\"lightbox-image-0\" data-magnific_type=\"image\" data-rl_title=\"\" data-rl_caption=\"\" title=\"\"><img loading=\"lazy\" decoding=\"async\" class=\"size-medium wp-image-2630 alignleft\" src=\"http:\/\/www.milosnicylasu.olsztyn.pl\/wp-content\/uploads\/2016\/03\/DSCN5794-www-300x225.jpg\" alt=\"DSCN5794-www\" width=\"300\" height=\"225\" srcset=\"https:\/\/www.milosnicylasu.olsztyn.pl\/wp-content\/uploads\/2016\/03\/DSCN5794-www-300x225.jpg 300w, https:\/\/www.milosnicylasu.olsztyn.pl\/wp-content\/uploads\/2016\/03\/DSCN5794-www-768x576.jpg 768w, https:\/\/www.milosnicylasu.olsztyn.pl\/wp-content\/uploads\/2016\/03\/DSCN5794-www.jpg 1024w, https:\/\/www.milosnicylasu.olsztyn.pl\/wp-content\/uploads\/2016\/03\/DSCN5794-www-400x300.jpg 400w\" sizes=\"auto, (max-width: 300px) 100vw, 300px\" \/><\/a>3 marca , w ramach czwartk\u00f3w ekologicznych, w RDLP w Olsztynie odby\u0142o si\u0119 spotkanie z panem Rafa\u0142em Zagroba z Zespo\u0142u Ochrony Lasu. Tematem wyk\u0142adu by\u0142 kornik drukarz, kt\u00f3ry niszczy drzewa w Puszczy Bia\u0142owieskiej.<\/p>\n<p>W puszczy Bia\u0142owieskiej masowo zamieraj\u0105 \u015bwierki zaatakowane przez kornika drukarza. Tak ogromnej inwazji tego owada nie notowano od wielu dekad. Do dzi\u015b jego ofiar\u0105 pad\u0142o p\u00f3\u0142 miliona drzew na terenie trzech puszcza\u0144skich nadle\u015bnictw. To oznacza, \u017ce ju\u017c 4 tys. z 52 tys. ha drzewostan\u00f3w, kt\u00f3rymi opiekuj\u0105 si\u0119 le\u015bnicy na terenie puszczy s\u0105 martwe. Drzewa umieraj\u0105 te\u017c w rezerwatach mieszcz\u0105cych si\u0119 na trenach zarz\u0105dzanych przez LP oraz w Bia\u0142owieskim Parku Narodowym.<\/p>\n<p><strong>Jak gro\u017any jest kornik drukarz?<\/strong><\/p>\n<p>Kornik \u017ceruje na drewnie pod kor\u0105 drzew i doprowadza je do \u015bmierci nawet w ci\u0105gu jednego miesi\u0105ca. Normalnie owad atakuje drzewa stare lub os\u0142abione. Jednak tym razem jego gradacja (czyli wzrost liczebno\u015bci) jest tak wielka, \u017ce jego ofiar\u0105 padaj\u0105 tak\u017ce drzewa m\u0142ode, zdrowe i silne. Trzeba tak\u017ce pami\u0119ta\u0107, \u017ce kornik w puszczy zacz\u0105\u0142 atakowa\u0107 ju\u017c inne gatunki, np. sosn\u0119 i modrzew.<\/p>\n<\/div>\n<p align=\"justify\"><span style=\"color: #000000; font-size: small;\">Kornik drukarz to chrz\u0105szcz, kt\u00f3ry mimo swych niewielkich rozmiar\u00f3w (ma zaledwie 5 mm) potrafi doprowadzi\u0107 do wymarcia ca\u0142ego lasu. Najcz\u0119\u015bciej atakuje lasy \u015bwierkowe. Do \u015bmierci drzewa doprowadza uszkadzanie kory i \u0142yka na skutek wygryzania przez owady chodnik\u00f3w, tuneli. Kornik nie zasiedla zdrowych \u015bwierk\u00f3w, ale szuka takich, kt\u00f3re zosta\u0142y os\u0142abione przez \u017cerowanie innych owad\u00f3w, dlatego uznawany jest za szkodnika wt\u00f3rnego. <\/span><\/p>\n<p align=\"justify\"><span style=\"color: #000000; font-size: small;\">Wgryza si\u0119 w kor\u0119 i tam sk\u0142ada jaja, z kt\u00f3rych wykluwaj\u0105 si\u0119 larwy. S\u0105 bardzo \u017car\u0142oczne i jest ich bardzo du\u017co. Dr\u0105\u017c\u0105 tunele, uszkadzaj\u0105c kor\u0119 i \u0142yko. Po jakim\u015b czasie z larw powstaj\u0105 doros\u0142e osobniki, kt\u00f3re wygryzaj\u0105 si\u0119 na zewn\u0105trz drzewa, by zaatakowa\u0107 nast\u0119pne. Kornik w ci\u0105gu jednego roku, mo\u017ce da\u0107 pocz\u0105tek a\u017c trzem pokoleniom. Przy ogromnej ilo\u015bci owad\u00f3w zaatakowane drzewo nie ma szans, a masowe pojawienie si\u0119 kornika mo\u017ce doprowadzi\u0107 do wygini\u0119cia ca\u0142ego lasu.<\/span><\/p>\n<p align=\"justify\"><span style=\"color: #000000; font-size: small;\">Aby zapobiega\u0107 takim katastrofom, le\u015bnicy wycinaj\u0105 drzewa ju\u017c zaatakowane i wywo\u017c\u0105 je z lasu. Zak\u0142adaj\u0105 tak\u017ce zwabiaj\u0105ce korniki pu\u0142apki feromonowe. Zawieraj\u0105 one zapach przypominaj\u0105cy ten, kt\u00f3ry jest wydzielany przez owady podczas god\u00f3w.<\/span><\/p>\n","protected":false},"excerpt":{"rendered":"<p>3 marca , w ramach czwartk\u00f3w ekologicznych, w RDLP w Olsztynie odby\u0142o si\u0119 spotkanie z panem Rafa\u0142em Zagroba z Zespo\u0142u Ochrony Lasu. Tematem wyk\u0142adu by\u0142 kornik drukarz, kt\u00f3ry niszczy drzewa w Puszczy Bia\u0142owieskiej. W puszczy Bia\u0142owieskiej masowo zamieraj\u0105 \u015bwierki zaatakowane przez kornika drukarza. Tak ogromnej inwazji tego owada nie notowano od wielu dekad. Do dzi\u015b [&hellip;]<\/p>\n","protected":false},"author":2,"featured_media":0,"comment_status":"open","ping_status":"open","sticky":false,"template":"","format":"standard","meta":{"footnotes":""},"categories":[1,9,3],"tags":[],"class_list":["post-2629","post","type-post","status-publish","format-standard","hentry","category-bez-kategorii","category-ciekawostki","category-zebrania"],"_links":{"self":[{"href":"https:\/\/www.milosnicylasu.olsztyn.pl\/index.php?rest_route=\/wp\/v2\/posts\/2629","targetHints":{"allow":["GET"]}}],"collection":[{"href":"https:\/\/www.milosnicylasu.olsztyn.pl\/index.php?rest_route=\/wp\/v2\/posts"}],"about":[{"href":"https:\/\/www.milosnicylasu.olsztyn.pl\/index.php?rest_route=\/wp\/v2\/types\/post"}],"author":[{"embeddable":true,"href":"https:\/\/www.milosnicylasu.olsztyn.pl\/index.php?rest_route=\/wp\/v2\/users\/2"}],"replies":[{"embeddable":true,"href":"https:\/\/www.milosnicylasu.olsztyn.pl\/index.php?rest_route=%2Fwp%2Fv2%2Fcomments&post=2629"}],"version-history":[{"count":1,"href":"https:\/\/www.milosnicylasu.olsztyn.pl\/index.php?rest_route=\/wp\/v2\/posts\/2629\/revisions"}],"predecessor-version":[{"id":2631,"href":"https:\/\/www.milosnicylasu.olsztyn.pl\/index.php?rest_route=\/wp\/v2\/posts\/2629\/revisions\/2631"}],"wp:attachment":[{"href":"https:\/\/www.milosnicylasu.olsztyn.pl\/index.php?rest_route=%2Fwp%2Fv2%2Fmedia&parent=2629"}],"wp:term":[{"taxonomy":"category","embeddable":true,"href":"https:\/\/www.milosnicylasu.olsztyn.pl\/index.php?rest_route=%2Fwp%2Fv2%2Fcategories&post=2629"},{"taxonomy":"post_tag","embeddable":true,"href":"https:\/\/www.milosnicylasu.olsztyn.pl\/index.php?rest_route=%2Fwp%2Fv2%2Ftags&post=2629"}],"curies":[{"name":"wp","href":"https:\/\/api.w.org\/{rel}","templated":true}]}}