{"id":2632,"date":"2016-03-09T06:53:27","date_gmt":"2016-03-09T05:53:27","guid":{"rendered":"http:\/\/www.milosnicylasu.olsztyn.pl\/?p=2632"},"modified":"2016-03-09T07:14:38","modified_gmt":"2016-03-09T06:14:38","slug":"medale-medale","status":"publish","type":"post","link":"https:\/\/www.milosnicylasu.olsztyn.pl\/?p=2632","title":{"rendered":"Medale, medale"},"content":{"rendered":"<p><a href=\"http:\/\/www.milosnicylasu.olsztyn.pl\/wp-content\/uploads\/2016\/03\/DSCN5848-www.jpg\" rel=\"attachment wp-att-2640\" data-rel=\"lightbox-image-0\" data-magnific_type=\"image\" data-rl_title=\"\" data-rl_caption=\"\" title=\"\"><img loading=\"lazy\" decoding=\"async\" class=\"size-medium wp-image-2640 alignright\" src=\"http:\/\/www.milosnicylasu.olsztyn.pl\/wp-content\/uploads\/2016\/03\/DSCN5848-www-225x300.jpg\" alt=\"DSCN5848-www\" width=\"225\" height=\"300\" srcset=\"https:\/\/www.milosnicylasu.olsztyn.pl\/wp-content\/uploads\/2016\/03\/DSCN5848-www-225x300.jpg 225w, https:\/\/www.milosnicylasu.olsztyn.pl\/wp-content\/uploads\/2016\/03\/DSCN5848-www.jpg 768w\" sizes=\"auto, (max-width: 225px) 100vw, 225px\" \/><\/a>22 lutego w siedzibie LOK przy ulicy Westerplatte w Olsztynie odby\u0142y si\u0119 zawody strzeleckie Ko\u0142a Mi\u0142o\u015bnik\u00f3w Lasu i Militari\u00f3w. W czasie spotkania 3 marca, wiceprezes Ko\u0142a Grzegorz Kluczek wr\u0119czy\u0142 medale zwyci\u0119zcom:<\/p>\n<p>I miejsce Waldemar Chrzanowski<\/p>\n<p>II miejsce Ryszard Chudziakiewicz<\/p>\n<p>III miejsce J\u00f3zef Gazda<\/p>\n<p><a href=\"http:\/\/www.milosnicylasu.olsztyn.pl\/wp-content\/uploads\/2016\/03\/DSCN5795-www.jpg\" rel=\"attachment wp-att-2633\" data-rel=\"lightbox-image-1\" data-magnific_type=\"image\" data-rl_title=\"\" data-rl_caption=\"\" title=\"\"><img loading=\"lazy\" decoding=\"async\" class=\"size-medium wp-image-2633 alignleft\" src=\"http:\/\/www.milosnicylasu.olsztyn.pl\/wp-content\/uploads\/2016\/03\/DSCN5795-www-300x225.jpg\" alt=\"DSCN5795-www\" width=\"300\" height=\"225\" srcset=\"https:\/\/www.milosnicylasu.olsztyn.pl\/wp-content\/uploads\/2016\/03\/DSCN5795-www-300x225.jpg 300w, https:\/\/www.milosnicylasu.olsztyn.pl\/wp-content\/uploads\/2016\/03\/DSCN5795-www-768x576.jpg 768w, https:\/\/www.milosnicylasu.olsztyn.pl\/wp-content\/uploads\/2016\/03\/DSCN5795-www.jpg 1024w, https:\/\/www.milosnicylasu.olsztyn.pl\/wp-content\/uploads\/2016\/03\/DSCN5795-www-400x300.jpg 400w\" sizes=\"auto, (max-width: 300px) 100vw, 300px\" \/><\/a><\/p>\n<p>&nbsp;<\/p>\n<p>R\u00f3wnie\u017c tego dnia, zostali uhonorowani uczestnicy lutowego &#8222;Marszu na azymut&#8221;. Z\u0142ote medale\u00a0otrzymali:<\/p>\n<p>El\u017cbieta Piwo\u0144ska, Teresa Milczarska,Janina Kluczek, Zofia Romanowska, J\u00f3zef Gazda,Antoni Jarczyk, Aleksander Gabicki, Grzegorz Kluczek, Waldemar Chrzanowski, Kazimierz Mi\u0142owski, Eugeniusz Koziej,Anatol Leszczy\u0144ski.<\/p>\n","protected":false},"excerpt":{"rendered":"<p>22 lutego w siedzibie LOK przy ulicy Westerplatte w Olsztynie odby\u0142y si\u0119 zawody strzeleckie Ko\u0142a Mi\u0142o\u015bnik\u00f3w Lasu i Militari\u00f3w. W czasie spotkania 3 marca, wiceprezes Ko\u0142a Grzegorz Kluczek wr\u0119czy\u0142 medale zwyci\u0119zcom: I miejsce Waldemar Chrzanowski II miejsce Ryszard Chudziakiewicz III miejsce J\u00f3zef Gazda &nbsp; R\u00f3wnie\u017c tego dnia, zostali uhonorowani uczestnicy lutowego &#8222;Marszu na azymut&#8221;. Z\u0142ote [&hellip;]<\/p>\n","protected":false},"author":2,"featured_media":0,"comment_status":"open","ping_status":"open","sticky":false,"template":"","format":"standard","meta":{"footnotes":""},"categories":[1,9,2,3],"tags":[],"class_list":["post-2632","post","type-post","status-publish","format-standard","hentry","category-bez-kategorii","category-ciekawostki","category-rajdy","category-zebrania"],"_links":{"self":[{"href":"https:\/\/www.milosnicylasu.olsztyn.pl\/index.php?rest_route=\/wp\/v2\/posts\/2632","targetHints":{"allow":["GET"]}}],"collection":[{"href":"https:\/\/www.milosnicylasu.olsztyn.pl\/index.php?rest_route=\/wp\/v2\/posts"}],"about":[{"href":"https:\/\/www.milosnicylasu.olsztyn.pl\/index.php?rest_route=\/wp\/v2\/types\/post"}],"author":[{"embeddable":true,"href":"https:\/\/www.milosnicylasu.olsztyn.pl\/index.php?rest_route=\/wp\/v2\/users\/2"}],"replies":[{"embeddable":true,"href":"https:\/\/www.milosnicylasu.olsztyn.pl\/index.php?rest_route=%2Fwp%2Fv2%2Fcomments&post=2632"}],"version-history":[{"count":5,"href":"https:\/\/www.milosnicylasu.olsztyn.pl\/index.php?rest_route=\/wp\/v2\/posts\/2632\/revisions"}],"predecessor-version":[{"id":2642,"href":"https:\/\/www.milosnicylasu.olsztyn.pl\/index.php?rest_route=\/wp\/v2\/posts\/2632\/revisions\/2642"}],"wp:attachment":[{"href":"https:\/\/www.milosnicylasu.olsztyn.pl\/index.php?rest_route=%2Fwp%2Fv2%2Fmedia&parent=2632"}],"wp:term":[{"taxonomy":"category","embeddable":true,"href":"https:\/\/www.milosnicylasu.olsztyn.pl\/index.php?rest_route=%2Fwp%2Fv2%2Fcategories&post=2632"},{"taxonomy":"post_tag","embeddable":true,"href":"https:\/\/www.milosnicylasu.olsztyn.pl\/index.php?rest_route=%2Fwp%2Fv2%2Ftags&post=2632"}],"curies":[{"name":"wp","href":"https:\/\/api.w.org\/{rel}","templated":true}]}}