{"id":2637,"date":"2016-03-09T07:09:12","date_gmt":"2016-03-09T06:09:12","guid":{"rendered":"http:\/\/www.milosnicylasu.olsztyn.pl\/?p=2637"},"modified":"2016-03-09T07:09:12","modified_gmt":"2016-03-09T06:09:12","slug":"kolorowe-pisanki","status":"publish","type":"post","link":"https:\/\/www.milosnicylasu.olsztyn.pl\/?p=2637","title":{"rendered":"Kolorowe pisanki&#8230;&#8230;."},"content":{"rendered":"<p>3<a href=\"http:\/\/www.milosnicylasu.olsztyn.pl\/wp-content\/uploads\/2016\/03\/DSCN5784-www.jpg\" rel=\"attachment wp-att-2638\" data-rel=\"lightbox-image-0\" data-magnific_type=\"image\" data-rl_title=\"\" data-rl_caption=\"\" title=\"\"><img loading=\"lazy\" decoding=\"async\" class=\"size-medium wp-image-2638 alignleft\" src=\"http:\/\/www.milosnicylasu.olsztyn.pl\/wp-content\/uploads\/2016\/03\/DSCN5784-www-300x225.jpg\" alt=\"DSCN5784-www\" width=\"300\" height=\"225\" srcset=\"https:\/\/www.milosnicylasu.olsztyn.pl\/wp-content\/uploads\/2016\/03\/DSCN5784-www-300x225.jpg 300w, https:\/\/www.milosnicylasu.olsztyn.pl\/wp-content\/uploads\/2016\/03\/DSCN5784-www-768x576.jpg 768w, https:\/\/www.milosnicylasu.olsztyn.pl\/wp-content\/uploads\/2016\/03\/DSCN5784-www.jpg 1024w, https:\/\/www.milosnicylasu.olsztyn.pl\/wp-content\/uploads\/2016\/03\/DSCN5784-www-400x300.jpg 400w\" sizes=\"auto, (max-width: 300px) 100vw, 300px\" \/><\/a>\u00a0marca w Regionalnej Dyrekcji Las\u00f3w Pa\u0144stwowych w Olsztynie zorganizowana zosta\u0142a przed\u015bwi\u0105teczna wystawa wielkanocna. Kolorowe pisanki, poczt\u00f3wki, koszyczki z jajeczkami i inne ozdoby \u015bwi\u0105teczne wystawi\u0142y Janina Kluczek, Bo\u017cena B\u0142aszczuk i Krystyna Leszczy\u0144ska. \u00a0Cz\u0142onkowie Ko\u0142a mogli zobaczy\u0107 jajeczka i poczt\u00f3wki przygotowane dla naszych przyjaci\u00f3\u0142: le\u015bnik\u00f3w, zarz\u0105dowi wojew\u00f3dzkiemu LOK, firmie Kappa, \u00a0kt\u00f3re otrzymaj\u0105 wraz z \u017cyczeniami \u00a0przed \u015awi\u0119tami Wielkanocnymi.<\/p>\n","protected":false},"excerpt":{"rendered":"<p>3\u00a0marca w Regionalnej Dyrekcji Las\u00f3w Pa\u0144stwowych w Olsztynie zorganizowana zosta\u0142a przed\u015bwi\u0105teczna wystawa wielkanocna. Kolorowe pisanki, poczt\u00f3wki, koszyczki z jajeczkami i inne ozdoby \u015bwi\u0105teczne wystawi\u0142y Janina Kluczek, Bo\u017cena B\u0142aszczuk i Krystyna Leszczy\u0144ska. \u00a0Cz\u0142onkowie Ko\u0142a mogli zobaczy\u0107 jajeczka i poczt\u00f3wki przygotowane dla naszych przyjaci\u00f3\u0142: le\u015bnik\u00f3w, zarz\u0105dowi wojew\u00f3dzkiemu LOK, firmie Kappa, \u00a0kt\u00f3re otrzymaj\u0105 wraz z \u017cyczeniami \u00a0przed \u015awi\u0119tami [&hellip;]<\/p>\n","protected":false},"author":2,"featured_media":0,"comment_status":"open","ping_status":"open","sticky":false,"template":"","format":"standard","meta":{"footnotes":""},"categories":[1,9,4],"tags":[],"class_list":["post-2637","post","type-post","status-publish","format-standard","hentry","category-bez-kategorii","category-ciekawostki","category-wystawy"],"_links":{"self":[{"href":"https:\/\/www.milosnicylasu.olsztyn.pl\/index.php?rest_route=\/wp\/v2\/posts\/2637","targetHints":{"allow":["GET"]}}],"collection":[{"href":"https:\/\/www.milosnicylasu.olsztyn.pl\/index.php?rest_route=\/wp\/v2\/posts"}],"about":[{"href":"https:\/\/www.milosnicylasu.olsztyn.pl\/index.php?rest_route=\/wp\/v2\/types\/post"}],"author":[{"embeddable":true,"href":"https:\/\/www.milosnicylasu.olsztyn.pl\/index.php?rest_route=\/wp\/v2\/users\/2"}],"replies":[{"embeddable":true,"href":"https:\/\/www.milosnicylasu.olsztyn.pl\/index.php?rest_route=%2Fwp%2Fv2%2Fcomments&post=2637"}],"version-history":[{"count":1,"href":"https:\/\/www.milosnicylasu.olsztyn.pl\/index.php?rest_route=\/wp\/v2\/posts\/2637\/revisions"}],"predecessor-version":[{"id":2639,"href":"https:\/\/www.milosnicylasu.olsztyn.pl\/index.php?rest_route=\/wp\/v2\/posts\/2637\/revisions\/2639"}],"wp:attachment":[{"href":"https:\/\/www.milosnicylasu.olsztyn.pl\/index.php?rest_route=%2Fwp%2Fv2%2Fmedia&parent=2637"}],"wp:term":[{"taxonomy":"category","embeddable":true,"href":"https:\/\/www.milosnicylasu.olsztyn.pl\/index.php?rest_route=%2Fwp%2Fv2%2Fcategories&post=2637"},{"taxonomy":"post_tag","embeddable":true,"href":"https:\/\/www.milosnicylasu.olsztyn.pl\/index.php?rest_route=%2Fwp%2Fv2%2Ftags&post=2637"}],"curies":[{"name":"wp","href":"https:\/\/api.w.org\/{rel}","templated":true}]}}