{"id":2658,"date":"2016-03-14T15:57:41","date_gmt":"2016-03-14T14:57:41","guid":{"rendered":"http:\/\/www.milosnicylasu.olsztyn.pl\/?p=2658"},"modified":"2016-03-14T15:59:24","modified_gmt":"2016-03-14T14:59:24","slug":"skansen-miejski-w-dobrym-miescie","status":"publish","type":"post","link":"https:\/\/www.milosnicylasu.olsztyn.pl\/?p=2658","title":{"rendered":"Skansen Miejski w Dobrym Mie\u015bcie"},"content":{"rendered":"<p>Podczas sobotniego wyjazdu, 12 marca, w Dobrym Mie\u015bcie mogli\u015bmy zobaczy\u0107 Skansen Miejski zlokalizowany w odnowionych zabytkowych kamieniczkach z XII i XIII wieku.<\/p>\n<p><a href=\"http:\/\/www.milosnicylasu.olsztyn.pl\/wp-content\/uploads\/2016\/03\/DSCN6015-www.jpg\" rel=\"attachment wp-att-2660\" data-rel=\"lightbox-image-0\" data-magnific_type=\"image\" data-rl_title=\"\" data-rl_caption=\"\" title=\"\"><img loading=\"lazy\" decoding=\"async\" class=\"size-medium wp-image-2660 alignleft\" src=\"http:\/\/www.milosnicylasu.olsztyn.pl\/wp-content\/uploads\/2016\/03\/DSCN6015-www-300x225.jpg\" alt=\"DSCN6015-www\" width=\"300\" height=\"225\" srcset=\"https:\/\/www.milosnicylasu.olsztyn.pl\/wp-content\/uploads\/2016\/03\/DSCN6015-www-300x225.jpg 300w, https:\/\/www.milosnicylasu.olsztyn.pl\/wp-content\/uploads\/2016\/03\/DSCN6015-www-768x576.jpg 768w, https:\/\/www.milosnicylasu.olsztyn.pl\/wp-content\/uploads\/2016\/03\/DSCN6015-www.jpg 1024w, https:\/\/www.milosnicylasu.olsztyn.pl\/wp-content\/uploads\/2016\/03\/DSCN6015-www-400x300.jpg 400w\" sizes=\"auto, (max-width: 300px) 100vw, 300px\" \/><\/a><\/p>\n<p>&nbsp;<\/p>\n<p>&nbsp;<\/p>\n<p>Na chwil\u0119 mogli\u015bmy si\u0119 przenie\u015b\u0107 do \u015bwiata widzianego oczami tych, kt\u00f3rzy \u017cyli tu nawet setki lat temu.<\/p>\n<p>&nbsp;<\/p>\n<p>&nbsp;<\/p>\n<p><a href=\"http:\/\/www.milosnicylasu.olsztyn.pl\/wp-content\/uploads\/2016\/03\/DSCN6028-www.jpg\" rel=\"attachment wp-att-2663\" data-rel=\"lightbox-image-1\" data-magnific_type=\"image\" data-rl_title=\"\" data-rl_caption=\"\" title=\"\"><img loading=\"lazy\" decoding=\"async\" class=\"size-medium wp-image-2663 alignright\" src=\"http:\/\/www.milosnicylasu.olsztyn.pl\/wp-content\/uploads\/2016\/03\/DSCN6028-www-300x225.jpg\" alt=\"DSCN6028-www\" width=\"300\" height=\"225\" srcset=\"https:\/\/www.milosnicylasu.olsztyn.pl\/wp-content\/uploads\/2016\/03\/DSCN6028-www-300x225.jpg 300w, https:\/\/www.milosnicylasu.olsztyn.pl\/wp-content\/uploads\/2016\/03\/DSCN6028-www-768x576.jpg 768w, https:\/\/www.milosnicylasu.olsztyn.pl\/wp-content\/uploads\/2016\/03\/DSCN6028-www.jpg 1024w, https:\/\/www.milosnicylasu.olsztyn.pl\/wp-content\/uploads\/2016\/03\/DSCN6028-www-400x300.jpg 400w\" sizes=\"auto, (max-width: 300px) 100vw, 300px\" \/><\/a><\/p>\n<p>&nbsp;<\/p>\n<p>&nbsp;<\/p>\n<p>Odrestaurowane domy pe\u0142ni\u0105 te\u017c funkcj\u0119 \u00a0wystawienniczo &#8211; muzealn\u0105, pokazano w nich bowiem na nowo dawne zak\u0142ady rzemie\u015blnicze.<\/p>\n<p><a href=\"http:\/\/www.milosnicylasu.olsztyn.pl\/wp-content\/uploads\/2016\/03\/DSCN6022-www.jpg\" rel=\"attachment wp-att-2662\" data-rel=\"lightbox-image-2\" data-magnific_type=\"image\" data-rl_title=\"\" data-rl_caption=\"\" title=\"\"><img loading=\"lazy\" decoding=\"async\" class=\"size-medium wp-image-2662 alignright\" src=\"http:\/\/www.milosnicylasu.olsztyn.pl\/wp-content\/uploads\/2016\/03\/DSCN6022-www-300x225.jpg\" alt=\"DSCN6022-www\" width=\"300\" height=\"225\" srcset=\"https:\/\/www.milosnicylasu.olsztyn.pl\/wp-content\/uploads\/2016\/03\/DSCN6022-www-300x225.jpg 300w, https:\/\/www.milosnicylasu.olsztyn.pl\/wp-content\/uploads\/2016\/03\/DSCN6022-www-768x576.jpg 768w, https:\/\/www.milosnicylasu.olsztyn.pl\/wp-content\/uploads\/2016\/03\/DSCN6022-www.jpg 1024w, https:\/\/www.milosnicylasu.olsztyn.pl\/wp-content\/uploads\/2016\/03\/DSCN6022-www-400x300.jpg 400w\" sizes=\"auto, (max-width: 300px) 100vw, 300px\" \/><\/a><\/p>\n<p>&nbsp;<\/p>\n<p>&nbsp;<\/p>\n<p>Mo\u017cemy tu wi\u0119c zobaczy\u0107 pracowni\u0119 fotograficzn\u0105, krawieck\u0105, szewsko \u2013 rymarsk\u0105 czy zak\u0142ad fryzjerski.<\/p>\n<p>&nbsp;<\/p>\n<p>&nbsp;<\/p>\n<p>W jednej z kamienic urz\u0105dzono tak\u017ce dom piekarza z cz\u0119\u015bci\u0105 mieszkaln\u0105. Ogl\u0105dali\u015bmy dawne urz\u0105dzenia i wyposa\u017cenie piekarni a tak\u017ce pi\u0119kne wypieki.<a href=\"http:\/\/www.milosnicylasu.olsztyn.pl\/wp-content\/uploads\/2016\/03\/DSCN6032-www.jpg\" rel=\"attachment wp-att-2665\" data-rel=\"lightbox-image-3\" data-magnific_type=\"image\" data-rl_title=\"\" data-rl_caption=\"\" title=\"\"><img loading=\"lazy\" decoding=\"async\" class=\"size-medium wp-image-2665 alignleft\" src=\"http:\/\/www.milosnicylasu.olsztyn.pl\/wp-content\/uploads\/2016\/03\/DSCN6032-www-300x225.jpg\" alt=\"DSCN6032-www\" width=\"300\" height=\"225\" srcset=\"https:\/\/www.milosnicylasu.olsztyn.pl\/wp-content\/uploads\/2016\/03\/DSCN6032-www-300x225.jpg 300w, https:\/\/www.milosnicylasu.olsztyn.pl\/wp-content\/uploads\/2016\/03\/DSCN6032-www-768x576.jpg 768w, https:\/\/www.milosnicylasu.olsztyn.pl\/wp-content\/uploads\/2016\/03\/DSCN6032-www.jpg 1024w, https:\/\/www.milosnicylasu.olsztyn.pl\/wp-content\/uploads\/2016\/03\/DSCN6032-www-400x300.jpg 400w\" sizes=\"auto, (max-width: 300px) 100vw, 300px\" \/><\/a><\/p>\n<p><a href=\"http:\/\/www.milosnicylasu.olsztyn.pl\/wp-content\/uploads\/2016\/03\/DSCN6025-www.jpg\" rel=\"attachment wp-att-2661\" data-rel=\"lightbox-image-4\" data-magnific_type=\"image\" data-rl_title=\"\" data-rl_caption=\"\" title=\"\"><img loading=\"lazy\" decoding=\"async\" class=\"size-medium wp-image-2661 alignright\" src=\"http:\/\/www.milosnicylasu.olsztyn.pl\/wp-content\/uploads\/2016\/03\/DSCN6025-www-225x300.jpg\" alt=\"DSCN6025-www\" width=\"225\" height=\"300\" srcset=\"https:\/\/www.milosnicylasu.olsztyn.pl\/wp-content\/uploads\/2016\/03\/DSCN6025-www-225x300.jpg 225w, https:\/\/www.milosnicylasu.olsztyn.pl\/wp-content\/uploads\/2016\/03\/DSCN6025-www-768x1024.jpg 768w, https:\/\/www.milosnicylasu.olsztyn.pl\/wp-content\/uploads\/2016\/03\/DSCN6025-www.jpg 1024w\" sizes=\"auto, (max-width: 225px) 100vw, 225px\" \/><\/a><\/p>\n<p>&nbsp;<\/p>\n<p>&nbsp;<\/p>\n<p>&nbsp;<\/p>\n<p>&nbsp;<\/p>\n<p>Na pi\u0119trach dom\u00f3w organizuje si\u0119 r\u00f3\u017cne wystawy czasowe. Ogl\u0105dali\u015bmy wystaw\u0119 malarstwa i historyczn\u0105, gdzie przewodnikiem by\u0142 dorodny dragon z czas\u00f3w napoleo\u0144skich.<\/p>\n<p>Bardzo ciekawie opowiada\u0142 o walkach toczonych za czas\u00f3w Napoleona i \u00a0rekonstrukcyjnych bitwach, w kt\u00f3rych bierze udzia\u0142. Warto wiedzie\u0107,\u017ce co roku w Lidzbarku Warmi\u0144skim odbywa si\u0119 inscenizacja bitwy pod Heilsbergiem, kt\u00f3ra odby\u0142a si\u0119 9 grudnia 1807 roku.<\/p>\n","protected":false},"excerpt":{"rendered":"<p>Podczas sobotniego wyjazdu, 12 marca, w Dobrym Mie\u015bcie mogli\u015bmy zobaczy\u0107 Skansen Miejski zlokalizowany w odnowionych zabytkowych kamieniczkach z XII i XIII wieku. &nbsp; &nbsp; Na chwil\u0119 mogli\u015bmy si\u0119 przenie\u015b\u0107 do \u015bwiata widzianego oczami tych, kt\u00f3rzy \u017cyli tu nawet setki lat temu. &nbsp; &nbsp; &nbsp; &nbsp; Odrestaurowane domy pe\u0142ni\u0105 te\u017c funkcj\u0119 \u00a0wystawienniczo &#8211; muzealn\u0105, pokazano w [&hellip;]<\/p>\n","protected":false},"author":2,"featured_media":0,"comment_status":"open","ping_status":"open","sticky":false,"template":"","format":"standard","meta":{"footnotes":""},"categories":[1,9,5],"tags":[],"class_list":["post-2658","post","type-post","status-publish","format-standard","hentry","category-bez-kategorii","category-ciekawostki","category-wycieczki"],"_links":{"self":[{"href":"https:\/\/www.milosnicylasu.olsztyn.pl\/index.php?rest_route=\/wp\/v2\/posts\/2658","targetHints":{"allow":["GET"]}}],"collection":[{"href":"https:\/\/www.milosnicylasu.olsztyn.pl\/index.php?rest_route=\/wp\/v2\/posts"}],"about":[{"href":"https:\/\/www.milosnicylasu.olsztyn.pl\/index.php?rest_route=\/wp\/v2\/types\/post"}],"author":[{"embeddable":true,"href":"https:\/\/www.milosnicylasu.olsztyn.pl\/index.php?rest_route=\/wp\/v2\/users\/2"}],"replies":[{"embeddable":true,"href":"https:\/\/www.milosnicylasu.olsztyn.pl\/index.php?rest_route=%2Fwp%2Fv2%2Fcomments&post=2658"}],"version-history":[{"count":3,"href":"https:\/\/www.milosnicylasu.olsztyn.pl\/index.php?rest_route=\/wp\/v2\/posts\/2658\/revisions"}],"predecessor-version":[{"id":2668,"href":"https:\/\/www.milosnicylasu.olsztyn.pl\/index.php?rest_route=\/wp\/v2\/posts\/2658\/revisions\/2668"}],"wp:attachment":[{"href":"https:\/\/www.milosnicylasu.olsztyn.pl\/index.php?rest_route=%2Fwp%2Fv2%2Fmedia&parent=2658"}],"wp:term":[{"taxonomy":"category","embeddable":true,"href":"https:\/\/www.milosnicylasu.olsztyn.pl\/index.php?rest_route=%2Fwp%2Fv2%2Fcategories&post=2658"},{"taxonomy":"post_tag","embeddable":true,"href":"https:\/\/www.milosnicylasu.olsztyn.pl\/index.php?rest_route=%2Fwp%2Fv2%2Ftags&post=2658"}],"curies":[{"name":"wp","href":"https:\/\/api.w.org\/{rel}","templated":true}]}}