{"id":2669,"date":"2016-03-14T18:00:10","date_gmt":"2016-03-14T17:00:10","guid":{"rendered":"http:\/\/www.milosnicylasu.olsztyn.pl\/?p=2669"},"modified":"2016-03-15T14:04:26","modified_gmt":"2016-03-15T13:04:26","slug":"wyjazdowa-edukacja-przyrodniczo-lesna-w-nadlesnictwie-wichrowo","status":"publish","type":"post","link":"https:\/\/www.milosnicylasu.olsztyn.pl\/?p=2669","title":{"rendered":"Wyjazdowa edukacja przyrodniczo-le\u015bna w Nadle\u015bnictwie Wichrowo"},"content":{"rendered":"<p>12 marca Pan Andrzej Regu\u0142a &#8211; nadle\u015bniczy Nadle\u015bnictwa Wichrowo zaprosi\u0142 47 cz\u0142onk\u00f3w Ko\u0142a Mi\u0142o\u015bnik\u00f3w Lasu i Militari\u00f3w LOK przy Akademii Trzeciego Wieku w Olsztynie na edukacj\u0119 przyrodniczo-le\u015bn\u0105. Ch\u0119tnie skorzystali\u015bmy z zaproszenia i odwiedzili\u015bmy Nadle\u015bnictwo, zwiedzili\u015bmy Muzeum Miejskie w Dobrym Mie\u015bcie i zobaczyli\u015bmy pa\u0142ac biskupi w Smolajnach.<\/p>\n<p>W Nadle\u015bnictwie Wichrowo go\u015bcili nas i towarzyszyli nam Pan Andrzej Regu\u0142a i Pani Izabela Chromy specjalista d\/s ochrony lasu i przyrody, p.po\u017c, edukacji i turystyki.<a href=\"http:\/\/www.milosnicylasu.olsztyn.pl\/wp-content\/uploads\/2016\/03\/DSCN5903-www.jpg\" rel=\"attachment wp-att-2670\" data-rel=\"lightbox-image-0\" data-magnific_type=\"image\" data-rl_title=\"\" data-rl_caption=\"\" title=\"\"><img loading=\"lazy\" decoding=\"async\" class=\"size-medium wp-image-2670 alignleft\" src=\"http:\/\/www.milosnicylasu.olsztyn.pl\/wp-content\/uploads\/2016\/03\/DSCN5903-www-300x225.jpg\" alt=\"DSCN5903-www\" width=\"300\" height=\"225\" srcset=\"https:\/\/www.milosnicylasu.olsztyn.pl\/wp-content\/uploads\/2016\/03\/DSCN5903-www-300x225.jpg 300w, https:\/\/www.milosnicylasu.olsztyn.pl\/wp-content\/uploads\/2016\/03\/DSCN5903-www-768x576.jpg 768w, https:\/\/www.milosnicylasu.olsztyn.pl\/wp-content\/uploads\/2016\/03\/DSCN5903-www.jpg 1024w, https:\/\/www.milosnicylasu.olsztyn.pl\/wp-content\/uploads\/2016\/03\/DSCN5903-www-400x300.jpg 400w\" sizes=\"auto, (max-width: 300px) 100vw, 300px\" \/><\/a><\/p>\n<p>&nbsp;<\/p>\n<p>Podczas naszego pobytu \u00a0podziwiali\u015bmy zabytkowa siedzib\u0119 Nadle\u015bnictwa, w Izbie Edukacji Przyrodniczo-Le\u015bnej <a href=\"http:\/\/www.milosnicylasu.olsztyn.pl\/wp-content\/uploads\/2016\/03\/DSCN5915-www.jpg\" rel=\"attachment wp-att-2675\" data-rel=\"lightbox-image-1\" data-magnific_type=\"image\" data-rl_title=\"\" data-rl_caption=\"\" title=\"\"><img loading=\"lazy\" decoding=\"async\" class=\"size-medium wp-image-2675 alignright\" src=\"http:\/\/www.milosnicylasu.olsztyn.pl\/wp-content\/uploads\/2016\/03\/DSCN5915-www-300x225.jpg\" alt=\"DSCN5915-www\" width=\"300\" height=\"225\" srcset=\"https:\/\/www.milosnicylasu.olsztyn.pl\/wp-content\/uploads\/2016\/03\/DSCN5915-www-300x225.jpg 300w, https:\/\/www.milosnicylasu.olsztyn.pl\/wp-content\/uploads\/2016\/03\/DSCN5915-www-768x576.jpg 768w, https:\/\/www.milosnicylasu.olsztyn.pl\/wp-content\/uploads\/2016\/03\/DSCN5915-www.jpg 1024w, https:\/\/www.milosnicylasu.olsztyn.pl\/wp-content\/uploads\/2016\/03\/DSCN5915-www-400x300.jpg 400w\" sizes=\"auto, (max-width: 300px) 100vw, 300px\" \/><\/a>wys\u0142uchali\u015bmy \u00a0ciekawostek o mieszka\u0144cach lasu, dowiedzieli\u015bmy si\u0119 bardzo wiele o Nadle\u015bnictwie, jego historii.<a href=\"http:\/\/www.milosnicylasu.olsztyn.pl\/wp-content\/uploads\/2016\/03\/DSCN5904-www.jpg\" rel=\"attachment wp-att-2678\" data-rel=\"lightbox-image-2\" data-magnific_type=\"image\" data-rl_title=\"\" data-rl_caption=\"\" title=\"\"><img loading=\"lazy\" decoding=\"async\" class=\"size-medium wp-image-2678 alignleft\" src=\"http:\/\/www.milosnicylasu.olsztyn.pl\/wp-content\/uploads\/2016\/03\/DSCN5904-www-300x225.jpg\" alt=\"DSCN5904-www\" width=\"300\" height=\"225\" srcset=\"https:\/\/www.milosnicylasu.olsztyn.pl\/wp-content\/uploads\/2016\/03\/DSCN5904-www-300x225.jpg 300w, https:\/\/www.milosnicylasu.olsztyn.pl\/wp-content\/uploads\/2016\/03\/DSCN5904-www-768x576.jpg 768w, https:\/\/www.milosnicylasu.olsztyn.pl\/wp-content\/uploads\/2016\/03\/DSCN5904-www.jpg 1024w, https:\/\/www.milosnicylasu.olsztyn.pl\/wp-content\/uploads\/2016\/03\/DSCN5904-www-400x300.jpg 400w\" sizes=\"auto, (max-width: 300px) 100vw, 300px\" \/><\/a><\/p>\n<p>&nbsp;<\/p>\n<p>Pan Andrzej Regu\u0142a, kt\u00f3ry funkcje nadle\u015bniczego sprawuje od 1994 roku, powiedzia\u0142 nam m.in., \u017ce tereny po\u0142o\u017cone w zasi\u0119gu terytorialnym Nadle\u015bnictwa Wichrowo by\u0142y wcze\u015bnie zasiedlone i zagospodarowane przez cz\u0142owieka.<\/p>\n<p>&nbsp;<\/p>\n<p>&nbsp;<\/p>\n<p>Najstarsze dokumenty \u015bwiadcz\u0105ce o tym pochodz\u0105 z prze\u0142omu XIII i XIV wieku. By\u0142y to tereny historycznej Warmii, gdzie osadnictwo post\u0119powa\u0142o od strony Zalewu Wi\u015blanego. Najstarsze miasta po\u0142o\u017cone w zasi\u0119gu granic Nadle\u015bnictwa uzyska\u0142y prawa miejskie w 1308 r. (Lidzbark Warmi\u0144ski) oraz w 1329 r. (Dobre Miasto).<a href=\"http:\/\/www.milosnicylasu.olsztyn.pl\/wp-content\/uploads\/2016\/03\/DSCN5945-www.jpg\" rel=\"attachment wp-att-2682\" data-rel=\"lightbox-image-3\" data-magnific_type=\"image\" data-rl_title=\"\" data-rl_caption=\"\" title=\"\"><img loading=\"lazy\" decoding=\"async\" class=\"size-medium wp-image-2682 alignright\" src=\"http:\/\/www.milosnicylasu.olsztyn.pl\/wp-content\/uploads\/2016\/03\/DSCN5945-www-300x225.jpg\" alt=\"DSCN5945-www\" width=\"300\" height=\"225\" srcset=\"https:\/\/www.milosnicylasu.olsztyn.pl\/wp-content\/uploads\/2016\/03\/DSCN5945-www-300x225.jpg 300w, https:\/\/www.milosnicylasu.olsztyn.pl\/wp-content\/uploads\/2016\/03\/DSCN5945-www-768x576.jpg 768w, https:\/\/www.milosnicylasu.olsztyn.pl\/wp-content\/uploads\/2016\/03\/DSCN5945-www.jpg 1024w, https:\/\/www.milosnicylasu.olsztyn.pl\/wp-content\/uploads\/2016\/03\/DSCN5945-www-400x300.jpg 400w\" sizes=\"auto, (max-width: 300px) 100vw, 300px\" \/><\/a><\/p>\n<p>Nadle\u015bnictwo Wichrowo (Forstamt Wichertshof) jako samodzielna jednostka powsta\u0142o w 1878 r. na obszarze by\u0142ego Nadle\u015bnictwa Dobre Miasto (Forstamt Guttstad), a wi\u0119c w tym roku jest to ju\u017c <strong>138 lat<\/strong><\/p>\n<p>Zasi\u0119g terytorialny Nadle\u015bnictwa Wichrowo wynosi 40 500 ha. Po\u0142o\u017cone jest w \u015brodkowej cz\u0119\u015bci wojew\u00f3dztwa warmi\u0144sko-mazurskiego, w cz\u0119\u015bci powiatu olszty\u0144skiego i lidzbarskiego.\u00a0<strong>W zarz\u0105dzie Nadle\u015bnictwa Wichrowo znajduje si\u0119 prawie 18 500 ha las\u00f3w.\u00a0<\/strong><\/p>\n<p><a href=\"http:\/\/www.milosnicylasu.olsztyn.pl\/wp-content\/uploads\/2016\/03\/DSCN5942-www.jpg\" rel=\"attachment wp-att-2673\" data-rel=\"lightbox-image-4\" data-magnific_type=\"image\" data-rl_title=\"\" data-rl_caption=\"\" title=\"\"><img loading=\"lazy\" decoding=\"async\" class=\"size-medium wp-image-2673 alignleft\" src=\"http:\/\/www.milosnicylasu.olsztyn.pl\/wp-content\/uploads\/2016\/03\/DSCN5942-www-300x225.jpg\" alt=\"DSCN5942-www\" width=\"300\" height=\"225\" srcset=\"https:\/\/www.milosnicylasu.olsztyn.pl\/wp-content\/uploads\/2016\/03\/DSCN5942-www-300x225.jpg 300w, https:\/\/www.milosnicylasu.olsztyn.pl\/wp-content\/uploads\/2016\/03\/DSCN5942-www-768x576.jpg 768w, https:\/\/www.milosnicylasu.olsztyn.pl\/wp-content\/uploads\/2016\/03\/DSCN5942-www.jpg 1024w, https:\/\/www.milosnicylasu.olsztyn.pl\/wp-content\/uploads\/2016\/03\/DSCN5942-www-400x300.jpg 400w\" sizes=\"auto, (max-width: 300px) 100vw, 300px\" \/><\/a><\/p>\n<p>&nbsp;<\/p>\n<p>Po wys\u0142uchaniu informacji i ciekawostek o \u00a0Nadle\u015bnictwie\u00a0czeka\u0142y nas niespodzianki- ognisko\u00a0\u00a0z kie\u0142baskami nad Jez.Gilgajny, \u00a0rajd le\u015bny do punktu edukacyjnego nad zbiornikiem retencyjnym &#8222;Babcia&#8221;. Tam znowu by\u0142o ognisko, gor\u0105ca groch\u00f3wka, herbata.<\/p>\n<p><a href=\"http:\/\/www.milosnicylasu.olsztyn.pl\/wp-content\/uploads\/2016\/03\/DSCN5998-www.jpg\" rel=\"attachment wp-att-2671\" data-rel=\"lightbox-image-5\" data-magnific_type=\"image\" data-rl_title=\"\" data-rl_caption=\"\" title=\"\"><img loading=\"lazy\" decoding=\"async\" class=\"size-medium wp-image-2671 alignright\" src=\"http:\/\/www.milosnicylasu.olsztyn.pl\/wp-content\/uploads\/2016\/03\/DSCN5998-www-300x225.jpg\" alt=\"DSCN5998-www\" width=\"300\" height=\"225\" srcset=\"https:\/\/www.milosnicylasu.olsztyn.pl\/wp-content\/uploads\/2016\/03\/DSCN5998-www-300x225.jpg 300w, https:\/\/www.milosnicylasu.olsztyn.pl\/wp-content\/uploads\/2016\/03\/DSCN5998-www-768x576.jpg 768w, https:\/\/www.milosnicylasu.olsztyn.pl\/wp-content\/uploads\/2016\/03\/DSCN5998-www.jpg 1024w, https:\/\/www.milosnicylasu.olsztyn.pl\/wp-content\/uploads\/2016\/03\/DSCN5998-www-400x300.jpg 400w\" sizes=\"auto, (max-width: 300px) 100vw, 300px\" \/><\/a><\/p>\n<p>&nbsp;<\/p>\n<p>Dzi\u0119kujemy serdecznie panu Andrzejowi, pani Izabeli, innym pracownikom Nadle\u015bnictwa za przygotowanie naszego przyjazdu, za wiedz\u0119, za serdeczno\u015b\u0107, za go\u015bcinno\u015b\u0107 i &#8230;..za zaproszenie na nast\u0119pn\u0105 edukacj\u0119. Ju\u017c si\u0119 cieszymy na spotkanie.<a href=\"http:\/\/www.milosnicylasu.olsztyn.pl\/wp-content\/uploads\/2016\/03\/DSCN6008-www.jpg\" rel=\"attachment wp-att-2672\" data-rel=\"lightbox-image-6\" data-magnific_type=\"image\" data-rl_title=\"\" data-rl_caption=\"\" title=\"\"><img loading=\"lazy\" decoding=\"async\" class=\"size-medium wp-image-2672 aligncenter\" src=\"http:\/\/www.milosnicylasu.olsztyn.pl\/wp-content\/uploads\/2016\/03\/DSCN6008-www-300x225.jpg\" alt=\"DSCN6008-www\" width=\"300\" height=\"225\" srcset=\"https:\/\/www.milosnicylasu.olsztyn.pl\/wp-content\/uploads\/2016\/03\/DSCN6008-www-300x225.jpg 300w, https:\/\/www.milosnicylasu.olsztyn.pl\/wp-content\/uploads\/2016\/03\/DSCN6008-www-768x576.jpg 768w, https:\/\/www.milosnicylasu.olsztyn.pl\/wp-content\/uploads\/2016\/03\/DSCN6008-www.jpg 1024w, https:\/\/www.milosnicylasu.olsztyn.pl\/wp-content\/uploads\/2016\/03\/DSCN6008-www-400x300.jpg 400w\" sizes=\"auto, (max-width: 300px) 100vw, 300px\" \/><\/a><\/p>\n","protected":false},"excerpt":{"rendered":"<p>12 marca Pan Andrzej Regu\u0142a &#8211; nadle\u015bniczy Nadle\u015bnictwa Wichrowo zaprosi\u0142 47 cz\u0142onk\u00f3w Ko\u0142a Mi\u0142o\u015bnik\u00f3w Lasu i Militari\u00f3w LOK przy Akademii Trzeciego Wieku w Olsztynie na edukacj\u0119 przyrodniczo-le\u015bn\u0105. Ch\u0119tnie skorzystali\u015bmy z zaproszenia i odwiedzili\u015bmy Nadle\u015bnictwo, zwiedzili\u015bmy Muzeum Miejskie w Dobrym Mie\u015bcie i zobaczyli\u015bmy pa\u0142ac biskupi w Smolajnach. W Nadle\u015bnictwie Wichrowo go\u015bcili nas i towarzyszyli nam Pan [&hellip;]<\/p>\n","protected":false},"author":2,"featured_media":0,"comment_status":"open","ping_status":"open","sticky":false,"template":"","format":"standard","meta":{"footnotes":""},"categories":[1,9,5],"tags":[],"class_list":["post-2669","post","type-post","status-publish","format-standard","hentry","category-bez-kategorii","category-ciekawostki","category-wycieczki"],"_links":{"self":[{"href":"https:\/\/www.milosnicylasu.olsztyn.pl\/index.php?rest_route=\/wp\/v2\/posts\/2669","targetHints":{"allow":["GET"]}}],"collection":[{"href":"https:\/\/www.milosnicylasu.olsztyn.pl\/index.php?rest_route=\/wp\/v2\/posts"}],"about":[{"href":"https:\/\/www.milosnicylasu.olsztyn.pl\/index.php?rest_route=\/wp\/v2\/types\/post"}],"author":[{"embeddable":true,"href":"https:\/\/www.milosnicylasu.olsztyn.pl\/index.php?rest_route=\/wp\/v2\/users\/2"}],"replies":[{"embeddable":true,"href":"https:\/\/www.milosnicylasu.olsztyn.pl\/index.php?rest_route=%2Fwp%2Fv2%2Fcomments&post=2669"}],"version-history":[{"count":6,"href":"https:\/\/www.milosnicylasu.olsztyn.pl\/index.php?rest_route=\/wp\/v2\/posts\/2669\/revisions"}],"predecessor-version":[{"id":2683,"href":"https:\/\/www.milosnicylasu.olsztyn.pl\/index.php?rest_route=\/wp\/v2\/posts\/2669\/revisions\/2683"}],"wp:attachment":[{"href":"https:\/\/www.milosnicylasu.olsztyn.pl\/index.php?rest_route=%2Fwp%2Fv2%2Fmedia&parent=2669"}],"wp:term":[{"taxonomy":"category","embeddable":true,"href":"https:\/\/www.milosnicylasu.olsztyn.pl\/index.php?rest_route=%2Fwp%2Fv2%2Fcategories&post=2669"},{"taxonomy":"post_tag","embeddable":true,"href":"https:\/\/www.milosnicylasu.olsztyn.pl\/index.php?rest_route=%2Fwp%2Fv2%2Ftags&post=2669"}],"curies":[{"name":"wp","href":"https:\/\/api.w.org\/{rel}","templated":true}]}}