{"id":2684,"date":"2016-03-16T16:16:47","date_gmt":"2016-03-16T15:16:47","guid":{"rendered":"http:\/\/www.milosnicylasu.olsztyn.pl\/?p=2684"},"modified":"2016-03-16T16:17:36","modified_gmt":"2016-03-16T15:17:36","slug":"zyczenia-wielkanocne","status":"publish","type":"post","link":"https:\/\/www.milosnicylasu.olsztyn.pl\/?p=2684","title":{"rendered":"\u017byczenia Wielkanocne"},"content":{"rendered":"<p><a href=\"http:\/\/www.milosnicylasu.olsztyn.pl\/wp-content\/uploads\/2016\/03\/DSCN6068-www.jpg\" rel=\"attachment wp-att-2685\" data-rel=\"lightbox-image-0\" data-magnific_type=\"image\" data-rl_title=\"\" data-rl_caption=\"\" title=\"\"><img loading=\"lazy\" decoding=\"async\" class=\"size-medium wp-image-2685 alignleft\" src=\"http:\/\/www.milosnicylasu.olsztyn.pl\/wp-content\/uploads\/2016\/03\/DSCN6068-www-300x225.jpg\" alt=\"DSCN6068-www\" width=\"300\" height=\"225\" srcset=\"https:\/\/www.milosnicylasu.olsztyn.pl\/wp-content\/uploads\/2016\/03\/DSCN6068-www-300x225.jpg 300w, https:\/\/www.milosnicylasu.olsztyn.pl\/wp-content\/uploads\/2016\/03\/DSCN6068-www-768x576.jpg 768w, https:\/\/www.milosnicylasu.olsztyn.pl\/wp-content\/uploads\/2016\/03\/DSCN6068-www.jpg 1024w, https:\/\/www.milosnicylasu.olsztyn.pl\/wp-content\/uploads\/2016\/03\/DSCN6068-www-400x300.jpg 400w\" sizes=\"auto, (max-width: 300px) 100vw, 300px\" \/><\/a><\/p>\n<p>&nbsp;<\/p>\n<p>W ten szczeg\u00f3lny czas jakim s\u0105 \u015awi\u0119ta Zmartwychwstania Pa\u0144skiego<br \/>\n\u017cyczymy wszystkim zdrowia,<br \/>\nwszelkiej pomy\u015blno\u015bci i\u00a0B\u0142ogos\u0142awie\u0144stwa Bo\u017cego.<\/p>\n<p>&nbsp;<\/p>\n<p>&nbsp;<\/p>\n<p>Niech te \u015awi\u0119ta przynios\u0119 Wam<a href=\"http:\/\/www.milosnicylasu.olsztyn.pl\/wp-content\/uploads\/2016\/03\/DSCN6071-www.jpg\" rel=\"attachment wp-att-2686\" data-rel=\"lightbox-image-1\" data-magnific_type=\"image\" data-rl_title=\"\" data-rl_caption=\"\" title=\"\"><img loading=\"lazy\" decoding=\"async\" class=\"size-medium wp-image-2686 alignright\" src=\"http:\/\/www.milosnicylasu.olsztyn.pl\/wp-content\/uploads\/2016\/03\/DSCN6071-www-300x225.jpg\" alt=\"DSCN6071-www\" width=\"300\" height=\"225\" srcset=\"https:\/\/www.milosnicylasu.olsztyn.pl\/wp-content\/uploads\/2016\/03\/DSCN6071-www-300x225.jpg 300w, https:\/\/www.milosnicylasu.olsztyn.pl\/wp-content\/uploads\/2016\/03\/DSCN6071-www-768x576.jpg 768w, https:\/\/www.milosnicylasu.olsztyn.pl\/wp-content\/uploads\/2016\/03\/DSCN6071-www.jpg 1024w, https:\/\/www.milosnicylasu.olsztyn.pl\/wp-content\/uploads\/2016\/03\/DSCN6071-www-400x300.jpg 400w\" sizes=\"auto, (max-width: 300px) 100vw, 300px\" \/><\/a><br \/>\nszcz\u0119\u015bcie i zgod\u0119<br \/>\nw Waszych rodzinach i wlej\u0105<br \/>\nw Wasze serca nadziej\u0119 na lepsze jutro.<\/p>\n<p>&nbsp;<\/p>\n<p>&nbsp;<\/p>\n<p>\u015awi\u0105teczne jajeczka na fotografiach s\u0105 dzie\u0142em Bo\u017cenki B\u0142aszczuk, Jasi Kluczek i Krysi Leszczy\u0144skiej. Zosta\u0142y podarowane przyjacio\u0142om Ko\u0142a wraz z \u017cyczeniami, kt\u00f3re w imieniu wszystkich cz\u0142onk\u00f3w Ko\u0142a przekaza\u0142 prezes \u00a0Anatol Leszczy\u0144ski<\/p>\n","protected":false},"excerpt":{"rendered":"<p>&nbsp; W ten szczeg\u00f3lny czas jakim s\u0105 \u015awi\u0119ta Zmartwychwstania Pa\u0144skiego \u017cyczymy wszystkim zdrowia, wszelkiej pomy\u015blno\u015bci i\u00a0B\u0142ogos\u0142awie\u0144stwa Bo\u017cego. &nbsp; &nbsp; Niech te \u015awi\u0119ta przynios\u0119 Wam szcz\u0119\u015bcie i zgod\u0119 w Waszych rodzinach i wlej\u0105 w Wasze serca nadziej\u0119 na lepsze jutro. &nbsp; &nbsp; \u015awi\u0105teczne jajeczka na fotografiach s\u0105 dzie\u0142em Bo\u017cenki B\u0142aszczuk, Jasi Kluczek i Krysi Leszczy\u0144skiej. Zosta\u0142y [&hellip;]<\/p>\n","protected":false},"author":2,"featured_media":0,"comment_status":"open","ping_status":"open","sticky":false,"template":"","format":"standard","meta":{"footnotes":""},"categories":[1,9,11],"tags":[],"class_list":["post-2684","post","type-post","status-publish","format-standard","hentry","category-bez-kategorii","category-ciekawostki","category-spotkania-artystyczne"],"_links":{"self":[{"href":"https:\/\/www.milosnicylasu.olsztyn.pl\/index.php?rest_route=\/wp\/v2\/posts\/2684","targetHints":{"allow":["GET"]}}],"collection":[{"href":"https:\/\/www.milosnicylasu.olsztyn.pl\/index.php?rest_route=\/wp\/v2\/posts"}],"about":[{"href":"https:\/\/www.milosnicylasu.olsztyn.pl\/index.php?rest_route=\/wp\/v2\/types\/post"}],"author":[{"embeddable":true,"href":"https:\/\/www.milosnicylasu.olsztyn.pl\/index.php?rest_route=\/wp\/v2\/users\/2"}],"replies":[{"embeddable":true,"href":"https:\/\/www.milosnicylasu.olsztyn.pl\/index.php?rest_route=%2Fwp%2Fv2%2Fcomments&post=2684"}],"version-history":[{"count":1,"href":"https:\/\/www.milosnicylasu.olsztyn.pl\/index.php?rest_route=\/wp\/v2\/posts\/2684\/revisions"}],"predecessor-version":[{"id":2687,"href":"https:\/\/www.milosnicylasu.olsztyn.pl\/index.php?rest_route=\/wp\/v2\/posts\/2684\/revisions\/2687"}],"wp:attachment":[{"href":"https:\/\/www.milosnicylasu.olsztyn.pl\/index.php?rest_route=%2Fwp%2Fv2%2Fmedia&parent=2684"}],"wp:term":[{"taxonomy":"category","embeddable":true,"href":"https:\/\/www.milosnicylasu.olsztyn.pl\/index.php?rest_route=%2Fwp%2Fv2%2Fcategories&post=2684"},{"taxonomy":"post_tag","embeddable":true,"href":"https:\/\/www.milosnicylasu.olsztyn.pl\/index.php?rest_route=%2Fwp%2Fv2%2Ftags&post=2684"}],"curies":[{"name":"wp","href":"https:\/\/api.w.org\/{rel}","templated":true}]}}