{"id":2688,"date":"2016-03-20T07:06:01","date_gmt":"2016-03-20T06:06:01","guid":{"rendered":"http:\/\/www.milosnicylasu.olsztyn.pl\/?p=2688"},"modified":"2016-03-22T06:39:23","modified_gmt":"2016-03-22T05:39:23","slug":"jeszcze-troszke-sniegu","status":"publish","type":"post","link":"https:\/\/www.milosnicylasu.olsztyn.pl\/?p=2688","title":{"rendered":"Jeszcze troszk\u0119 \u015bniegu"},"content":{"rendered":"<p><a href=\"http:\/\/www.milosnicylasu.olsztyn.pl\/wp-content\/uploads\/2016\/03\/DSCN6254-www.jpg\" rel=\"attachment wp-att-2689\" data-rel=\"lightbox-image-0\" data-magnific_type=\"image\" data-rl_title=\"\" data-rl_caption=\"\" title=\"\"><img loading=\"lazy\" decoding=\"async\" class=\"size-medium wp-image-2689 alignleft\" src=\"http:\/\/www.milosnicylasu.olsztyn.pl\/wp-content\/uploads\/2016\/03\/DSCN6254-www-300x225.jpg\" alt=\"DSCN6254-www\" width=\"300\" height=\"225\" srcset=\"https:\/\/www.milosnicylasu.olsztyn.pl\/wp-content\/uploads\/2016\/03\/DSCN6254-www-300x225.jpg 300w, https:\/\/www.milosnicylasu.olsztyn.pl\/wp-content\/uploads\/2016\/03\/DSCN6254-www-768x576.jpg 768w, https:\/\/www.milosnicylasu.olsztyn.pl\/wp-content\/uploads\/2016\/03\/DSCN6254-www.jpg 1024w, https:\/\/www.milosnicylasu.olsztyn.pl\/wp-content\/uploads\/2016\/03\/DSCN6254-www-400x300.jpg 400w\" sizes=\"auto, (max-width: 300px) 100vw, 300px\" \/><\/a><\/p>\n<p>&nbsp;<\/p>\n<p>&nbsp;<\/p>\n<p>Zdawa\u0142o si\u0119, \u017ce to ju\u017c wiosna &#8230;. zero \u015bniegu, pierwsze kwiatki, temperatura plusowa, fajnie&#8230;. Niestety, to dopiero marzec. A w marcu jak w garcu. I sprawdzi\u0142o si\u0119 przys\u0142owie.<\/p>\n<p>W sobot\u0119 &#8211; 18 marca sypn\u0119\u0142o \u015bniegiem. By\u0142o wietrznie, mokro, ale nie zrazi\u0142o to grup\u0119 najwytrwalszych cz\u0142onk\u00f3w naszego Ko\u0142a i rajd si\u0119 odby\u0142.<a href=\"http:\/\/www.milosnicylasu.olsztyn.pl\/wp-content\/uploads\/2016\/03\/DSCN6257-www.jpg\" rel=\"attachment wp-att-2690\" data-rel=\"lightbox-image-1\" data-magnific_type=\"image\" data-rl_title=\"\" data-rl_caption=\"\" title=\"\"><img loading=\"lazy\" decoding=\"async\" class=\"size-medium wp-image-2690 alignright\" src=\"http:\/\/www.milosnicylasu.olsztyn.pl\/wp-content\/uploads\/2016\/03\/DSCN6257-www-225x300.jpg\" alt=\"DSCN6257-www\" width=\"225\" height=\"300\" srcset=\"https:\/\/www.milosnicylasu.olsztyn.pl\/wp-content\/uploads\/2016\/03\/DSCN6257-www-225x300.jpg 225w, https:\/\/www.milosnicylasu.olsztyn.pl\/wp-content\/uploads\/2016\/03\/DSCN6257-www.jpg 768w\" sizes=\"auto, (max-width: 225px) 100vw, 225px\" \/><\/a> Tym razem zbi\u00f3rka by\u0142a na ko\u0144cowej p\u0119tli autobusu 126 przy ulicy Jagiello\u0144skiej. Trasa wiod\u0142a \u00a0olszty\u0144skimi lasami do CEIK-u. A po drodze mo\u017cna by\u0142o zobaczy\u0107 drzewo zaatakowane rakiem. ]<\/p>\n<p>Rak powodowany jest przez grzyby paso\u017cytnicze, bakterie i inne czynniki biotyczne.<\/p>\n<p>&nbsp;<\/p>\n","protected":false},"excerpt":{"rendered":"<p>&nbsp; &nbsp; Zdawa\u0142o si\u0119, \u017ce to ju\u017c wiosna &#8230;. zero \u015bniegu, pierwsze kwiatki, temperatura plusowa, fajnie&#8230;. Niestety, to dopiero marzec. A w marcu jak w garcu. I sprawdzi\u0142o si\u0119 przys\u0142owie. W sobot\u0119 &#8211; 18 marca sypn\u0119\u0142o \u015bniegiem. By\u0142o wietrznie, mokro, ale nie zrazi\u0142o to grup\u0119 najwytrwalszych cz\u0142onk\u00f3w naszego Ko\u0142a i rajd si\u0119 odby\u0142. Tym razem [&hellip;]<\/p>\n","protected":false},"author":2,"featured_media":0,"comment_status":"open","ping_status":"open","sticky":false,"template":"","format":"standard","meta":{"footnotes":""},"categories":[1,9,2],"tags":[],"class_list":["post-2688","post","type-post","status-publish","format-standard","hentry","category-bez-kategorii","category-ciekawostki","category-rajdy"],"_links":{"self":[{"href":"https:\/\/www.milosnicylasu.olsztyn.pl\/index.php?rest_route=\/wp\/v2\/posts\/2688","targetHints":{"allow":["GET"]}}],"collection":[{"href":"https:\/\/www.milosnicylasu.olsztyn.pl\/index.php?rest_route=\/wp\/v2\/posts"}],"about":[{"href":"https:\/\/www.milosnicylasu.olsztyn.pl\/index.php?rest_route=\/wp\/v2\/types\/post"}],"author":[{"embeddable":true,"href":"https:\/\/www.milosnicylasu.olsztyn.pl\/index.php?rest_route=\/wp\/v2\/users\/2"}],"replies":[{"embeddable":true,"href":"https:\/\/www.milosnicylasu.olsztyn.pl\/index.php?rest_route=%2Fwp%2Fv2%2Fcomments&post=2688"}],"version-history":[{"count":2,"href":"https:\/\/www.milosnicylasu.olsztyn.pl\/index.php?rest_route=\/wp\/v2\/posts\/2688\/revisions"}],"predecessor-version":[{"id":2695,"href":"https:\/\/www.milosnicylasu.olsztyn.pl\/index.php?rest_route=\/wp\/v2\/posts\/2688\/revisions\/2695"}],"wp:attachment":[{"href":"https:\/\/www.milosnicylasu.olsztyn.pl\/index.php?rest_route=%2Fwp%2Fv2%2Fmedia&parent=2688"}],"wp:term":[{"taxonomy":"category","embeddable":true,"href":"https:\/\/www.milosnicylasu.olsztyn.pl\/index.php?rest_route=%2Fwp%2Fv2%2Fcategories&post=2688"},{"taxonomy":"post_tag","embeddable":true,"href":"https:\/\/www.milosnicylasu.olsztyn.pl\/index.php?rest_route=%2Fwp%2Fv2%2Ftags&post=2688"}],"curies":[{"name":"wp","href":"https:\/\/api.w.org\/{rel}","templated":true}]}}