{"id":2693,"date":"2016-03-22T06:37:55","date_gmt":"2016-03-22T05:37:55","guid":{"rendered":"http:\/\/www.milosnicylasu.olsztyn.pl\/?p=2693"},"modified":"2016-03-22T06:37:55","modified_gmt":"2016-03-22T05:37:55","slug":"miedzynarodowy-dzien-lasow-2","status":"publish","type":"post","link":"https:\/\/www.milosnicylasu.olsztyn.pl\/?p=2693","title":{"rendered":"Mi\u0119dzynarodowy Dzie\u0144 Las\u00f3w"},"content":{"rendered":"<p><a href=\"http:\/\/www.milosnicylasu.olsztyn.pl\/wp-content\/uploads\/2014\/04\/P4260049-www.jpg\" rel=\"attachment wp-att-1146\" data-rel=\"lightbox-image-0\" data-magnific_type=\"image\" data-rl_title=\"\" data-rl_caption=\"\" title=\"\"><img loading=\"lazy\" decoding=\"async\" class=\"size-medium wp-image-1146 alignleft\" src=\"http:\/\/www.milosnicylasu.olsztyn.pl\/wp-content\/uploads\/2014\/04\/P4260049-www-300x225.jpg\" alt=\"P4260049-www\" width=\"300\" height=\"225\" srcset=\"https:\/\/www.milosnicylasu.olsztyn.pl\/wp-content\/uploads\/2014\/04\/P4260049-www-300x225.jpg 300w, https:\/\/www.milosnicylasu.olsztyn.pl\/wp-content\/uploads\/2014\/04\/P4260049-www-400x300.jpg 400w, https:\/\/www.milosnicylasu.olsztyn.pl\/wp-content\/uploads\/2014\/04\/P4260049-www.jpg 1024w\" sizes=\"auto, (max-width: 300px) 100vw, 300px\" \/><\/a><strong>21 marca jest od 2012 roku Mi\u0119dzynarodowym Dniem Las\u00f3w.<\/strong> \u015awi\u0119to to ustanowione zosta\u0142o przez Zgromadzenie Og\u00f3lne ONZ w celu podnoszenia \u015bwiadomo\u015bci ludzi na temat znaczenia las\u00f3w dla prawid\u0142owego funkcjonowania planety.<\/p>\n<p>Lasy pokrywaj\u0105 \u2153 l\u0105d\u00f3w na ziemi, niestety ich powierzchnia szybko si\u0119 kurczy. Wyliczono, \u017ce w ci\u0105gu roku znika ponad 5 milion\u00f3w hektar\u00f3w las\u00f3w, to tak, jakby w ci\u0105gu sekundy znika\u0142 las o\u00a0powierzchni boiska do pi\u0142ki no\u017cnej. Gdyby znikn\u0119\u0142y wszystkie lasy, \u017cycie na ziemi nie mog\u0142oby normalnie funkcjonowa\u0107. Lasy s\u0105 rezerwuarem bior\u00f3\u017cnorodno\u015bci, oczyszczaj\u0105 powietrze i hamuj\u0105 zmiany klimatu wi\u0105\u017c\u0105c w swoich kom\u00f3rkach dwutlenek w\u0119gla, zapobiegaj\u0105 erozji gleby, utrzymuj\u0105 odpowiedni\u0105 wilgotno\u015b\u0107 gleby i powietrza, chroni\u0105 przed powodziami. Dla ponad 1,6 miliarda ludzi na ziemi s\u0105 one miejscem \u017cycia i \u017ar\u00f3d\u0142em utrzymania, daj\u0105 schronienie, dostarczaj\u0105 budulca, karmi\u0105 i zapewniaj\u0105 substancje lecznicze.<br \/>\nW tym dniu na ca\u0142ym \u015bwiecie organizowane s\u0105 akcje maj\u0105ce zwr\u00f3ci\u0107 uwag\u0119 na lasy i ich problemy. Zach\u0119ca si\u0119 ludzi do sadzenia drzew, sprz\u0105tania las\u00f3w i do przebywania w nich.<\/p>\n<p>Cz\u0142onk\u00f3w naszego Ko\u0142a nie trzeba zach\u0119ca\u0107 do \u201especjalnych akcji w lesie\u201d \u00a0w tym dniu. My od siedmiu lat odwiedzamy lasy w ka\u017cd\u0105 sobot\u0119, kilkakrotnie w roku sprz\u0105tamy lasy, mamy swoje ma\u0142e poletka d\u0119b\u00f3w w lasach mr\u0105gowskich i olszty\u0144skich. Ka\u017cdego miesi\u0105ca wys\u0142uchujemy le\u015bnych wyk\u0142ad\u00f3w i kilkakrotnie w roku wyje\u017cd\u017camy na le\u015bn\u0105 edukacj\u0119 w terenie<\/p>\n","protected":false},"excerpt":{"rendered":"<p>21 marca jest od 2012 roku Mi\u0119dzynarodowym Dniem Las\u00f3w. \u015awi\u0119to to ustanowione zosta\u0142o przez Zgromadzenie Og\u00f3lne ONZ w celu podnoszenia \u015bwiadomo\u015bci ludzi na temat znaczenia las\u00f3w dla prawid\u0142owego funkcjonowania planety. Lasy pokrywaj\u0105 \u2153 l\u0105d\u00f3w na ziemi, niestety ich powierzchnia szybko si\u0119 kurczy. Wyliczono, \u017ce w ci\u0105gu roku znika ponad 5 milion\u00f3w hektar\u00f3w las\u00f3w, to tak, [&hellip;]<\/p>\n","protected":false},"author":2,"featured_media":0,"comment_status":"open","ping_status":"open","sticky":false,"template":"","format":"standard","meta":{"footnotes":""},"categories":[1,9],"tags":[],"class_list":["post-2693","post","type-post","status-publish","format-standard","hentry","category-bez-kategorii","category-ciekawostki"],"_links":{"self":[{"href":"https:\/\/www.milosnicylasu.olsztyn.pl\/index.php?rest_route=\/wp\/v2\/posts\/2693","targetHints":{"allow":["GET"]}}],"collection":[{"href":"https:\/\/www.milosnicylasu.olsztyn.pl\/index.php?rest_route=\/wp\/v2\/posts"}],"about":[{"href":"https:\/\/www.milosnicylasu.olsztyn.pl\/index.php?rest_route=\/wp\/v2\/types\/post"}],"author":[{"embeddable":true,"href":"https:\/\/www.milosnicylasu.olsztyn.pl\/index.php?rest_route=\/wp\/v2\/users\/2"}],"replies":[{"embeddable":true,"href":"https:\/\/www.milosnicylasu.olsztyn.pl\/index.php?rest_route=%2Fwp%2Fv2%2Fcomments&post=2693"}],"version-history":[{"count":1,"href":"https:\/\/www.milosnicylasu.olsztyn.pl\/index.php?rest_route=\/wp\/v2\/posts\/2693\/revisions"}],"predecessor-version":[{"id":2694,"href":"https:\/\/www.milosnicylasu.olsztyn.pl\/index.php?rest_route=\/wp\/v2\/posts\/2693\/revisions\/2694"}],"wp:attachment":[{"href":"https:\/\/www.milosnicylasu.olsztyn.pl\/index.php?rest_route=%2Fwp%2Fv2%2Fmedia&parent=2693"}],"wp:term":[{"taxonomy":"category","embeddable":true,"href":"https:\/\/www.milosnicylasu.olsztyn.pl\/index.php?rest_route=%2Fwp%2Fv2%2Fcategories&post=2693"},{"taxonomy":"post_tag","embeddable":true,"href":"https:\/\/www.milosnicylasu.olsztyn.pl\/index.php?rest_route=%2Fwp%2Fv2%2Ftags&post=2693"}],"curies":[{"name":"wp","href":"https:\/\/api.w.org\/{rel}","templated":true}]}}