{"id":2703,"date":"2016-03-24T06:42:30","date_gmt":"2016-03-24T05:42:30","guid":{"rendered":"http:\/\/www.milosnicylasu.olsztyn.pl\/?p=2703"},"modified":"2016-03-24T06:43:29","modified_gmt":"2016-03-24T05:43:29","slug":"kwiaty-wiosny-przebisnieg","status":"publish","type":"post","link":"https:\/\/www.milosnicylasu.olsztyn.pl\/?p=2703","title":{"rendered":"Kwiaty wiosny &#8211; przebi\u015bnieg"},"content":{"rendered":"<p><strong><a href=\"http:\/\/www.milosnicylasu.olsztyn.pl\/wp-content\/uploads\/2016\/03\/IMG_20160322_110739-www.jpg\" rel=\"attachment wp-att-2700\" data-rel=\"lightbox-image-0\" data-magnific_type=\"image\" data-rl_title=\"\" data-rl_caption=\"\" title=\"\"><img loading=\"lazy\" decoding=\"async\" class=\"size-medium wp-image-2700 alignleft\" src=\"http:\/\/www.milosnicylasu.olsztyn.pl\/wp-content\/uploads\/2016\/03\/IMG_20160322_110739-www-300x225.jpg\" alt=\"IMG_20160322_110739-www\" width=\"300\" height=\"225\" srcset=\"https:\/\/www.milosnicylasu.olsztyn.pl\/wp-content\/uploads\/2016\/03\/IMG_20160322_110739-www-300x225.jpg 300w, https:\/\/www.milosnicylasu.olsztyn.pl\/wp-content\/uploads\/2016\/03\/IMG_20160322_110739-www-768x576.jpg 768w, https:\/\/www.milosnicylasu.olsztyn.pl\/wp-content\/uploads\/2016\/03\/IMG_20160322_110739-www.jpg 1024w, https:\/\/www.milosnicylasu.olsztyn.pl\/wp-content\/uploads\/2016\/03\/IMG_20160322_110739-www-400x300.jpg 400w\" sizes=\"auto, (max-width: 300px) 100vw, 300px\" \/><\/a><\/strong><\/p>\n<p>&nbsp;<\/p>\n<p><strong>\u201ePrzebi\u015bnieg\u201d<\/strong><\/p>\n<p>Jeszcze kry na rzece nie stopnia\u0142y<br \/>\njeszcze zima sypnie \u015bniegiem bia\u0142ym<br \/>\nA ju\u017c spod \u015bniegu, b\u0142ota i szaro\u015bci<br \/>\nprzebi\u015bnieg bia\u0142y ,ma\u0142y kwiat zago\u015bci\u0142\u00a0 &#8211;<\/p>\n<p>symbol nadziei i bliskiej wiosny .<\/p>\n<p>Kruchy, z g\u0142\u00f3wk\u0105\u00a0 zwieszon\u0105 ku ziemi<br \/>\ntak silny \u017ce przebija si\u0119 przez \u015bniegi<br \/>\nA gdy tylko s\u0142o\u0144ce przygrzewa mocniej<br \/>\nma\u0142\u0105 g\u0142\u00f3wk\u0119 do g\u00f3ry podnosi rado\u015bniej .<\/p>\n<p>Cho\u0107 ch\u0142odny deszcz ze \u015bniegiem go zrosi<br \/>\nten ma\u0142y kwiat wszystko cierpliwie znosi<br \/>\nCho\u0107 woko\u0142o roztopy lub zamarzni\u0119ta breja<br \/>\nprzebi\u015bnieg koloru bia\u0142ego nie zmienia &#8211;<\/p>\n<p>wz\u00f3r niewinno\u015bci, mocy i wytrzyma\u0142o\u015bci ..<\/p>\n<p>przebi\u015bnieg \u2013 symbol nadchodz\u0105cej wiosny .<\/p>\n<p><strong>autor wiersza: Niebieskooka -Basia<\/strong><\/p>\n<p><strong>zdj\u0119cie: Adam Siemakowicz<\/strong><\/p>\n","protected":false},"excerpt":{"rendered":"<p>&nbsp; \u201ePrzebi\u015bnieg\u201d Jeszcze kry na rzece nie stopnia\u0142y jeszcze zima sypnie \u015bniegiem bia\u0142ym A ju\u017c spod \u015bniegu, b\u0142ota i szaro\u015bci przebi\u015bnieg bia\u0142y ,ma\u0142y kwiat zago\u015bci\u0142\u00a0 &#8211; symbol nadziei i bliskiej wiosny . Kruchy, z g\u0142\u00f3wk\u0105\u00a0 zwieszon\u0105 ku ziemi tak silny \u017ce przebija si\u0119 przez \u015bniegi A gdy tylko s\u0142o\u0144ce przygrzewa mocniej ma\u0142\u0105 g\u0142\u00f3wk\u0119 do g\u00f3ry [&hellip;]<\/p>\n","protected":false},"author":2,"featured_media":0,"comment_status":"open","ping_status":"open","sticky":false,"template":"","format":"standard","meta":{"footnotes":""},"categories":[1,7],"tags":[],"class_list":["post-2703","post","type-post","status-publish","format-standard","hentry","category-bez-kategorii","category-wiersze"],"_links":{"self":[{"href":"https:\/\/www.milosnicylasu.olsztyn.pl\/index.php?rest_route=\/wp\/v2\/posts\/2703","targetHints":{"allow":["GET"]}}],"collection":[{"href":"https:\/\/www.milosnicylasu.olsztyn.pl\/index.php?rest_route=\/wp\/v2\/posts"}],"about":[{"href":"https:\/\/www.milosnicylasu.olsztyn.pl\/index.php?rest_route=\/wp\/v2\/types\/post"}],"author":[{"embeddable":true,"href":"https:\/\/www.milosnicylasu.olsztyn.pl\/index.php?rest_route=\/wp\/v2\/users\/2"}],"replies":[{"embeddable":true,"href":"https:\/\/www.milosnicylasu.olsztyn.pl\/index.php?rest_route=%2Fwp%2Fv2%2Fcomments&post=2703"}],"version-history":[{"count":2,"href":"https:\/\/www.milosnicylasu.olsztyn.pl\/index.php?rest_route=\/wp\/v2\/posts\/2703\/revisions"}],"predecessor-version":[{"id":2705,"href":"https:\/\/www.milosnicylasu.olsztyn.pl\/index.php?rest_route=\/wp\/v2\/posts\/2703\/revisions\/2705"}],"wp:attachment":[{"href":"https:\/\/www.milosnicylasu.olsztyn.pl\/index.php?rest_route=%2Fwp%2Fv2%2Fmedia&parent=2703"}],"wp:term":[{"taxonomy":"category","embeddable":true,"href":"https:\/\/www.milosnicylasu.olsztyn.pl\/index.php?rest_route=%2Fwp%2Fv2%2Fcategories&post=2703"},{"taxonomy":"post_tag","embeddable":true,"href":"https:\/\/www.milosnicylasu.olsztyn.pl\/index.php?rest_route=%2Fwp%2Fv2%2Ftags&post=2703"}],"curies":[{"name":"wp","href":"https:\/\/api.w.org\/{rel}","templated":true}]}}