{"id":2708,"date":"2016-03-30T19:48:23","date_gmt":"2016-03-30T17:48:23","guid":{"rendered":"http:\/\/www.milosnicylasu.olsztyn.pl\/?p=2708"},"modified":"2016-03-30T19:48:29","modified_gmt":"2016-03-30T17:48:29","slug":"posadz-z-nami-las","status":"publish","type":"post","link":"https:\/\/www.milosnicylasu.olsztyn.pl\/?p=2708","title":{"rendered":"Posad\u017a z nami las"},"content":{"rendered":"<p><strong><a href=\"http:\/\/www.milosnicylasu.olsztyn.pl\/wp-content\/uploads\/2014\/04\/P4260133-www.jpg\" rel=\"attachment wp-att-1149\" data-rel=\"lightbox-image-0\" data-magnific_type=\"image\" data-rl_title=\"\" data-rl_caption=\"\" title=\"\"><img loading=\"lazy\" decoding=\"async\" class=\"size-medium wp-image-1149 alignleft\" src=\"http:\/\/www.milosnicylasu.olsztyn.pl\/wp-content\/uploads\/2014\/04\/P4260133-www-300x225.jpg\" alt=\"P4260133-www\" width=\"300\" height=\"225\" srcset=\"https:\/\/www.milosnicylasu.olsztyn.pl\/wp-content\/uploads\/2014\/04\/P4260133-www-300x225.jpg 300w, https:\/\/www.milosnicylasu.olsztyn.pl\/wp-content\/uploads\/2014\/04\/P4260133-www-1024x768.jpg 1024w, https:\/\/www.milosnicylasu.olsztyn.pl\/wp-content\/uploads\/2014\/04\/P4260133-www-400x300.jpg 400w, https:\/\/www.milosnicylasu.olsztyn.pl\/wp-content\/uploads\/2014\/04\/P4260133-www.jpg 1280w\" sizes=\"auto, (max-width: 300px) 100vw, 300px\" \/><\/a>\u00a0Na stronie internetowej Nadle\u015bnictwa Kudypy ukaza\u0142o si\u0119 og\u0142oszenie:<\/strong><\/p>\n<p><em>&#8222;Je\u015bli zawsze chcia\u0142e\u015b\/ chcia\u0142a\u015b posadzi\u0107 las \u015bwietnie si\u0119 sk\u0142ada. Ju\u017c 9 kwietnia zapraszamy na rodzinne sadzenie lasu. Pod okiem do\u015bwiadczonych le\u015bnik\u00f3w, dowiecie si\u0119 jak poprawnie sadzi\u0107 m\u0142ode drzewka, poznacie tajniki gospodarki le\u015bnej i przy okazji mi\u0142o sp\u0119dzicie czas na \u015bwie\u017cym powietrzu.<\/em><\/p>\n<p><em>Wszystkich ch\u0119tnych zapraszamy 9 kwietnia ( sobota ) o godzinie 10.00\u00a0 Zapraszamy du\u017cych i ma\u0142ych, wszystkich, bez wzgl\u0119du na wiek.<\/em><\/p>\n<p><em>Zbi\u00f3rka na starym parkingu le\u015bnym, tu\u017c przy granicy administracyjnej Olsztyna ( kierunek Gietrzwa\u0142d, ok 300 metr\u00f3w od granicy lotniska Dajtki)<\/em><\/p>\n<p><em>Zabierzcie ze sob\u0105 dobry humor i co\u015b na ognisko ( my zapewniamy napoje), je\u015bli macie, przydadz\u0105 si\u0119 te\u017c \u0142opaty i r\u0119kawice&#8221;.<\/em><\/p>\n<p><strong>Wszystkich cz\u0142onk\u00f3w Ko\u0142a gor\u0105co zach\u0119camy do tej akcji. B\u0119dziemy mieli nast\u0119pny kawa\u0142ek &#8222;swojego lasu&#8221;. W zwi\u0105zku z tym, \u017ce organizatorzy prosz\u0105 o podanie liczby os\u00f3b, kt\u00f3re wezm\u0105 udzia\u0142 w sadzeniu lasu &#8211; zapisywa\u0107 b\u0119dziemy podczas czwartkowego spotkania 7 kwietnia br.<\/strong><\/p>\n<p>Jednocze\u015bnie\u00a0informujemy, \u017ce 9 kwietnia nie b\u0119dzie rajdu zaczynaj\u0105cego si\u0119 przy ulicy Jagiello\u0144skiej.<\/p>\n","protected":false},"excerpt":{"rendered":"<p>\u00a0Na stronie internetowej Nadle\u015bnictwa Kudypy ukaza\u0142o si\u0119 og\u0142oszenie: &#8222;Je\u015bli zawsze chcia\u0142e\u015b\/ chcia\u0142a\u015b posadzi\u0107 las \u015bwietnie si\u0119 sk\u0142ada. Ju\u017c 9 kwietnia zapraszamy na rodzinne sadzenie lasu. Pod okiem do\u015bwiadczonych le\u015bnik\u00f3w, dowiecie si\u0119 jak poprawnie sadzi\u0107 m\u0142ode drzewka, poznacie tajniki gospodarki le\u015bnej i przy okazji mi\u0142o sp\u0119dzicie czas na \u015bwie\u017cym powietrzu. Wszystkich ch\u0119tnych zapraszamy 9 kwietnia ( [&hellip;]<\/p>\n","protected":false},"author":2,"featured_media":0,"comment_status":"open","ping_status":"open","sticky":false,"template":"","format":"standard","meta":{"footnotes":""},"categories":[1,9],"tags":[],"class_list":["post-2708","post","type-post","status-publish","format-standard","hentry","category-bez-kategorii","category-ciekawostki"],"_links":{"self":[{"href":"https:\/\/www.milosnicylasu.olsztyn.pl\/index.php?rest_route=\/wp\/v2\/posts\/2708","targetHints":{"allow":["GET"]}}],"collection":[{"href":"https:\/\/www.milosnicylasu.olsztyn.pl\/index.php?rest_route=\/wp\/v2\/posts"}],"about":[{"href":"https:\/\/www.milosnicylasu.olsztyn.pl\/index.php?rest_route=\/wp\/v2\/types\/post"}],"author":[{"embeddable":true,"href":"https:\/\/www.milosnicylasu.olsztyn.pl\/index.php?rest_route=\/wp\/v2\/users\/2"}],"replies":[{"embeddable":true,"href":"https:\/\/www.milosnicylasu.olsztyn.pl\/index.php?rest_route=%2Fwp%2Fv2%2Fcomments&post=2708"}],"version-history":[{"count":1,"href":"https:\/\/www.milosnicylasu.olsztyn.pl\/index.php?rest_route=\/wp\/v2\/posts\/2708\/revisions"}],"predecessor-version":[{"id":2709,"href":"https:\/\/www.milosnicylasu.olsztyn.pl\/index.php?rest_route=\/wp\/v2\/posts\/2708\/revisions\/2709"}],"wp:attachment":[{"href":"https:\/\/www.milosnicylasu.olsztyn.pl\/index.php?rest_route=%2Fwp%2Fv2%2Fmedia&parent=2708"}],"wp:term":[{"taxonomy":"category","embeddable":true,"href":"https:\/\/www.milosnicylasu.olsztyn.pl\/index.php?rest_route=%2Fwp%2Fv2%2Fcategories&post=2708"},{"taxonomy":"post_tag","embeddable":true,"href":"https:\/\/www.milosnicylasu.olsztyn.pl\/index.php?rest_route=%2Fwp%2Fv2%2Ftags&post=2708"}],"curies":[{"name":"wp","href":"https:\/\/api.w.org\/{rel}","templated":true}]}}