{"id":2710,"date":"2016-04-03T16:30:00","date_gmt":"2016-04-03T14:30:00","guid":{"rendered":"http:\/\/www.milosnicylasu.olsztyn.pl\/?p=2710"},"modified":"2016-04-03T16:37:39","modified_gmt":"2016-04-03T14:37:39","slug":"sa-juz-kwiatki-w-lesie","status":"publish","type":"post","link":"https:\/\/www.milosnicylasu.olsztyn.pl\/?p=2710","title":{"rendered":"S\u0105 ju\u017c kwiatki w lesie"},"content":{"rendered":"<p><a href=\"http:\/\/www.milosnicylasu.olsztyn.pl\/wp-content\/uploads\/2016\/04\/DSCN6288-www.jpg\" rel=\"attachment wp-att-2711\" data-rel=\"lightbox-image-0\" data-magnific_type=\"image\" data-rl_title=\"\" data-rl_caption=\"\" title=\"\"><img loading=\"lazy\" decoding=\"async\" class=\"size-medium wp-image-2711 alignleft\" src=\"http:\/\/www.milosnicylasu.olsztyn.pl\/wp-content\/uploads\/2016\/04\/DSCN6288-www-300x225.jpg\" alt=\"DSCN6288-www\" width=\"300\" height=\"225\" srcset=\"https:\/\/www.milosnicylasu.olsztyn.pl\/wp-content\/uploads\/2016\/04\/DSCN6288-www-300x225.jpg 300w, https:\/\/www.milosnicylasu.olsztyn.pl\/wp-content\/uploads\/2016\/04\/DSCN6288-www-768x576.jpg 768w, https:\/\/www.milosnicylasu.olsztyn.pl\/wp-content\/uploads\/2016\/04\/DSCN6288-www.jpg 1024w, https:\/\/www.milosnicylasu.olsztyn.pl\/wp-content\/uploads\/2016\/04\/DSCN6288-www-400x300.jpg 400w\" sizes=\"auto, (max-width: 300px) 100vw, 300px\" \/><\/a><\/p>\n<p>&nbsp;<\/p>\n<p>&nbsp;<\/p>\n<p>Spotkali\u015bmy przylaszczki podczas sobotniego rajdu. i na t\u0119 okoliczno\u015b\u0107 znalaz\u0142am wierszyk w internecie. Autorem jest Pan Zdzis\u0142aw.<\/p>\n<h1 title=\"PRZYLASZCZKA\"><a class=\"blue\" href=\"http:\/\/wiersze.kobieta.pl\/wiersze\/przylaszczka-362637\">PRZYLASZCZKA<\/a><\/h1>\n<p>Dla wielu moje imi\u0119,<br \/>\nkojarzy si\u0119 z lasem<br \/>\na ja do ogrod\u00f3w<br \/>\nte\u017c zagl\u0105dam czasem.<\/p>\n<p>M\u00f3wi\u0105 o mnie &#8211; pi\u0119kna<br \/>\nnie mog\u0119 zaprzeczy\u0107<br \/>\nwiem, \u017ce po to rosn\u0119<br \/>\naby wok\u00f3\u0142 cieszy\u0107.<\/p>\n<p>Stw\u00f3rca da\u0142 urod\u0119<br \/>\nwi\u0119c nic nie ukrywam<br \/>\nniebiesko\u015bci\u0105 wabi\u0119<br \/>\nzapachy rozsy\u0142am.<\/p>\n<p>Lecz z tego powodu<br \/>\ndzia\u0142am jak narkotyk<br \/>\njestem nara\u017cona<br \/>\nna zerwanie, dotyk.<\/p>\n<p>Uwielbiam flirtowa\u0107<br \/>\nale tylko w dzie\u0144,<br \/>\nnoc\u0105 kwiat zamykam<br \/>\ni zapadam w sen.<\/p>\n<p>&nbsp;<\/p>\n<p>Przeszli\u015bmy \u00a0 z p\u0119tli przy \u00a0u<a href=\"http:\/\/www.milosnicylasu.olsztyn.pl\/wp-content\/uploads\/2016\/04\/DSCN6284-www.jpg\" rel=\"attachment wp-att-2712\" data-rel=\"lightbox-image-1\" data-magnific_type=\"image\" data-rl_title=\"\" data-rl_caption=\"\" title=\"\"><img loading=\"lazy\" decoding=\"async\" class=\"size-medium wp-image-2712 alignright\" src=\"http:\/\/www.milosnicylasu.olsztyn.pl\/wp-content\/uploads\/2016\/04\/DSCN6284-www-300x225.jpg\" alt=\"DSCN6284-www\" width=\"300\" height=\"225\" srcset=\"https:\/\/www.milosnicylasu.olsztyn.pl\/wp-content\/uploads\/2016\/04\/DSCN6284-www-300x225.jpg 300w, https:\/\/www.milosnicylasu.olsztyn.pl\/wp-content\/uploads\/2016\/04\/DSCN6284-www-768x576.jpg 768w, https:\/\/www.milosnicylasu.olsztyn.pl\/wp-content\/uploads\/2016\/04\/DSCN6284-www.jpg 1024w, https:\/\/www.milosnicylasu.olsztyn.pl\/wp-content\/uploads\/2016\/04\/DSCN6284-www-400x300.jpg 400w\" sizes=\"auto, (max-width: 300px) 100vw, 300px\" \/><\/a>licy Jagiello\u0144skiej do strzelnicy LOK i nast\u0119pnie \u00a0 do\u00a0<span style=\"font-weight: 300;\">CEiK-u.<\/span><\/p>\n<p>Na strzelnicy LOK kibicowali\u015bmy naszym kolegom: Waldkowi Chrzanowskiemu, J\u00f3zkowi Ga\u017adzie i Rysiowi Chudziakiewiczowi, kt\u00f3rzy brali udzia\u0142 w pierwszym etapie powiatowych zawod\u00f3w strzeleckich.\u00a0<a href=\"http:\/\/www.milosnicylasu.olsztyn.pl\/wp-content\/uploads\/2016\/04\/DSCN6280-www.jpg\" rel=\"attachment wp-att-2713\" data-rel=\"lightbox-image-2\" data-magnific_type=\"image\" data-rl_title=\"\" data-rl_caption=\"\" title=\"\"><img loading=\"lazy\" decoding=\"async\" class=\"size-medium wp-image-2713 alignleft\" src=\"http:\/\/www.milosnicylasu.olsztyn.pl\/wp-content\/uploads\/2016\/04\/DSCN6280-www-300x225.jpg\" alt=\"DSCN6280-www\" width=\"300\" height=\"225\" srcset=\"https:\/\/www.milosnicylasu.olsztyn.pl\/wp-content\/uploads\/2016\/04\/DSCN6280-www-300x225.jpg 300w, https:\/\/www.milosnicylasu.olsztyn.pl\/wp-content\/uploads\/2016\/04\/DSCN6280-www-768x576.jpg 768w, https:\/\/www.milosnicylasu.olsztyn.pl\/wp-content\/uploads\/2016\/04\/DSCN6280-www.jpg 1024w, https:\/\/www.milosnicylasu.olsztyn.pl\/wp-content\/uploads\/2016\/04\/DSCN6280-www-400x300.jpg 400w\" sizes=\"auto, (max-width: 300px) 100vw, 300px\" \/><\/a><\/p>\n<p>&nbsp;<\/p>\n<p>A na trasie uczestnicy rajdu zrobili niespodziank\u0119 Rysi Wiejek &#8211; z\u0142o\u017cyli jej \u017cyczenia imieninowe, a prezes mocno si\u0119 natrudzi\u0142 \u017ceby przygotowa\u0107 le\u015bn\u0105 wi\u0105zank\u0119\u00a0&#8211; nie by\u0142a zbyt okaza\u0142a, ale c\u00f3\u017c\u00a0&#8230; taka pora roku.<\/p>\n","protected":false},"excerpt":{"rendered":"<p>&nbsp; &nbsp; Spotkali\u015bmy przylaszczki podczas sobotniego rajdu. i na t\u0119 okoliczno\u015b\u0107 znalaz\u0142am wierszyk w internecie. Autorem jest Pan Zdzis\u0142aw. PRZYLASZCZKA Dla wielu moje imi\u0119, kojarzy si\u0119 z lasem a ja do ogrod\u00f3w te\u017c zagl\u0105dam czasem. M\u00f3wi\u0105 o mnie &#8211; pi\u0119kna nie mog\u0119 zaprzeczy\u0107 wiem, \u017ce po to rosn\u0119 aby wok\u00f3\u0142 cieszy\u0107. Stw\u00f3rca da\u0142 urod\u0119 wi\u0119c [&hellip;]<\/p>\n","protected":false},"author":2,"featured_media":0,"comment_status":"open","ping_status":"open","sticky":false,"template":"","format":"standard","meta":{"footnotes":""},"categories":[1,2],"tags":[],"class_list":["post-2710","post","type-post","status-publish","format-standard","hentry","category-bez-kategorii","category-rajdy"],"_links":{"self":[{"href":"https:\/\/www.milosnicylasu.olsztyn.pl\/index.php?rest_route=\/wp\/v2\/posts\/2710","targetHints":{"allow":["GET"]}}],"collection":[{"href":"https:\/\/www.milosnicylasu.olsztyn.pl\/index.php?rest_route=\/wp\/v2\/posts"}],"about":[{"href":"https:\/\/www.milosnicylasu.olsztyn.pl\/index.php?rest_route=\/wp\/v2\/types\/post"}],"author":[{"embeddable":true,"href":"https:\/\/www.milosnicylasu.olsztyn.pl\/index.php?rest_route=\/wp\/v2\/users\/2"}],"replies":[{"embeddable":true,"href":"https:\/\/www.milosnicylasu.olsztyn.pl\/index.php?rest_route=%2Fwp%2Fv2%2Fcomments&post=2710"}],"version-history":[{"count":3,"href":"https:\/\/www.milosnicylasu.olsztyn.pl\/index.php?rest_route=\/wp\/v2\/posts\/2710\/revisions"}],"predecessor-version":[{"id":2716,"href":"https:\/\/www.milosnicylasu.olsztyn.pl\/index.php?rest_route=\/wp\/v2\/posts\/2710\/revisions\/2716"}],"wp:attachment":[{"href":"https:\/\/www.milosnicylasu.olsztyn.pl\/index.php?rest_route=%2Fwp%2Fv2%2Fmedia&parent=2710"}],"wp:term":[{"taxonomy":"category","embeddable":true,"href":"https:\/\/www.milosnicylasu.olsztyn.pl\/index.php?rest_route=%2Fwp%2Fv2%2Fcategories&post=2710"},{"taxonomy":"post_tag","embeddable":true,"href":"https:\/\/www.milosnicylasu.olsztyn.pl\/index.php?rest_route=%2Fwp%2Fv2%2Ftags&post=2710"}],"curies":[{"name":"wp","href":"https:\/\/api.w.org\/{rel}","templated":true}]}}