{"id":2722,"date":"2016-04-12T18:28:16","date_gmt":"2016-04-12T16:28:16","guid":{"rendered":"http:\/\/www.milosnicylasu.olsztyn.pl\/?p=2722"},"modified":"2016-04-12T18:28:16","modified_gmt":"2016-04-12T16:28:16","slug":"kolejny-czwartek-ekologiczny","status":"publish","type":"post","link":"https:\/\/www.milosnicylasu.olsztyn.pl\/?p=2722","title":{"rendered":"Kolejny czwartek ekologiczny"},"content":{"rendered":"<p><a href=\"http:\/\/www.milosnicylasu.olsztyn.pl\/wp-content\/uploads\/2016\/04\/DSCN6289-www.jpg\" rel=\"attachment wp-att-2723\" data-rel=\"lightbox-image-0\" data-magnific_type=\"image\" data-rl_title=\"\" data-rl_caption=\"\" title=\"\"><img loading=\"lazy\" decoding=\"async\" class=\"size-medium wp-image-2723 alignleft\" src=\"http:\/\/www.milosnicylasu.olsztyn.pl\/wp-content\/uploads\/2016\/04\/DSCN6289-www-300x225.jpg\" alt=\"DSCN6289-www\" width=\"300\" height=\"225\" srcset=\"https:\/\/www.milosnicylasu.olsztyn.pl\/wp-content\/uploads\/2016\/04\/DSCN6289-www-300x225.jpg 300w, https:\/\/www.milosnicylasu.olsztyn.pl\/wp-content\/uploads\/2016\/04\/DSCN6289-www-768x576.jpg 768w, https:\/\/www.milosnicylasu.olsztyn.pl\/wp-content\/uploads\/2016\/04\/DSCN6289-www.jpg 1024w, https:\/\/www.milosnicylasu.olsztyn.pl\/wp-content\/uploads\/2016\/04\/DSCN6289-www-400x300.jpg 400w\" sizes=\"auto, (max-width: 300px) 100vw, 300px\" \/><\/a>7 kwietnia 2016 r. spotkali\u015bmy si\u0119 w Regionalnej Dyrekcji Las\u00f3w Pa\u0144stwowych w Olsztynie na kolejnym czwartku ekologicznym. Tym razem mogli\u015bmy si\u0119 spotka\u0107 z panem Paw\u0142em Bednarczykiem &#8211; pracownikiem Nadle\u015bnictwa Olsztyn, kt\u00f3ry by\u0142 inicjatorem powstania O\u015brodka Rehabilitacji Ptak\u00f3w Drapie\u017cnych w Le\u015bnictwie D\u0105br\u00f3wka.<\/p>\n<p>Pan Pawe\u0142 ciekawie opowiada\u0142 o przes\u0142ankach, o pocz\u0105tkach powstania O\u015brodka &#8211; miejsca,\u00a0w kt\u00f3rym mog\u0142yby wraca\u0107 do zdrowia i odzyskiwa\u0107 pe\u0142n\u0105 sprawno\u015b\u0107 chore ptaki. \u00a0Zamierzeniem le\u015bnik\u00f3w by\u0142o, aby po pobycie w takim o\u015brodku pacjent w pe\u0142ni zdrowia wraca\u0142 do natury. O\u015brodek powsta\u0142 w 1996 roku. Stale si\u0119 rozbudowuje &#8211; powstaj\u0105 nowe woliery ze specjalnym przeznaczeniem dla ptak\u00f3w drapie\u017cnych. W ci\u0105gu roku przyjmowanych jest 30 ptak\u00f3w drapie\u017cnych. Wi\u0119kszo\u015b\u0107 pacjent\u00f3w po wyleczeniu powraca do swoich naturalnych siedlisk. Losy niekt\u00f3rych z nich s\u0105 \u015bledzone, poniewa\u017c wszystkie ptaki przed wypuszczeniem s\u0105 obr\u0105czkowane.<\/p>\n<p>W czasie wyk\u0142adu mogli\u015bmy zobaczy\u0107 i wys\u0142ucha\u0107 wielu ciekawostek z \u017cycia skrzydlatych pacjent\u00f3w &#8211; m.in. bielika, orlika krzykliwego, rybo\u0142owa, krogulca, myszo\u0142owa. Na zako\u0144czenie wyk\u0142adu wszyscy s\u0142uchacze otrzymali ksi\u0105\u017ceczki, dzi\u0119ki kt\u00f3rym b\u0119dziemy mogli utrwali\u0107 wiedz\u0119 zdobyta w czasie prelekcji.<\/p>\n<p>Dzi\u0119kujemy Panu Paw\u0142owi Bednarczykowi za bardzo ciekawe spotkanie.<\/p>\n<p>&nbsp;<\/p>\n","protected":false},"excerpt":{"rendered":"<p>7 kwietnia 2016 r. spotkali\u015bmy si\u0119 w Regionalnej Dyrekcji Las\u00f3w Pa\u0144stwowych w Olsztynie na kolejnym czwartku ekologicznym. Tym razem mogli\u015bmy si\u0119 spotka\u0107 z panem Paw\u0142em Bednarczykiem &#8211; pracownikiem Nadle\u015bnictwa Olsztyn, kt\u00f3ry by\u0142 inicjatorem powstania O\u015brodka Rehabilitacji Ptak\u00f3w Drapie\u017cnych w Le\u015bnictwie D\u0105br\u00f3wka. Pan Pawe\u0142 ciekawie opowiada\u0142 o przes\u0142ankach, o pocz\u0105tkach powstania O\u015brodka &#8211; miejsca,\u00a0w kt\u00f3rym mog\u0142yby [&hellip;]<\/p>\n","protected":false},"author":2,"featured_media":0,"comment_status":"open","ping_status":"open","sticky":false,"template":"","format":"standard","meta":{"footnotes":""},"categories":[1,9,3],"tags":[],"class_list":["post-2722","post","type-post","status-publish","format-standard","hentry","category-bez-kategorii","category-ciekawostki","category-zebrania"],"_links":{"self":[{"href":"https:\/\/www.milosnicylasu.olsztyn.pl\/index.php?rest_route=\/wp\/v2\/posts\/2722","targetHints":{"allow":["GET"]}}],"collection":[{"href":"https:\/\/www.milosnicylasu.olsztyn.pl\/index.php?rest_route=\/wp\/v2\/posts"}],"about":[{"href":"https:\/\/www.milosnicylasu.olsztyn.pl\/index.php?rest_route=\/wp\/v2\/types\/post"}],"author":[{"embeddable":true,"href":"https:\/\/www.milosnicylasu.olsztyn.pl\/index.php?rest_route=\/wp\/v2\/users\/2"}],"replies":[{"embeddable":true,"href":"https:\/\/www.milosnicylasu.olsztyn.pl\/index.php?rest_route=%2Fwp%2Fv2%2Fcomments&post=2722"}],"version-history":[{"count":1,"href":"https:\/\/www.milosnicylasu.olsztyn.pl\/index.php?rest_route=\/wp\/v2\/posts\/2722\/revisions"}],"predecessor-version":[{"id":2724,"href":"https:\/\/www.milosnicylasu.olsztyn.pl\/index.php?rest_route=\/wp\/v2\/posts\/2722\/revisions\/2724"}],"wp:attachment":[{"href":"https:\/\/www.milosnicylasu.olsztyn.pl\/index.php?rest_route=%2Fwp%2Fv2%2Fmedia&parent=2722"}],"wp:term":[{"taxonomy":"category","embeddable":true,"href":"https:\/\/www.milosnicylasu.olsztyn.pl\/index.php?rest_route=%2Fwp%2Fv2%2Fcategories&post=2722"},{"taxonomy":"post_tag","embeddable":true,"href":"https:\/\/www.milosnicylasu.olsztyn.pl\/index.php?rest_route=%2Fwp%2Fv2%2Ftags&post=2722"}],"curies":[{"name":"wp","href":"https:\/\/api.w.org\/{rel}","templated":true}]}}