{"id":2736,"date":"2016-04-19T06:24:48","date_gmt":"2016-04-19T04:24:48","guid":{"rendered":"http:\/\/www.milosnicylasu.olsztyn.pl\/?p=2736"},"modified":"2016-04-19T06:24:48","modified_gmt":"2016-04-19T04:24:48","slug":"rajd-na-azymut","status":"publish","type":"post","link":"https:\/\/www.milosnicylasu.olsztyn.pl\/?p=2736","title":{"rendered":"Rajd na azymut"},"content":{"rendered":"<p>Drugi w tym sezonie rajd na azymut przebiega\u0142 od Dywit do Redykajn. 16 kwietnia poznali\u015bmy malownicze\u00a0\u00a0tereny wok\u00f3\u0142 Olsztyna, ciekawe te\u017c ze wzgl\u0119d\u00f3w historycznych.\u00a0<a href=\"http:\/\/www.milosnicylasu.olsztyn.pl\/wp-content\/uploads\/2016\/04\/DSCN6347-www.jpg\" rel=\"attachment wp-att-2737\" data-rel=\"lightbox-image-0\" data-magnific_type=\"image\" data-rl_title=\"\" data-rl_caption=\"\" title=\"\"><img loading=\"lazy\" decoding=\"async\" class=\"size-medium wp-image-2737 alignright\" src=\"http:\/\/www.milosnicylasu.olsztyn.pl\/wp-content\/uploads\/2016\/04\/DSCN6347-www-300x225.jpg\" alt=\"DSCN6347-www\" width=\"300\" height=\"225\" srcset=\"https:\/\/www.milosnicylasu.olsztyn.pl\/wp-content\/uploads\/2016\/04\/DSCN6347-www-300x225.jpg 300w, https:\/\/www.milosnicylasu.olsztyn.pl\/wp-content\/uploads\/2016\/04\/DSCN6347-www-768x576.jpg 768w, https:\/\/www.milosnicylasu.olsztyn.pl\/wp-content\/uploads\/2016\/04\/DSCN6347-www.jpg 1024w, https:\/\/www.milosnicylasu.olsztyn.pl\/wp-content\/uploads\/2016\/04\/DSCN6347-www-400x300.jpg 400w\" sizes=\"auto, (max-width: 300px) 100vw, 300px\" \/><\/a><\/p>\n<p>W Dywitach niedaleko Olsztyna Henryk Mondroch, regionalny pasjonat historii, odkry\u0142 pozosta\u0142o\u015bci po ogromnej bazie sterowc\u00f3w i balon\u00f3w wojskowych. Zachowa\u0142y si\u0119 m.in. stacje cumuj\u0105ce oraz torowisko prowadz\u0105ce do nieistniej\u0105cego hangaru.<\/p>\n<p>Historia sterowc\u00f3w i\u00a0balon\u00f3w wojskowych w\u00a0Dywitach si\u0119ga 1913 roku. Wtedy miasto Olsztyn zakupi\u0142o od miejscowego gospodarza teren pod baz\u0119 sterowc\u00f3w i\u00a0balon\u00f3w wojskowych. Wiosn\u0105 nast\u0119pnego roku lotnisko by\u0142o gotowe. Powsta\u0142a olbrzymia hala o\u00a0wysoko\u015bci 34 metr\u00f3w i\u00a0d\u0142ugo\u015bci 192 metr\u00f3w.<\/p>\n<p>Torowiska s\u0142u\u017c\u0105ce do transportu sterowc\u00f3w rozmieszczone by\u0142y po oby stronach hali. Cz\u0119\u015b\u0107 zachowa\u0142a si\u0119 do dzi\u015b. Sterowce \u015bci\u0105gano w\u00a0d\u00f3\u0142 i\u00a0cumowano za pomoc\u0105 lin przeplatanych przez stalowe obr\u0119cze umieszczone w\u00a0\u017celbetowych blokach. W\u00a0Dywitach by\u0142y 24 punkty &#8222;kotwicze&#8221;. Na terenie lotniska znajdowa\u0142y si\u0119 gara\u017ce, warsztaty, magazyny, radiostacja i\u00a0stacja meteorologiczna.<a href=\"http:\/\/www.milosnicylasu.olsztyn.pl\/wp-content\/uploads\/2016\/04\/DSCN6345-www.jpg\" rel=\"attachment wp-att-2738\" data-rel=\"lightbox-image-1\" data-magnific_type=\"image\" data-rl_title=\"\" data-rl_caption=\"\" title=\"\"><img loading=\"lazy\" decoding=\"async\" class=\"size-medium wp-image-2738 alignleft\" src=\"http:\/\/www.milosnicylasu.olsztyn.pl\/wp-content\/uploads\/2016\/04\/DSCN6345-www-300x225.jpg\" alt=\"DSCN6345-www\" width=\"300\" height=\"225\" srcset=\"https:\/\/www.milosnicylasu.olsztyn.pl\/wp-content\/uploads\/2016\/04\/DSCN6345-www-300x225.jpg 300w, https:\/\/www.milosnicylasu.olsztyn.pl\/wp-content\/uploads\/2016\/04\/DSCN6345-www-768x576.jpg 768w, https:\/\/www.milosnicylasu.olsztyn.pl\/wp-content\/uploads\/2016\/04\/DSCN6345-www.jpg 1024w, https:\/\/www.milosnicylasu.olsztyn.pl\/wp-content\/uploads\/2016\/04\/DSCN6345-www-400x300.jpg 400w\" sizes=\"auto, (max-width: 300px) 100vw, 300px\" \/><\/a><\/p>\n<p><strong>Sterowce z Dywit bra\u0142y czynny udzia\u0142 podczas I wojny \u015bwiatowej<\/strong>, wykonywa\u0142y g\u0142\u00f3wnie loty patrolowe i rozpoznawcze ale dokonywa\u0142y te\u017c bombardowa\u0144. Ciekawostk\u0105 mo\u017ce by\u0107 fakt, \u017ce dow\u00f3dca jednego z zeppelin\u00f3w stacjonuj\u0105cych w Dywitach by\u0142 <strong>kapitan Ernst Lehmann<\/strong>, kt\u00f3ry w maju 1937 r. zgin\u0105\u0142 w katastrofie najwi\u0119kszego sterowca \u015bwiata \u2013 Hindenburga.<\/p>\n<p>Niestety fakt, \u017ce by\u0142o to lotnisko wojskowe zawa\u017cy\u0142 na tym i\u017c po zako\u0144czeniu wojny na mocy Traktatu Wersalskiego rozebrano wszystkie urz\u0105dzenia, hangar i pomocnicze obiekty. Historia lubi jednak zatacza\u0107 dziwne kr\u0119gi; dzi\u0119ki staraniom poszukiwaczy i pasjonat\u00f3w mo\u017cna powiedzie\u0107 \u017ce dawna hala sterowc\u00f3w nadal \u017cyje. Wiadomo, \u017ce cz\u0119\u015b\u0107 jej element\u00f3w pos\u0142u\u017cy\u0142a do budowy konstrukcji czterokondygnacyjnego gara\u017cu w mie\u015bcie Darmstadt.<\/p>\n<p><a href=\"http:\/\/www.milosnicylasu.olsztyn.pl\/wp-content\/uploads\/2016\/04\/DSCN6360-www-1.jpg\" rel=\"attachment wp-att-2740\" data-rel=\"lightbox-image-2\" data-magnific_type=\"image\" data-rl_title=\"\" data-rl_caption=\"\" title=\"\"><img loading=\"lazy\" decoding=\"async\" class=\"size-medium wp-image-2740 alignright\" src=\"http:\/\/www.milosnicylasu.olsztyn.pl\/wp-content\/uploads\/2016\/04\/DSCN6360-www-1-300x225.jpg\" alt=\"DSCN6360-www\" width=\"300\" height=\"225\" srcset=\"https:\/\/www.milosnicylasu.olsztyn.pl\/wp-content\/uploads\/2016\/04\/DSCN6360-www-1-300x225.jpg 300w, https:\/\/www.milosnicylasu.olsztyn.pl\/wp-content\/uploads\/2016\/04\/DSCN6360-www-1-768x576.jpg 768w, https:\/\/www.milosnicylasu.olsztyn.pl\/wp-content\/uploads\/2016\/04\/DSCN6360-www-1.jpg 1024w, https:\/\/www.milosnicylasu.olsztyn.pl\/wp-content\/uploads\/2016\/04\/DSCN6360-www-1-400x300.jpg 400w\" sizes=\"auto, (max-width: 300px) 100vw, 300px\" \/><\/a>Po przej\u015bciu \u015bcie\u017ck\u0105\u00a0historyczno &#8211; edukacyjn\u0105 po\u015bwi\u0119con\u0105 istniej\u0105cemu na pocz\u0105tku XX wieku w Dywitach l\u0105dowisku sterowc\u00f3w wyruszyli\u015bmy na w\u0119dr\u00f3wk\u0119, kt\u00f3ra by\u0142a \u00a0czasami troch\u0119 trudna.<\/p>\n<p>&nbsp;<\/p>\n<p><a href=\"http:\/\/www.milosnicylasu.olsztyn.pl\/wp-content\/uploads\/2016\/04\/DSCN6367-www.jpg\" rel=\"attachment wp-att-2741\" data-rel=\"lightbox-image-3\" data-magnific_type=\"image\" data-rl_title=\"\" data-rl_caption=\"\" title=\"\"><img loading=\"lazy\" decoding=\"async\" class=\"size-medium wp-image-2741 alignleft\" src=\"http:\/\/www.milosnicylasu.olsztyn.pl\/wp-content\/uploads\/2016\/04\/DSCN6367-www-300x225.jpg\" alt=\"DSCN6367-www\" width=\"300\" height=\"225\" srcset=\"https:\/\/www.milosnicylasu.olsztyn.pl\/wp-content\/uploads\/2016\/04\/DSCN6367-www-300x225.jpg 300w, https:\/\/www.milosnicylasu.olsztyn.pl\/wp-content\/uploads\/2016\/04\/DSCN6367-www-768x576.jpg 768w, https:\/\/www.milosnicylasu.olsztyn.pl\/wp-content\/uploads\/2016\/04\/DSCN6367-www.jpg 1024w, https:\/\/www.milosnicylasu.olsztyn.pl\/wp-content\/uploads\/2016\/04\/DSCN6367-www-400x300.jpg 400w\" sizes=\"auto, (max-width: 300px) 100vw, 300px\" \/><\/a>By\u0142y te\u017c i bardzo ekstremalne podchody pod g\u00f3rk\u0119, \u00a0 \u00a0 \u00a0 \u00a0 \u00a0 \u00a0 \u00a0 \u00a0 \u00a0 \u00a0 \u00a0 <strong>\u00a0ale dali\u015bmy <\/strong><\/p>\n<p><strong>\u00a0 rad\u0119 . <\/strong><\/p>\n<p>&nbsp;<\/p>\n<p>&nbsp;<\/p>\n<p>&nbsp;<\/p>\n<p>&nbsp;<\/p>\n<p>Rekompensat\u0105 by\u0142y pi\u0119kne widoki, poznanie nieznanych miejsc po\u0142o\u017conych \u00a0blisko Olsztyna<a href=\"http:\/\/www.milosnicylasu.olsztyn.pl\/wp-content\/uploads\/2016\/04\/DSCN6373-www-1.jpg\" rel=\"attachment wp-att-2743\" data-rel=\"lightbox-image-4\" data-magnific_type=\"image\" data-rl_title=\"\" data-rl_caption=\"\" title=\"\"><img loading=\"lazy\" decoding=\"async\" class=\"size-medium wp-image-2743 alignright\" src=\"http:\/\/www.milosnicylasu.olsztyn.pl\/wp-content\/uploads\/2016\/04\/DSCN6373-www-1-300x225.jpg\" alt=\"DSCN6373-www\" width=\"300\" height=\"225\" srcset=\"https:\/\/www.milosnicylasu.olsztyn.pl\/wp-content\/uploads\/2016\/04\/DSCN6373-www-1-300x225.jpg 300w, https:\/\/www.milosnicylasu.olsztyn.pl\/wp-content\/uploads\/2016\/04\/DSCN6373-www-1-768x576.jpg 768w, https:\/\/www.milosnicylasu.olsztyn.pl\/wp-content\/uploads\/2016\/04\/DSCN6373-www-1.jpg 1024w, https:\/\/www.milosnicylasu.olsztyn.pl\/wp-content\/uploads\/2016\/04\/DSCN6373-www-1-400x300.jpg 400w\" sizes=\"auto, (max-width: 300px) 100vw, 300px\" \/><\/a><\/p>\n<p>&nbsp;<\/p>\n<p>&nbsp;<\/p>\n<p>&nbsp;<\/p>\n","protected":false},"excerpt":{"rendered":"<p>Drugi w tym sezonie rajd na azymut przebiega\u0142 od Dywit do Redykajn. 16 kwietnia poznali\u015bmy malownicze\u00a0\u00a0tereny wok\u00f3\u0142 Olsztyna, ciekawe te\u017c ze wzgl\u0119d\u00f3w historycznych.\u00a0 W Dywitach niedaleko Olsztyna Henryk Mondroch, regionalny pasjonat historii, odkry\u0142 pozosta\u0142o\u015bci po ogromnej bazie sterowc\u00f3w i balon\u00f3w wojskowych. Zachowa\u0142y si\u0119 m.in. stacje cumuj\u0105ce oraz torowisko prowadz\u0105ce do nieistniej\u0105cego hangaru. Historia sterowc\u00f3w i\u00a0balon\u00f3w [&hellip;]<\/p>\n","protected":false},"author":2,"featured_media":0,"comment_status":"open","ping_status":"open","sticky":false,"template":"","format":"standard","meta":{"footnotes":""},"categories":[1,9,2],"tags":[],"class_list":["post-2736","post","type-post","status-publish","format-standard","hentry","category-bez-kategorii","category-ciekawostki","category-rajdy"],"_links":{"self":[{"href":"https:\/\/www.milosnicylasu.olsztyn.pl\/index.php?rest_route=\/wp\/v2\/posts\/2736","targetHints":{"allow":["GET"]}}],"collection":[{"href":"https:\/\/www.milosnicylasu.olsztyn.pl\/index.php?rest_route=\/wp\/v2\/posts"}],"about":[{"href":"https:\/\/www.milosnicylasu.olsztyn.pl\/index.php?rest_route=\/wp\/v2\/types\/post"}],"author":[{"embeddable":true,"href":"https:\/\/www.milosnicylasu.olsztyn.pl\/index.php?rest_route=\/wp\/v2\/users\/2"}],"replies":[{"embeddable":true,"href":"https:\/\/www.milosnicylasu.olsztyn.pl\/index.php?rest_route=%2Fwp%2Fv2%2Fcomments&post=2736"}],"version-history":[{"count":1,"href":"https:\/\/www.milosnicylasu.olsztyn.pl\/index.php?rest_route=\/wp\/v2\/posts\/2736\/revisions"}],"predecessor-version":[{"id":2744,"href":"https:\/\/www.milosnicylasu.olsztyn.pl\/index.php?rest_route=\/wp\/v2\/posts\/2736\/revisions\/2744"}],"wp:attachment":[{"href":"https:\/\/www.milosnicylasu.olsztyn.pl\/index.php?rest_route=%2Fwp%2Fv2%2Fmedia&parent=2736"}],"wp:term":[{"taxonomy":"category","embeddable":true,"href":"https:\/\/www.milosnicylasu.olsztyn.pl\/index.php?rest_route=%2Fwp%2Fv2%2Fcategories&post=2736"},{"taxonomy":"post_tag","embeddable":true,"href":"https:\/\/www.milosnicylasu.olsztyn.pl\/index.php?rest_route=%2Fwp%2Fv2%2Ftags&post=2736"}],"curies":[{"name":"wp","href":"https:\/\/api.w.org\/{rel}","templated":true}]}}