{"id":2747,"date":"2016-04-19T06:54:15","date_gmt":"2016-04-19T04:54:15","guid":{"rendered":"http:\/\/www.milosnicylasu.olsztyn.pl\/?p=2747"},"modified":"2016-04-19T06:54:15","modified_gmt":"2016-04-19T04:54:15","slug":"kwiaty-wiosny-kaczence","status":"publish","type":"post","link":"https:\/\/www.milosnicylasu.olsztyn.pl\/?p=2747","title":{"rendered":"Kwiaty wiosny&#8230;..kacze\u0144ce"},"content":{"rendered":"<p><strong><a href=\"http:\/\/www.milosnicylasu.olsztyn.pl\/wp-content\/uploads\/2016\/04\/DSCN6351-www.jpg\" rel=\"attachment wp-att-2748\" data-rel=\"lightbox-image-0\" data-magnific_type=\"image\" data-rl_title=\"\" data-rl_caption=\"\" title=\"\"><img loading=\"lazy\" decoding=\"async\" class=\"size-medium wp-image-2748 alignleft\" src=\"http:\/\/www.milosnicylasu.olsztyn.pl\/wp-content\/uploads\/2016\/04\/DSCN6351-www-300x225.jpg\" alt=\"DSCN6351-www\" width=\"300\" height=\"225\" srcset=\"https:\/\/www.milosnicylasu.olsztyn.pl\/wp-content\/uploads\/2016\/04\/DSCN6351-www-300x225.jpg 300w, https:\/\/www.milosnicylasu.olsztyn.pl\/wp-content\/uploads\/2016\/04\/DSCN6351-www-768x576.jpg 768w, https:\/\/www.milosnicylasu.olsztyn.pl\/wp-content\/uploads\/2016\/04\/DSCN6351-www.jpg 1024w, https:\/\/www.milosnicylasu.olsztyn.pl\/wp-content\/uploads\/2016\/04\/DSCN6351-www-400x300.jpg 400w\" sizes=\"auto, (max-width: 300px) 100vw, 300px\" \/><\/a>\u00a0Podczas sobotniej w\u0119dr\u00f3wki z Dywit do Redykajn, \u00a0spotkali\u015bmy pi\u0119knie kwitn\u0105ce kacze\u0144ce.\u00a0<\/strong><\/p>\n<p><strong>Knie\u0107 b\u0142otna<\/strong>, kaczeniec, kaczyniec, &#8211; ro\u015blina\u00a0szeroko rozprzestrzeniona na ca\u0142ej p\u00f3\u0142kuli p\u00f3\u0142nocnej: wyst\u0119puje w ca\u0142ej niemal Europie, Azji, Ameryce P\u00f3\u0142nocnej.<\/p>\n<p>W Polsce\u00a0jest pospolita na bagnistych \u0142\u0105kach\u00a0\u00a0i w ni\u017cszych partiach g\u00f3r.. Kwitnie od marca do maja lub czerwca. Ro\u015bnie na wilgotnych \u0142\u0105kach, brzegach strumieni, w rowach i lasach \u0142\u0119gowych. \u00a0Knie\u0107 wabi owady nektarem,\u00a0\u00a0specjalnymi plamami i rysunkami, kt\u00f3re mog\u0105 by\u0107 zauwa\u017cone tylko przez oczy owad\u00f3w, reaguj\u0105ce na \u015bwiat\u0142o ultrafioletowe.<\/p>\n<p><strong><a href=\"https:\/\/pl.wikipedia.org\/wiki\/Ro%C5%9Blina_truj%C4%85ca\">Ro\u015blina truj\u0105ca<\/a><\/strong>. \u015awie\u017ce ziele zawiera anemonin\u0119, kt\u00f3ra w wi\u0119kszych ilo\u015bciach jest toksyczna. Ro\u015blina nie jest zjadana przez byd\u0142o. Je\u015bli znajdzie si\u0119 w paszy\u00a0w niewielkiej ilo\u015bci \u2013 nie dzia\u0142a szkodliwie, lecz mlekop\u0119dnie. Dzia\u0142anie szkodliwe znika podczas suszenia siana\u00a0wskutek rozk\u0142adu zwi\u0105zk\u00f3w szkodliwych<\/p>\n","protected":false},"excerpt":{"rendered":"<p>\u00a0Podczas sobotniej w\u0119dr\u00f3wki z Dywit do Redykajn, \u00a0spotkali\u015bmy pi\u0119knie kwitn\u0105ce kacze\u0144ce.\u00a0 Knie\u0107 b\u0142otna, kaczeniec, kaczyniec, &#8211; ro\u015blina\u00a0szeroko rozprzestrzeniona na ca\u0142ej p\u00f3\u0142kuli p\u00f3\u0142nocnej: wyst\u0119puje w ca\u0142ej niemal Europie, Azji, Ameryce P\u00f3\u0142nocnej. W Polsce\u00a0jest pospolita na bagnistych \u0142\u0105kach\u00a0\u00a0i w ni\u017cszych partiach g\u00f3r.. Kwitnie od marca do maja lub czerwca. Ro\u015bnie na wilgotnych \u0142\u0105kach, brzegach strumieni, w rowach [&hellip;]<\/p>\n","protected":false},"author":2,"featured_media":0,"comment_status":"open","ping_status":"open","sticky":false,"template":"","format":"standard","meta":{"footnotes":""},"categories":[1,9,2],"tags":[],"class_list":["post-2747","post","type-post","status-publish","format-standard","hentry","category-bez-kategorii","category-ciekawostki","category-rajdy"],"_links":{"self":[{"href":"https:\/\/www.milosnicylasu.olsztyn.pl\/index.php?rest_route=\/wp\/v2\/posts\/2747","targetHints":{"allow":["GET"]}}],"collection":[{"href":"https:\/\/www.milosnicylasu.olsztyn.pl\/index.php?rest_route=\/wp\/v2\/posts"}],"about":[{"href":"https:\/\/www.milosnicylasu.olsztyn.pl\/index.php?rest_route=\/wp\/v2\/types\/post"}],"author":[{"embeddable":true,"href":"https:\/\/www.milosnicylasu.olsztyn.pl\/index.php?rest_route=\/wp\/v2\/users\/2"}],"replies":[{"embeddable":true,"href":"https:\/\/www.milosnicylasu.olsztyn.pl\/index.php?rest_route=%2Fwp%2Fv2%2Fcomments&post=2747"}],"version-history":[{"count":1,"href":"https:\/\/www.milosnicylasu.olsztyn.pl\/index.php?rest_route=\/wp\/v2\/posts\/2747\/revisions"}],"predecessor-version":[{"id":2749,"href":"https:\/\/www.milosnicylasu.olsztyn.pl\/index.php?rest_route=\/wp\/v2\/posts\/2747\/revisions\/2749"}],"wp:attachment":[{"href":"https:\/\/www.milosnicylasu.olsztyn.pl\/index.php?rest_route=%2Fwp%2Fv2%2Fmedia&parent=2747"}],"wp:term":[{"taxonomy":"category","embeddable":true,"href":"https:\/\/www.milosnicylasu.olsztyn.pl\/index.php?rest_route=%2Fwp%2Fv2%2Fcategories&post=2747"},{"taxonomy":"post_tag","embeddable":true,"href":"https:\/\/www.milosnicylasu.olsztyn.pl\/index.php?rest_route=%2Fwp%2Fv2%2Ftags&post=2747"}],"curies":[{"name":"wp","href":"https:\/\/api.w.org\/{rel}","templated":true}]}}