{"id":2812,"date":"2016-05-04T11:33:57","date_gmt":"2016-05-04T09:33:57","guid":{"rendered":"http:\/\/www.milosnicylasu.olsztyn.pl\/?p=2812"},"modified":"2016-05-05T06:32:12","modified_gmt":"2016-05-05T04:32:12","slug":"wycieczka-30-kwietnia-cz-iv","status":"publish","type":"post","link":"https:\/\/www.milosnicylasu.olsztyn.pl\/?p=2812","title":{"rendered":"Wycieczka 30 kwietnia cz.IV &#8211; Barciany"},"content":{"rendered":"<p><strong>Barciany<\/strong><\/p>\n<p><a href=\"http:\/\/www.milosnicylasu.olsztyn.pl\/wp-content\/uploads\/2016\/05\/DSCN6757-www.jpg\" rel=\"attachment wp-att-2813\" data-rel=\"lightbox-image-0\" data-magnific_type=\"image\" data-rl_title=\"\" data-rl_caption=\"\" title=\"\"><img loading=\"lazy\" decoding=\"async\" class=\"size-medium wp-image-2813 alignleft\" src=\"http:\/\/www.milosnicylasu.olsztyn.pl\/wp-content\/uploads\/2016\/05\/DSCN6757-www-300x225.jpg\" alt=\"DSCN6757-www\" width=\"300\" height=\"225\" srcset=\"https:\/\/www.milosnicylasu.olsztyn.pl\/wp-content\/uploads\/2016\/05\/DSCN6757-www-300x225.jpg 300w, https:\/\/www.milosnicylasu.olsztyn.pl\/wp-content\/uploads\/2016\/05\/DSCN6757-www-768x576.jpg 768w, https:\/\/www.milosnicylasu.olsztyn.pl\/wp-content\/uploads\/2016\/05\/DSCN6757-www.jpg 1024w, https:\/\/www.milosnicylasu.olsztyn.pl\/wp-content\/uploads\/2016\/05\/DSCN6757-www-400x300.jpg 400w\" sizes=\"auto, (max-width: 300px) 100vw, 300px\" \/><\/a>Zamek Krzy\u017cacki w Barcianach rozpocz\u0119to budowa\u0107 oko\u0142o roku 1380. Do roku 1400 wzniesiono mury na planie prostok\u0105ta o wymiarach 55&#215;58 oraz skrzyd\u0142o wschodnie z bram\u0105 wjazdow\u0105. Nast\u0119pnie dobudowano trzykondygnacyjne skrzyd\u0142o p\u00f3\u0142nocne. Na pocz\u0105tku XV wieku w naro\u017cniku p\u00f3\u0142nocno-wschodnim dostawiono nisk\u0105 okr\u0105g\u0142\u0105 baszt\u0119. Po sekularyzacji zakonu zamek by\u0142 siedzib\u0105 zarz\u0105dcy miejscowego maj\u0105tku. Po wojnie stanowi\u0142 siedzib\u0119 miejscowego PGR-u. Mie\u015bci\u0142y si\u0119 tu biura oraz magazyny. Obecnie nale\u017cy do prywatnej firmy. Mia\u0142 by\u0107 przebudowany na hotel, ale post\u0119pu prac nie wida\u0107.<a href=\"http:\/\/www.milosnicylasu.olsztyn.pl\/wp-content\/uploads\/2016\/05\/DSCN6761-www.jpg\" rel=\"attachment wp-att-2815\" data-rel=\"lightbox-image-1\" data-magnific_type=\"image\" data-rl_title=\"\" data-rl_caption=\"\" title=\"\"><img loading=\"lazy\" decoding=\"async\" class=\"size-medium wp-image-2815 alignright\" src=\"http:\/\/www.milosnicylasu.olsztyn.pl\/wp-content\/uploads\/2016\/05\/DSCN6761-www-300x225.jpg\" alt=\"DSCN6761-www\" width=\"300\" height=\"225\" srcset=\"https:\/\/www.milosnicylasu.olsztyn.pl\/wp-content\/uploads\/2016\/05\/DSCN6761-www-300x225.jpg 300w, https:\/\/www.milosnicylasu.olsztyn.pl\/wp-content\/uploads\/2016\/05\/DSCN6761-www-768x576.jpg 768w, https:\/\/www.milosnicylasu.olsztyn.pl\/wp-content\/uploads\/2016\/05\/DSCN6761-www.jpg 1024w, https:\/\/www.milosnicylasu.olsztyn.pl\/wp-content\/uploads\/2016\/05\/DSCN6761-www-400x300.jpg 400w\" sizes=\"auto, (max-width: 300px) 100vw, 300px\" \/><\/a><\/p>\n<p>&nbsp;<\/p>\n<p>&nbsp;<\/p>\n<p>&nbsp;<\/p>\n<p>&nbsp;<\/p>\n<p><strong>Ko\u015bci\u00f3\u0142 rzymsko-katolicki pw. Niepokalanego Serca Naj\u015bwi\u0119tszej\u00a0Maryi <\/strong><\/p>\n<p><a href=\"http:\/\/www.milosnicylasu.olsztyn.pl\/wp-content\/uploads\/2016\/05\/DSCN6770-www.jpg\" rel=\"attachment wp-att-2814\" data-rel=\"lightbox-image-2\" data-magnific_type=\"image\" data-rl_title=\"\" data-rl_caption=\"\" title=\"\"><img loading=\"lazy\" decoding=\"async\" class=\"size-medium wp-image-2814 alignright\" src=\"http:\/\/www.milosnicylasu.olsztyn.pl\/wp-content\/uploads\/2016\/05\/DSCN6770-www-300x225.jpg\" alt=\"DSCN6770-www\" width=\"300\" height=\"225\" srcset=\"https:\/\/www.milosnicylasu.olsztyn.pl\/wp-content\/uploads\/2016\/05\/DSCN6770-www-300x225.jpg 300w, https:\/\/www.milosnicylasu.olsztyn.pl\/wp-content\/uploads\/2016\/05\/DSCN6770-www-768x576.jpg 768w, https:\/\/www.milosnicylasu.olsztyn.pl\/wp-content\/uploads\/2016\/05\/DSCN6770-www.jpg 1024w, https:\/\/www.milosnicylasu.olsztyn.pl\/wp-content\/uploads\/2016\/05\/DSCN6770-www-400x300.jpg 400w\" sizes=\"auto, (max-width: 300px) 100vw, 300px\" \/><\/a>Ko\u015bci\u00f3\u0142 z ko\u0144ca XIV wieku. W \u015brodku o\u0142tarz z 1643 roku, barokowe organy z 1750 roku, dwa konfesjona\u0142y z XVIII w.<a href=\"http:\/\/www.milosnicylasu.olsztyn.pl\/wp-content\/uploads\/2016\/05\/DSCN6779-www.jpg\" rel=\"attachment wp-att-2818\" data-rel=\"lightbox-image-3\" data-magnific_type=\"image\" data-rl_title=\"\" data-rl_caption=\"\" title=\"\"><img loading=\"lazy\" decoding=\"async\" class=\"size-medium wp-image-2818 alignleft\" src=\"http:\/\/www.milosnicylasu.olsztyn.pl\/wp-content\/uploads\/2016\/05\/DSCN6779-www-225x300.jpg\" alt=\"DSCN6779-www\" width=\"225\" height=\"300\" srcset=\"https:\/\/www.milosnicylasu.olsztyn.pl\/wp-content\/uploads\/2016\/05\/DSCN6779-www-225x300.jpg 225w, https:\/\/www.milosnicylasu.olsztyn.pl\/wp-content\/uploads\/2016\/05\/DSCN6779-www.jpg 768w\" sizes=\"auto, (max-width: 225px) 100vw, 225px\" \/><\/a><br \/>\nNajstarszy w ko\u015bciele jest dzwon. Pochodzi z 1425 roku. Stelle (drewniane lub kamienne \u0142awki ustawione w prezbiterium) pochodz\u0105 z XV wieku.<\/p>\n<p>&nbsp;<\/p>\n<p>&nbsp;<\/p>\n<p>&nbsp;<\/p>\n<p><a href=\"http:\/\/www.milosnicylasu.olsztyn.pl\/wp-content\/uploads\/2016\/05\/DSCN6780-www.jpg\" rel=\"attachment wp-att-2819\" data-rel=\"lightbox-image-4\" data-magnific_type=\"image\" data-rl_title=\"\" data-rl_caption=\"\" title=\"\"><img loading=\"lazy\" decoding=\"async\" class=\"alignnone size-medium wp-image-2819\" src=\"http:\/\/www.milosnicylasu.olsztyn.pl\/wp-content\/uploads\/2016\/05\/DSCN6780-www-300x225.jpg\" alt=\"DSCN6780-www\" width=\"300\" height=\"225\" srcset=\"https:\/\/www.milosnicylasu.olsztyn.pl\/wp-content\/uploads\/2016\/05\/DSCN6780-www-300x225.jpg 300w, https:\/\/www.milosnicylasu.olsztyn.pl\/wp-content\/uploads\/2016\/05\/DSCN6780-www-768x576.jpg 768w, https:\/\/www.milosnicylasu.olsztyn.pl\/wp-content\/uploads\/2016\/05\/DSCN6780-www.jpg 1024w, https:\/\/www.milosnicylasu.olsztyn.pl\/wp-content\/uploads\/2016\/05\/DSCN6780-www-400x300.jpg 400w\" sizes=\"auto, (max-width: 300px) 100vw, 300px\" \/><\/a>W ko\u015bciele mo\u017cna zobaczy\u0107 mosi\u0119\u017cny \u015bwiecznik ozdobiony dwug\u0142owym or\u0142em &#8211; rosyjskim god\u0142em pa\u0144stwowym &#8211; dar od carycy Katarzyny.<\/p>\n<p>W Barcianach zwiedzali\u015bmy i kibicowali\u015bmy.Tego dnia odby\u0142 si\u0119\u00a0<strong>\u00a0XXXVI Bieg Bart\u00f3w im. Jana Liniewskiego &#8211;<\/strong>. jeden z najstarszych bieg\u00f3w na Warmii i Mazurach.\u00a0Jak zwykle rywalizowano w wielu kategoriach wiekowych, od przedszkolak\u00f3w do senior\u00f3w.\u00a0<a href=\"http:\/\/www.milosnicylasu.olsztyn.pl\/wp-content\/uploads\/2016\/05\/DSCN6809-www.jpg\" rel=\"attachment wp-att-2834\" data-rel=\"lightbox-image-5\" data-magnific_type=\"image\" data-rl_title=\"\" data-rl_caption=\"\" title=\"\"><img loading=\"lazy\" decoding=\"async\" class=\"size-medium wp-image-2834 alignleft\" src=\"http:\/\/www.milosnicylasu.olsztyn.pl\/wp-content\/uploads\/2016\/05\/DSCN6809-www-300x225.jpg\" alt=\"DSCN6809-www\" width=\"300\" height=\"225\" srcset=\"https:\/\/www.milosnicylasu.olsztyn.pl\/wp-content\/uploads\/2016\/05\/DSCN6809-www-300x225.jpg 300w, https:\/\/www.milosnicylasu.olsztyn.pl\/wp-content\/uploads\/2016\/05\/DSCN6809-www-768x576.jpg 768w, https:\/\/www.milosnicylasu.olsztyn.pl\/wp-content\/uploads\/2016\/05\/DSCN6809-www.jpg 1024w, https:\/\/www.milosnicylasu.olsztyn.pl\/wp-content\/uploads\/2016\/05\/DSCN6809-www-400x300.jpg 400w\" sizes=\"auto, (max-width: 300px) 100vw, 300px\" \/><\/a><\/p>\n","protected":false},"excerpt":{"rendered":"<p>Barciany Zamek Krzy\u017cacki w Barcianach rozpocz\u0119to budowa\u0107 oko\u0142o roku 1380. Do roku 1400 wzniesiono mury na planie prostok\u0105ta o wymiarach 55&#215;58 oraz skrzyd\u0142o wschodnie z bram\u0105 wjazdow\u0105. Nast\u0119pnie dobudowano trzykondygnacyjne skrzyd\u0142o p\u00f3\u0142nocne. Na pocz\u0105tku XV wieku w naro\u017cniku p\u00f3\u0142nocno-wschodnim dostawiono nisk\u0105 okr\u0105g\u0142\u0105 baszt\u0119. Po sekularyzacji zakonu zamek by\u0142 siedzib\u0105 zarz\u0105dcy miejscowego maj\u0105tku. Po wojnie stanowi\u0142 [&hellip;]<\/p>\n","protected":false},"author":2,"featured_media":0,"comment_status":"open","ping_status":"open","sticky":false,"template":"","format":"standard","meta":{"footnotes":""},"categories":[1,9,5],"tags":[],"class_list":["post-2812","post","type-post","status-publish","format-standard","hentry","category-bez-kategorii","category-ciekawostki","category-wycieczki"],"_links":{"self":[{"href":"https:\/\/www.milosnicylasu.olsztyn.pl\/index.php?rest_route=\/wp\/v2\/posts\/2812","targetHints":{"allow":["GET"]}}],"collection":[{"href":"https:\/\/www.milosnicylasu.olsztyn.pl\/index.php?rest_route=\/wp\/v2\/posts"}],"about":[{"href":"https:\/\/www.milosnicylasu.olsztyn.pl\/index.php?rest_route=\/wp\/v2\/types\/post"}],"author":[{"embeddable":true,"href":"https:\/\/www.milosnicylasu.olsztyn.pl\/index.php?rest_route=\/wp\/v2\/users\/2"}],"replies":[{"embeddable":true,"href":"https:\/\/www.milosnicylasu.olsztyn.pl\/index.php?rest_route=%2Fwp%2Fv2%2Fcomments&post=2812"}],"version-history":[{"count":4,"href":"https:\/\/www.milosnicylasu.olsztyn.pl\/index.php?rest_route=\/wp\/v2\/posts\/2812\/revisions"}],"predecessor-version":[{"id":2835,"href":"https:\/\/www.milosnicylasu.olsztyn.pl\/index.php?rest_route=\/wp\/v2\/posts\/2812\/revisions\/2835"}],"wp:attachment":[{"href":"https:\/\/www.milosnicylasu.olsztyn.pl\/index.php?rest_route=%2Fwp%2Fv2%2Fmedia&parent=2812"}],"wp:term":[{"taxonomy":"category","embeddable":true,"href":"https:\/\/www.milosnicylasu.olsztyn.pl\/index.php?rest_route=%2Fwp%2Fv2%2Fcategories&post=2812"},{"taxonomy":"post_tag","embeddable":true,"href":"https:\/\/www.milosnicylasu.olsztyn.pl\/index.php?rest_route=%2Fwp%2Fv2%2Ftags&post=2812"}],"curies":[{"name":"wp","href":"https:\/\/api.w.org\/{rel}","templated":true}]}}