{"id":2827,"date":"2016-05-04T22:41:14","date_gmt":"2016-05-04T20:41:14","guid":{"rendered":"http:\/\/www.milosnicylasu.olsztyn.pl\/?p=2827"},"modified":"2016-05-07T14:28:28","modified_gmt":"2016-05-07T12:28:28","slug":"wycieczka-30-kwietnia-cz-v","status":"publish","type":"post","link":"https:\/\/www.milosnicylasu.olsztyn.pl\/?p=2827","title":{"rendered":"Wycieczka 30 kwietnia cz. V &#8211; Jeg\u0142awki, Skand\u0142awki, Bobrowo"},"content":{"rendered":"<p><strong>Jeg\u0142awki<\/strong><\/p>\n<p><a href=\"http:\/\/www.milosnicylasu.olsztyn.pl\/wp-content\/uploads\/2016\/05\/DSCN6813-www.jpg\" rel=\"attachment wp-att-2829\" data-rel=\"lightbox-image-0\" data-magnific_type=\"image\" data-rl_title=\"\" data-rl_caption=\"\" title=\"\"><img loading=\"lazy\" decoding=\"async\" class=\"size-medium wp-image-2829 alignleft\" src=\"http:\/\/www.milosnicylasu.olsztyn.pl\/wp-content\/uploads\/2016\/05\/DSCN6813-www-300x225.jpg\" alt=\"DSCN6813-www\" width=\"300\" height=\"225\" srcset=\"https:\/\/www.milosnicylasu.olsztyn.pl\/wp-content\/uploads\/2016\/05\/DSCN6813-www-300x225.jpg 300w, https:\/\/www.milosnicylasu.olsztyn.pl\/wp-content\/uploads\/2016\/05\/DSCN6813-www-768x576.jpg 768w, https:\/\/www.milosnicylasu.olsztyn.pl\/wp-content\/uploads\/2016\/05\/DSCN6813-www.jpg 1024w, https:\/\/www.milosnicylasu.olsztyn.pl\/wp-content\/uploads\/2016\/05\/DSCN6813-www-400x300.jpg 400w\" sizes=\"auto, (max-width: 300px) 100vw, 300px\" \/><\/a>Pa\u0142ac w <b><u>Jeg\u0142awkach\u00a0<\/u><\/b>zosta\u0142 wybudowany w 1848 roku. Jego styl okre\u015bla si\u0119 jako angielski neogotyk z elementami w\u0142oskich willi podmiejskich. Wie\u017ce z blankami sugeruj\u0105 charakter obronny budowli.<br \/>\nDo 1945r. pa\u0142ac nale\u017ca\u0142 do rodziny Siegfried. Po wojnie by\u0142 w nim PGR. Od 2001 roku obiekt by\u0142 w\u0142asno\u015bci\u0105 prywatn\u0105, lecz brak odpowiednich dzia\u0142a\u0144 w celu jego adaptacji do innych cel\u00f3w oraz niezb\u0119dnych modernizacji i konserwacji zabytku, zaskutkowa\u0142, na pocz\u0105tku 2009 roku, jego odebraniem w\u0142a\u015bcicielowi przez Agencj\u0119 Nieruchomo\u015bci Rolnych w Olsztynie. Agencja aktualnie planuje, pod opiek\u0105 konserwatora zabytk\u00f3w, przeprowadzenie remontu pa\u0142acu oraz, na podstawie archiwalnych zdj\u0119\u0107 i dokument\u00f3w, odbudow\u0119 niekt\u00f3rych oryginalnych detali architektonicznych obiektu, jak np. drewniana weranda.<br \/>\nR\u00f3wnie\u017c w 2009 polski re\u017cyser Jan Jakub Kolski wybra\u0142 pa\u0142ac w Jeg\u0142awkach na g\u0142\u00f3wne miejsce do zdj\u0119\u0107 dla swojej najnowszej produkcji pt. Wenecja, kt\u00f3ra powstaje w oparciu o ksi\u0105\u017ck\u0119 Sezon w Wenecji autorstwa W\u0142odzimierza Odojewskiego.<\/p>\n<p><strong>Skand\u0142awki<\/strong><\/p>\n<p><a href=\"http:\/\/www.milosnicylasu.olsztyn.pl\/wp-content\/uploads\/2016\/05\/DSCN6814-www.jpg\" rel=\"attachment wp-att-2838\" data-rel=\"lightbox-image-1\" data-magnific_type=\"image\" data-rl_title=\"\" data-rl_caption=\"\" title=\"\"><img loading=\"lazy\" decoding=\"async\" class=\"size-medium wp-image-2838 alignright\" src=\"http:\/\/www.milosnicylasu.olsztyn.pl\/wp-content\/uploads\/2016\/05\/DSCN6814-www-300x225.jpg\" alt=\"DSCN6814-www\" width=\"300\" height=\"225\" srcset=\"https:\/\/www.milosnicylasu.olsztyn.pl\/wp-content\/uploads\/2016\/05\/DSCN6814-www-300x225.jpg 300w, https:\/\/www.milosnicylasu.olsztyn.pl\/wp-content\/uploads\/2016\/05\/DSCN6814-www-768x576.jpg 768w, https:\/\/www.milosnicylasu.olsztyn.pl\/wp-content\/uploads\/2016\/05\/DSCN6814-www.jpg 1024w, https:\/\/www.milosnicylasu.olsztyn.pl\/wp-content\/uploads\/2016\/05\/DSCN6814-www-400x300.jpg 400w\" sizes=\"auto, (max-width: 300px) 100vw, 300px\" \/><\/a>W miejscowo\u015bci zlokalizowany jest klasycystyczny pa\u0142ac z pierwszej po\u0142owy XIX w., wybudowany wed\u0142ug plan\u00f3w znanego architekta niemieckiego &#8211; Leo von Klenze (przedstawiciel romantyzmu historycznego w architekturze niemieckiej). Przed 1945 rokiem w\u0142a\u015bcicielk\u0105 maj\u0105tku by\u0142a Gertruda Siegfried.<a href=\"http:\/\/www.milosnicylasu.olsztyn.pl\/wp-content\/uploads\/2016\/05\/DSCN6816-www.jpg\" rel=\"attachment wp-att-2840\" data-rel=\"lightbox-image-2\" data-magnific_type=\"image\" data-rl_title=\"\" data-rl_caption=\"\" title=\"\"><img loading=\"lazy\" decoding=\"async\" class=\"alignnone size-medium wp-image-2840\" src=\"http:\/\/www.milosnicylasu.olsztyn.pl\/wp-content\/uploads\/2016\/05\/DSCN6816-www-300x225.jpg\" alt=\"DSCN6816-www\" width=\"300\" height=\"225\" srcset=\"https:\/\/www.milosnicylasu.olsztyn.pl\/wp-content\/uploads\/2016\/05\/DSCN6816-www-300x225.jpg 300w, https:\/\/www.milosnicylasu.olsztyn.pl\/wp-content\/uploads\/2016\/05\/DSCN6816-www-768x576.jpg 768w, https:\/\/www.milosnicylasu.olsztyn.pl\/wp-content\/uploads\/2016\/05\/DSCN6816-www.jpg 1024w, https:\/\/www.milosnicylasu.olsztyn.pl\/wp-content\/uploads\/2016\/05\/DSCN6816-www-400x300.jpg 400w\" sizes=\"auto, (max-width: 300px) 100vw, 300px\" \/><\/a><a href=\"http:\/\/www.milosnicylasu.olsztyn.pl\/wp-content\/uploads\/2016\/05\/DSCN6821-www.jpg\" rel=\"attachment wp-att-2841\" data-rel=\"lightbox-image-3\" data-magnific_type=\"image\" data-rl_title=\"\" data-rl_caption=\"\" title=\"\"><img loading=\"lazy\" decoding=\"async\" class=\"size-medium wp-image-2841 alignright\" src=\"http:\/\/www.milosnicylasu.olsztyn.pl\/wp-content\/uploads\/2016\/05\/DSCN6821-www-300x225.jpg\" alt=\"DSCN6821-www\" width=\"300\" height=\"225\" srcset=\"https:\/\/www.milosnicylasu.olsztyn.pl\/wp-content\/uploads\/2016\/05\/DSCN6821-www-300x225.jpg 300w, https:\/\/www.milosnicylasu.olsztyn.pl\/wp-content\/uploads\/2016\/05\/DSCN6821-www-768x576.jpg 768w, https:\/\/www.milosnicylasu.olsztyn.pl\/wp-content\/uploads\/2016\/05\/DSCN6821-www.jpg 1024w, https:\/\/www.milosnicylasu.olsztyn.pl\/wp-content\/uploads\/2016\/05\/DSCN6821-www-400x300.jpg 400w\" sizes=\"auto, (max-width: 300px) 100vw, 300px\" \/><\/a><\/p>\n<p>&nbsp;<\/p>\n<p>Aktualnie maj\u0105tek \/pa\u0142ac z parkiem\/ \u00a0jest w r\u0119kach prywatnych, ale mo\u017cna go kupi\u0107&#8230;.za 1.490.000 z\u0142.<\/p>\n<p>&nbsp;<\/p>\n<p>&nbsp;<\/p>\n<p>&nbsp;<\/p>\n<p><strong>Bobrowo<\/strong><\/p>\n<p><a href=\"http:\/\/www.milosnicylasu.olsztyn.pl\/wp-content\/uploads\/2016\/05\/DSCN6843-www.jpg\" rel=\"attachment wp-att-2844\" data-rel=\"lightbox-image-4\" data-magnific_type=\"image\" data-rl_title=\"\" data-rl_caption=\"\" title=\"\"><img loading=\"lazy\" decoding=\"async\" class=\"size-medium wp-image-2844 alignleft\" src=\"http:\/\/www.milosnicylasu.olsztyn.pl\/wp-content\/uploads\/2016\/05\/DSCN6843-www-300x225.jpg\" alt=\"DSCN6843-www\" width=\"300\" height=\"225\" srcset=\"https:\/\/www.milosnicylasu.olsztyn.pl\/wp-content\/uploads\/2016\/05\/DSCN6843-www-300x225.jpg 300w, https:\/\/www.milosnicylasu.olsztyn.pl\/wp-content\/uploads\/2016\/05\/DSCN6843-www-768x576.jpg 768w, https:\/\/www.milosnicylasu.olsztyn.pl\/wp-content\/uploads\/2016\/05\/DSCN6843-www.jpg 1024w, https:\/\/www.milosnicylasu.olsztyn.pl\/wp-content\/uploads\/2016\/05\/DSCN6843-www-400x300.jpg 400w\" sizes=\"auto, (max-width: 300px) 100vw, 300px\" \/><\/a><\/p>\n<p>&nbsp;<\/p>\n<p>W miejscowo\u015bci znajduje si\u0119 dworek z XIX wieku i zabytkowy cmentarz poniemiecki. Najstarsz\u0105 dat\u0105 jak\u0105 widzieli\u015bmy na nagrobkach by\u0142 rok 1889.<\/p>\n<p>&nbsp;<\/p>\n<p>&nbsp;<\/p>\n<p><a href=\"http:\/\/www.milosnicylasu.olsztyn.pl\/wp-content\/uploads\/2016\/05\/DSCN6839-www.jpg\" rel=\"attachment wp-att-2845\" data-rel=\"lightbox-image-5\" data-magnific_type=\"image\" data-rl_title=\"\" data-rl_caption=\"\" title=\"\"><img loading=\"lazy\" decoding=\"async\" class=\"size-medium wp-image-2845 alignright\" src=\"http:\/\/www.milosnicylasu.olsztyn.pl\/wp-content\/uploads\/2016\/05\/DSCN6839-www-300x225.jpg\" alt=\"DSCN6839-www\" width=\"300\" height=\"225\" srcset=\"https:\/\/www.milosnicylasu.olsztyn.pl\/wp-content\/uploads\/2016\/05\/DSCN6839-www-300x225.jpg 300w, https:\/\/www.milosnicylasu.olsztyn.pl\/wp-content\/uploads\/2016\/05\/DSCN6839-www-768x576.jpg 768w, https:\/\/www.milosnicylasu.olsztyn.pl\/wp-content\/uploads\/2016\/05\/DSCN6839-www.jpg 1024w, https:\/\/www.milosnicylasu.olsztyn.pl\/wp-content\/uploads\/2016\/05\/DSCN6839-www-400x300.jpg 400w\" sizes=\"auto, (max-width: 300px) 100vw, 300px\" \/><\/a>Ogl\u0105dali\u015bmy te\u017c pomnik , jaki wystawili rodzice swoim synom, kt\u00f3rzy zgin\u0119li w okr\u0119cie podwodnym w czasie I wojny \u015bwiatowej, w okolicach Holandii.<\/p>\n<p>&nbsp;<\/p>\n<p>&nbsp;<\/p>\n<p>&nbsp;<\/p>\n<p>&nbsp;<\/p>\n<p>&nbsp;<\/p>\n<p>&nbsp;<\/p>\n","protected":false},"excerpt":{"rendered":"<p>Jeg\u0142awki Pa\u0142ac w Jeg\u0142awkach\u00a0zosta\u0142 wybudowany w 1848 roku. Jego styl okre\u015bla si\u0119 jako angielski neogotyk z elementami w\u0142oskich willi podmiejskich. Wie\u017ce z blankami sugeruj\u0105 charakter obronny budowli. Do 1945r. pa\u0142ac nale\u017ca\u0142 do rodziny Siegfried. Po wojnie by\u0142 w nim PGR. Od 2001 roku obiekt by\u0142 w\u0142asno\u015bci\u0105 prywatn\u0105, lecz brak odpowiednich dzia\u0142a\u0144 w celu jego adaptacji [&hellip;]<\/p>\n","protected":false},"author":2,"featured_media":0,"comment_status":"open","ping_status":"open","sticky":false,"template":"","format":"standard","meta":{"footnotes":""},"categories":[1,9,5],"tags":[],"class_list":["post-2827","post","type-post","status-publish","format-standard","hentry","category-bez-kategorii","category-ciekawostki","category-wycieczki"],"_links":{"self":[{"href":"https:\/\/www.milosnicylasu.olsztyn.pl\/index.php?rest_route=\/wp\/v2\/posts\/2827","targetHints":{"allow":["GET"]}}],"collection":[{"href":"https:\/\/www.milosnicylasu.olsztyn.pl\/index.php?rest_route=\/wp\/v2\/posts"}],"about":[{"href":"https:\/\/www.milosnicylasu.olsztyn.pl\/index.php?rest_route=\/wp\/v2\/types\/post"}],"author":[{"embeddable":true,"href":"https:\/\/www.milosnicylasu.olsztyn.pl\/index.php?rest_route=\/wp\/v2\/users\/2"}],"replies":[{"embeddable":true,"href":"https:\/\/www.milosnicylasu.olsztyn.pl\/index.php?rest_route=%2Fwp%2Fv2%2Fcomments&post=2827"}],"version-history":[{"count":8,"href":"https:\/\/www.milosnicylasu.olsztyn.pl\/index.php?rest_route=\/wp\/v2\/posts\/2827\/revisions"}],"predecessor-version":[{"id":2846,"href":"https:\/\/www.milosnicylasu.olsztyn.pl\/index.php?rest_route=\/wp\/v2\/posts\/2827\/revisions\/2846"}],"wp:attachment":[{"href":"https:\/\/www.milosnicylasu.olsztyn.pl\/index.php?rest_route=%2Fwp%2Fv2%2Fmedia&parent=2827"}],"wp:term":[{"taxonomy":"category","embeddable":true,"href":"https:\/\/www.milosnicylasu.olsztyn.pl\/index.php?rest_route=%2Fwp%2Fv2%2Fcategories&post=2827"},{"taxonomy":"post_tag","embeddable":true,"href":"https:\/\/www.milosnicylasu.olsztyn.pl\/index.php?rest_route=%2Fwp%2Fv2%2Ftags&post=2827"}],"curies":[{"name":"wp","href":"https:\/\/api.w.org\/{rel}","templated":true}]}}