{"id":2847,"date":"2016-05-07T15:01:56","date_gmt":"2016-05-07T13:01:56","guid":{"rendered":"http:\/\/www.milosnicylasu.olsztyn.pl\/?p=2847"},"modified":"2016-05-07T15:27:43","modified_gmt":"2016-05-07T13:27:43","slug":"wycieczka-30-kwietnia-cz-vi-moltajny-drogosze","status":"publish","type":"post","link":"https:\/\/www.milosnicylasu.olsztyn.pl\/?p=2847","title":{"rendered":"Wycieczka 30 kwietnia cz.VI Mo\u0142tajny, Arklity, Drogosze"},"content":{"rendered":"<p><strong>Mo\u0142tajny<\/strong><\/p>\n<p><a href=\"http:\/\/www.milosnicylasu.olsztyn.pl\/wp-content\/uploads\/2016\/05\/DSCN6895-www.jpg\" rel=\"attachment wp-att-2848\" data-rel=\"lightbox-image-0\" data-magnific_type=\"image\" data-rl_title=\"\" data-rl_caption=\"\" title=\"\"><img loading=\"lazy\" decoding=\"async\" class=\"size-medium wp-image-2848 alignleft\" src=\"http:\/\/www.milosnicylasu.olsztyn.pl\/wp-content\/uploads\/2016\/05\/DSCN6895-www-300x225.jpg\" alt=\"DSCN6895-www\" width=\"300\" height=\"225\" srcset=\"https:\/\/www.milosnicylasu.olsztyn.pl\/wp-content\/uploads\/2016\/05\/DSCN6895-www-300x225.jpg 300w, https:\/\/www.milosnicylasu.olsztyn.pl\/wp-content\/uploads\/2016\/05\/DSCN6895-www-768x576.jpg 768w, https:\/\/www.milosnicylasu.olsztyn.pl\/wp-content\/uploads\/2016\/05\/DSCN6895-www.jpg 1024w, https:\/\/www.milosnicylasu.olsztyn.pl\/wp-content\/uploads\/2016\/05\/DSCN6895-www-400x300.jpg 400w\" sizes=\"auto, (max-width: 300px) 100vw, 300px\" \/><\/a><\/p>\n<p>&nbsp;<\/p>\n<p>Gotycki ko\u015bci\u00f3\u0142 zosta\u0142 wybudowany pod koniec XV w., wie\u017ca zosta\u0142a podwy\u017cszona na pocz\u0105tku XVI w, ozdobiona blendami, zwie\u0144czona szczytem schodkowym ze sterczynami. <a href=\"http:\/\/www.milosnicylasu.olsztyn.pl\/wp-content\/uploads\/2016\/05\/DSCN6857-www.jpg\" rel=\"attachment wp-att-2853\" data-rel=\"lightbox-image-1\" data-magnific_type=\"image\" data-rl_title=\"\" data-rl_caption=\"\" title=\"\"><img loading=\"lazy\" decoding=\"async\" class=\"size-medium wp-image-2853 alignright\" src=\"http:\/\/www.milosnicylasu.olsztyn.pl\/wp-content\/uploads\/2016\/05\/DSCN6857-www-300x225.jpg\" alt=\"DSCN6857-www\" width=\"300\" height=\"225\" srcset=\"https:\/\/www.milosnicylasu.olsztyn.pl\/wp-content\/uploads\/2016\/05\/DSCN6857-www-300x225.jpg 300w, https:\/\/www.milosnicylasu.olsztyn.pl\/wp-content\/uploads\/2016\/05\/DSCN6857-www-768x576.jpg 768w, https:\/\/www.milosnicylasu.olsztyn.pl\/wp-content\/uploads\/2016\/05\/DSCN6857-www.jpg 1024w, https:\/\/www.milosnicylasu.olsztyn.pl\/wp-content\/uploads\/2016\/05\/DSCN6857-www-400x300.jpg 400w\" sizes=\"auto, (max-width: 300px) 100vw, 300px\" \/><\/a>O\u0142tarz i organy ufundowane zosta\u0142y przez Egloffstein\u00f3w w 1782.<\/p>\n<p>&nbsp;<\/p>\n<p>&nbsp;<\/p>\n<p>&nbsp;<\/p>\n<p>&nbsp;<\/p>\n<p><a href=\"http:\/\/www.milosnicylasu.olsztyn.pl\/wp-content\/uploads\/2016\/05\/DSCN6870-www.jpg\" rel=\"attachment wp-att-2849\" data-rel=\"lightbox-image-2\" data-magnific_type=\"image\" data-rl_title=\"\" data-rl_caption=\"\" title=\"\"><img loading=\"lazy\" decoding=\"async\" class=\"size-medium wp-image-2849 alignleft\" src=\"http:\/\/www.milosnicylasu.olsztyn.pl\/wp-content\/uploads\/2016\/05\/DSCN6870-www-300x225.jpg\" alt=\"DSCN6870-www\" width=\"300\" height=\"225\" srcset=\"https:\/\/www.milosnicylasu.olsztyn.pl\/wp-content\/uploads\/2016\/05\/DSCN6870-www-300x225.jpg 300w, https:\/\/www.milosnicylasu.olsztyn.pl\/wp-content\/uploads\/2016\/05\/DSCN6870-www-768x576.jpg 768w, https:\/\/www.milosnicylasu.olsztyn.pl\/wp-content\/uploads\/2016\/05\/DSCN6870-www.jpg 1024w, https:\/\/www.milosnicylasu.olsztyn.pl\/wp-content\/uploads\/2016\/05\/DSCN6870-www-400x300.jpg 400w\" sizes=\"auto, (max-width: 300px) 100vw, 300px\" \/><\/a>Organy zbudowa\u0142 Karol Henryk Obuch z Mor\u0105ga. W posadzce ko\u015bcio\u0142a znajdowa\u0142a si\u0119 p\u0142yta nagrobna jednego z rodu Schlieben\u00f3w (\u2020 1561), w\u0142a\u015bcicieli Mo\u0142tajn do XVII wieku.<\/p>\n<p>Na cmentarzu przyko\u015bcielnym zachowa\u0142 si\u0119 grobowiec (uszkodzony) Albrechta (\u2020 1791) i Henrietty Egloffstein\u00f3w (\u2020 1776).<\/p>\n<p>&nbsp;<\/p>\n<p>&nbsp;<\/p>\n<p><strong>Arklity<\/strong><\/p>\n<p>&nbsp;<\/p>\n<p><a href=\"http:\/\/www.milosnicylasu.olsztyn.pl\/wp-content\/uploads\/2016\/05\/DSCN6901-www.jpg\" rel=\"attachment wp-att-2856\" data-rel=\"lightbox-image-3\" data-magnific_type=\"image\" data-rl_title=\"\" data-rl_caption=\"\" title=\"\"><img loading=\"lazy\" decoding=\"async\" class=\"size-medium wp-image-2856 alignleft\" src=\"http:\/\/www.milosnicylasu.olsztyn.pl\/wp-content\/uploads\/2016\/05\/DSCN6901-www-300x225.jpg\" alt=\"DSCN6901-www\" width=\"300\" height=\"225\" srcset=\"https:\/\/www.milosnicylasu.olsztyn.pl\/wp-content\/uploads\/2016\/05\/DSCN6901-www-300x225.jpg 300w, https:\/\/www.milosnicylasu.olsztyn.pl\/wp-content\/uploads\/2016\/05\/DSCN6901-www-768x576.jpg 768w, https:\/\/www.milosnicylasu.olsztyn.pl\/wp-content\/uploads\/2016\/05\/DSCN6901-www.jpg 1024w, https:\/\/www.milosnicylasu.olsztyn.pl\/wp-content\/uploads\/2016\/05\/DSCN6901-www-400x300.jpg 400w\" sizes=\"auto, (max-width: 300px) 100vw, 300px\" \/><\/a><\/p>\n<p>&nbsp;<\/p>\n<p>Na zesp\u00f3\u0142 pa\u0142acowo-parkowy sk\u0142ada\u0142y si\u0119 pa\u0142ac\u00a0i rozleg\u0142y park\u00a0krajobrazowy. Pa\u0142ac\u00a0wybudowano w 1782 roku<\/p>\n<p>&nbsp;<\/p>\n<p>&nbsp;<\/p>\n<p>&nbsp;<\/p>\n<p>&nbsp;<\/p>\n<p>Po II wojnie \u015bwiatowej\u00a0pa\u0142ac u\u017cytkowany by\u0142 przez miejscowe PGR. Po opuszczeniu pa\u0142acu przez u\u017cytkownik\u00f3w, w 1983 r.\u00a0uleg\u0142 on po\u017carowi. Po po\u017carze pa\u0142ac nie by\u0142 odbudowywany. W\u0142a\u015bcicielem ruin jest osoba prywatna.<\/p>\n<p>&nbsp;<\/p>\n<p>&nbsp;<\/p>\n<p><strong>Dragosze<\/strong><\/p>\n<p><a href=\"http:\/\/www.milosnicylasu.olsztyn.pl\/wp-content\/uploads\/2016\/05\/DSCN6951-www.jpg\" rel=\"attachment wp-att-2858\" data-rel=\"lightbox-image-4\" data-magnific_type=\"image\" data-rl_title=\"\" data-rl_caption=\"\" title=\"\"><img loading=\"lazy\" decoding=\"async\" class=\"size-medium wp-image-2858 alignleft\" src=\"http:\/\/www.milosnicylasu.olsztyn.pl\/wp-content\/uploads\/2016\/05\/DSCN6951-www-300x225.jpg\" alt=\"DSCN6951-www\" width=\"300\" height=\"225\" srcset=\"https:\/\/www.milosnicylasu.olsztyn.pl\/wp-content\/uploads\/2016\/05\/DSCN6951-www-300x225.jpg 300w, https:\/\/www.milosnicylasu.olsztyn.pl\/wp-content\/uploads\/2016\/05\/DSCN6951-www-768x576.jpg 768w, https:\/\/www.milosnicylasu.olsztyn.pl\/wp-content\/uploads\/2016\/05\/DSCN6951-www.jpg 1024w, https:\/\/www.milosnicylasu.olsztyn.pl\/wp-content\/uploads\/2016\/05\/DSCN6951-www-400x300.jpg 400w\" sizes=\"auto, (max-width: 300px) 100vw, 300px\" \/><\/a>Pa\u0142ac barokowy z elementami klasycystycznymi. Nale\u017ca\u0142 do trzech najwi\u0119kszych rezydencji w Prusach Wschodnich i jest najwi\u0119kszym pa\u0142acem na Mazurach. Jest to budynek dwukondygnacyjny na ca\u0142ej d\u0142ugo\u015bci fasady z czetrokolumnowym portykiem w porz\u0105dku jo\u0144skim z tr\u00f3josiowym ryzalitem. Fasada pa\u0142acu ma wystaw\u0119 p\u00f3\u0142nocno-wschodni\u0105, a parkowa po\u0142udniowo-zachodni\u0105. W 1766 r. nast\u0105pi\u0142a przebudowa elewacji, a ok. 1785 r. na miejsce schod\u00f3w do reprezentacyjnego wej\u015bcia wykonano podjazd. W pocz\u0105tkach XVIII w. zrealizowano wystr\u00f3j wn\u0119trz, kt\u00f3re zmieniano jeszcze w p\u00f3\u017aniejszym okresie. W lewym skrzydle pa\u0142acu od reprezentacyjnego wej\u015bcia znalaz\u0142a si\u0119 kaplica i ogr\u00f3d zimowy od strony parku. W prawym skrzydle pa\u0142acu znajdowa\u0142y si\u0119 apartamenty dla go\u015bci i teatr.<\/p>\n<p>W 1725 r. w lewym skrzydle pa\u0142acu oddano do u\u017cytku kaplic\u0119 pa\u0142acow\u0105. Ok. 1840 r. kaplica zosta\u0142a poddana neogotyckiej przebudowie, a ok. 1889 r. dobudowano do niej aneks pe\u0142ni\u0105cy funkcj\u0119 mauzoleum.<a href=\"http:\/\/www.milosnicylasu.olsztyn.pl\/wp-content\/uploads\/2016\/05\/DSCN6913-www.jpg\" rel=\"attachment wp-att-2859\" data-rel=\"lightbox-image-5\" data-magnific_type=\"image\" data-rl_title=\"\" data-rl_caption=\"\" title=\"\"><img loading=\"lazy\" decoding=\"async\" class=\"size-medium wp-image-2859 alignright\" src=\"http:\/\/www.milosnicylasu.olsztyn.pl\/wp-content\/uploads\/2016\/05\/DSCN6913-www-300x225.jpg\" alt=\"DSCN6913-www\" width=\"300\" height=\"225\" srcset=\"https:\/\/www.milosnicylasu.olsztyn.pl\/wp-content\/uploads\/2016\/05\/DSCN6913-www-300x225.jpg 300w, https:\/\/www.milosnicylasu.olsztyn.pl\/wp-content\/uploads\/2016\/05\/DSCN6913-www-768x576.jpg 768w, https:\/\/www.milosnicylasu.olsztyn.pl\/wp-content\/uploads\/2016\/05\/DSCN6913-www.jpg 1024w, https:\/\/www.milosnicylasu.olsztyn.pl\/wp-content\/uploads\/2016\/05\/DSCN6913-www-400x300.jpg 400w\" sizes=\"auto, (max-width: 300px) 100vw, 300px\" \/><\/a> Znalaz\u0142y si\u0119 tam tumby ostatnich drogoskich Denhof\u00f3w &#8211; Stanis\u0142awa Ottona Denhofa, i jego siostry, Angeliki zu Dohna, zmar\u0142ej w 1866 r. Znajduj\u0105 si\u0119 tu le\u017c\u0105ce postacie naturalnej wielko\u015bci wykute przez Edwarda L\u00fcrssena w bia\u0142ym marmurze. \u015aciany kaplicy zdobi\u0105 epitafia cz\u0142onk\u00f3w rodziny Stolberg-Wernigerode. Jest to jedyna znana kaplica memoratywna w dawnych Prusach Wschodnich.<\/p>\n<p>Maj\u0105tek w Drogoszach jak ka\u017cdy wi\u0119kszy pa\u0142ac czy zamek posiada liczne legendy\u00a0zwi\u0105zane z jego za\u0142o\u017ceniem. Niemniej jednak, ta dotycz\u0105ca symboliki architektury pa\u0142acu, w zdecydowanej wi\u0119kszo\u015bci jest prawdziwa. 100 metrowej d\u0142ugo\u015bci budowla posiada 4 kolumny\u00a0\u2013 symbolizuj\u0105ce cztery pory roku, 12 komin\u00f3w \u2013 tyle ile jest miesi\u0119cy, 52 pokoje \u2013 tyle ile tygodniu w ci\u0105gu roku, 365 okien \u2013 tyle co dni w roku i 7 balkon\u00f3w \u2013 tyle co dni w tygodniu.<\/p>\n","protected":false},"excerpt":{"rendered":"<p>Mo\u0142tajny &nbsp; Gotycki ko\u015bci\u00f3\u0142 zosta\u0142 wybudowany pod koniec XV w., wie\u017ca zosta\u0142a podwy\u017cszona na pocz\u0105tku XVI w, ozdobiona blendami, zwie\u0144czona szczytem schodkowym ze sterczynami. O\u0142tarz i organy ufundowane zosta\u0142y przez Egloffstein\u00f3w w 1782. &nbsp; &nbsp; &nbsp; &nbsp; Organy zbudowa\u0142 Karol Henryk Obuch z Mor\u0105ga. W posadzce ko\u015bcio\u0142a znajdowa\u0142a si\u0119 p\u0142yta nagrobna jednego z rodu Schlieben\u00f3w [&hellip;]<\/p>\n","protected":false},"author":2,"featured_media":0,"comment_status":"open","ping_status":"open","sticky":false,"template":"","format":"standard","meta":{"footnotes":""},"categories":[1,9,5],"tags":[],"class_list":["post-2847","post","type-post","status-publish","format-standard","hentry","category-bez-kategorii","category-ciekawostki","category-wycieczki"],"_links":{"self":[{"href":"https:\/\/www.milosnicylasu.olsztyn.pl\/index.php?rest_route=\/wp\/v2\/posts\/2847","targetHints":{"allow":["GET"]}}],"collection":[{"href":"https:\/\/www.milosnicylasu.olsztyn.pl\/index.php?rest_route=\/wp\/v2\/posts"}],"about":[{"href":"https:\/\/www.milosnicylasu.olsztyn.pl\/index.php?rest_route=\/wp\/v2\/types\/post"}],"author":[{"embeddable":true,"href":"https:\/\/www.milosnicylasu.olsztyn.pl\/index.php?rest_route=\/wp\/v2\/users\/2"}],"replies":[{"embeddable":true,"href":"https:\/\/www.milosnicylasu.olsztyn.pl\/index.php?rest_route=%2Fwp%2Fv2%2Fcomments&post=2847"}],"version-history":[{"count":5,"href":"https:\/\/www.milosnicylasu.olsztyn.pl\/index.php?rest_route=\/wp\/v2\/posts\/2847\/revisions"}],"predecessor-version":[{"id":2862,"href":"https:\/\/www.milosnicylasu.olsztyn.pl\/index.php?rest_route=\/wp\/v2\/posts\/2847\/revisions\/2862"}],"wp:attachment":[{"href":"https:\/\/www.milosnicylasu.olsztyn.pl\/index.php?rest_route=%2Fwp%2Fv2%2Fmedia&parent=2847"}],"wp:term":[{"taxonomy":"category","embeddable":true,"href":"https:\/\/www.milosnicylasu.olsztyn.pl\/index.php?rest_route=%2Fwp%2Fv2%2Fcategories&post=2847"},{"taxonomy":"post_tag","embeddable":true,"href":"https:\/\/www.milosnicylasu.olsztyn.pl\/index.php?rest_route=%2Fwp%2Fv2%2Ftags&post=2847"}],"curies":[{"name":"wp","href":"https:\/\/api.w.org\/{rel}","templated":true}]}}