{"id":2868,"date":"2016-05-09T06:09:37","date_gmt":"2016-05-09T04:09:37","guid":{"rendered":"http:\/\/www.milosnicylasu.olsztyn.pl\/?p=2868"},"modified":"2016-05-09T06:10:31","modified_gmt":"2016-05-09T04:10:31","slug":"czwartek-ekologiczny-5-maja","status":"publish","type":"post","link":"https:\/\/www.milosnicylasu.olsztyn.pl\/?p=2868","title":{"rendered":"Czwartek ekologiczny 5 maja"},"content":{"rendered":"<p><a href=\"http:\/\/www.milosnicylasu.olsztyn.pl\/wp-content\/uploads\/2016\/05\/DSCN6973-www.jpg\" rel=\"attachment wp-att-2869\" data-rel=\"lightbox-image-0\" data-magnific_type=\"image\" data-rl_title=\"\" data-rl_caption=\"\" title=\"\"><img loading=\"lazy\" decoding=\"async\" class=\"size-medium wp-image-2869 alignleft\" src=\"http:\/\/www.milosnicylasu.olsztyn.pl\/wp-content\/uploads\/2016\/05\/DSCN6973-www-300x225.jpg\" alt=\"DSCN6973-www\" width=\"300\" height=\"225\" srcset=\"https:\/\/www.milosnicylasu.olsztyn.pl\/wp-content\/uploads\/2016\/05\/DSCN6973-www-300x225.jpg 300w, https:\/\/www.milosnicylasu.olsztyn.pl\/wp-content\/uploads\/2016\/05\/DSCN6973-www-768x576.jpg 768w, https:\/\/www.milosnicylasu.olsztyn.pl\/wp-content\/uploads\/2016\/05\/DSCN6973-www.jpg 1024w, https:\/\/www.milosnicylasu.olsztyn.pl\/wp-content\/uploads\/2016\/05\/DSCN6973-www-400x300.jpg 400w\" sizes=\"auto, (max-width: 300px) 100vw, 300px\" \/><\/a>W ramach czwartk\u00f3w ekologicznych \u00a0&#8211; 5 maja 2016, w RDLP w Olsztynie, odby\u0142o si\u0119 spotkanie z dyrektorem Schroniska Zwierz\u0105t w Olsztynie lek. wet. Ann\u0105 Bara\u0144sk\u0105.<\/p>\n<p>Pani Ania bardzo ciekawie opowiada\u0142a o swojej pracy i problemach schroniska. Z przekazu multimedialnego mogli\u015bmy zobaczy\u0107 jak wygl\u0105da obiekt i pozna\u0107 czworono\u017cnych pupili. <a href=\"http:\/\/www.milosnicylasu.olsztyn.pl\/wp-content\/uploads\/2016\/05\/DSCN6976-www.jpg\" rel=\"attachment wp-att-2870\" data-rel=\"lightbox-image-1\" data-magnific_type=\"image\" data-rl_title=\"\" data-rl_caption=\"\" title=\"\"><img loading=\"lazy\" decoding=\"async\" class=\"size-medium wp-image-2870 alignright\" src=\"http:\/\/www.milosnicylasu.olsztyn.pl\/wp-content\/uploads\/2016\/05\/DSCN6976-www-300x225.jpg\" alt=\"DSCN6976-www\" width=\"300\" height=\"225\" srcset=\"https:\/\/www.milosnicylasu.olsztyn.pl\/wp-content\/uploads\/2016\/05\/DSCN6976-www-300x225.jpg 300w, https:\/\/www.milosnicylasu.olsztyn.pl\/wp-content\/uploads\/2016\/05\/DSCN6976-www-768x576.jpg 768w, https:\/\/www.milosnicylasu.olsztyn.pl\/wp-content\/uploads\/2016\/05\/DSCN6976-www.jpg 1024w, https:\/\/www.milosnicylasu.olsztyn.pl\/wp-content\/uploads\/2016\/05\/DSCN6976-www-400x300.jpg 400w\" sizes=\"auto, (max-width: 300px) 100vw, 300px\" \/><\/a>Dowiedzieli\u015bmy si\u0119, \u017ce przy schronisku dzia\u0142a stowarzyszenie &#8222;Zwierzyniec \u015aw. Franciszka&#8221; &#8211; organizacja zrzeszaj\u0105ca najbardziej oddanych i najd\u0142u\u017cej pracuj\u0105cych wolontariuszy. Stowarzyszenie pomaga zwierz\u0119tom schroniska poprzez m.in. tworzenie dom\u00f3w tymczasowych dla najbardziej potrzebuj\u0105cych ps\u00f3w i kot\u00f3w oraz pozyskanie dla nich nowych w\u0142a\u015bcicieli, finansowanie skomplikowanego leczenia, organizowanie festyn\u00f3w, zbi\u00f3rek karmy, prace ze zwierz\u0119tami w schronisku &#8211; spacery, piel\u0119gnacja, szkolenia, finansowanie drobnych inwestycji w schronisku.<\/p>\n<p>Po prelekcji, nasza kole\u017canka Basia Kowalewska zadeklarowa\u0142a przekazanie prac malarskich na aukcj\u0119 organizowan\u0105 w celu pozyskania \u015brodk\u00f3w dla schroniska. Nie ka\u017cdy ma taki talent jak Basia, ale mamy nadziej\u0119, \u017ce inni cz\u0142onkowie naszego Ko\u0142a przy\u0142\u0105cz\u0105 si\u0119 do wsparcia tej jak\u017ce potrzebnej plac\u00f3wki.<\/p>\n<p>Dzi\u0119kujemy pani Dyrektor za bardzo ciekawe spotkanie. Nale\u017cy doda\u0107,\u017ce odby\u0142o si\u0119 na zaproszenie naszego kolegi Andrzeja Sobani &#8211; pracownika RDLP w Olsztynie.<\/p>\n","protected":false},"excerpt":{"rendered":"<p>W ramach czwartk\u00f3w ekologicznych \u00a0&#8211; 5 maja 2016, w RDLP w Olsztynie, odby\u0142o si\u0119 spotkanie z dyrektorem Schroniska Zwierz\u0105t w Olsztynie lek. wet. Ann\u0105 Bara\u0144sk\u0105. Pani Ania bardzo ciekawie opowiada\u0142a o swojej pracy i problemach schroniska. Z przekazu multimedialnego mogli\u015bmy zobaczy\u0107 jak wygl\u0105da obiekt i pozna\u0107 czworono\u017cnych pupili. Dowiedzieli\u015bmy si\u0119, \u017ce przy schronisku dzia\u0142a stowarzyszenie [&hellip;]<\/p>\n","protected":false},"author":2,"featured_media":0,"comment_status":"open","ping_status":"open","sticky":false,"template":"","format":"standard","meta":{"footnotes":""},"categories":[1,9,3],"tags":[],"class_list":["post-2868","post","type-post","status-publish","format-standard","hentry","category-bez-kategorii","category-ciekawostki","category-zebrania"],"_links":{"self":[{"href":"https:\/\/www.milosnicylasu.olsztyn.pl\/index.php?rest_route=\/wp\/v2\/posts\/2868","targetHints":{"allow":["GET"]}}],"collection":[{"href":"https:\/\/www.milosnicylasu.olsztyn.pl\/index.php?rest_route=\/wp\/v2\/posts"}],"about":[{"href":"https:\/\/www.milosnicylasu.olsztyn.pl\/index.php?rest_route=\/wp\/v2\/types\/post"}],"author":[{"embeddable":true,"href":"https:\/\/www.milosnicylasu.olsztyn.pl\/index.php?rest_route=\/wp\/v2\/users\/2"}],"replies":[{"embeddable":true,"href":"https:\/\/www.milosnicylasu.olsztyn.pl\/index.php?rest_route=%2Fwp%2Fv2%2Fcomments&post=2868"}],"version-history":[{"count":2,"href":"https:\/\/www.milosnicylasu.olsztyn.pl\/index.php?rest_route=\/wp\/v2\/posts\/2868\/revisions"}],"predecessor-version":[{"id":2872,"href":"https:\/\/www.milosnicylasu.olsztyn.pl\/index.php?rest_route=\/wp\/v2\/posts\/2868\/revisions\/2872"}],"wp:attachment":[{"href":"https:\/\/www.milosnicylasu.olsztyn.pl\/index.php?rest_route=%2Fwp%2Fv2%2Fmedia&parent=2868"}],"wp:term":[{"taxonomy":"category","embeddable":true,"href":"https:\/\/www.milosnicylasu.olsztyn.pl\/index.php?rest_route=%2Fwp%2Fv2%2Fcategories&post=2868"},{"taxonomy":"post_tag","embeddable":true,"href":"https:\/\/www.milosnicylasu.olsztyn.pl\/index.php?rest_route=%2Fwp%2Fv2%2Ftags&post=2868"}],"curies":[{"name":"wp","href":"https:\/\/api.w.org\/{rel}","templated":true}]}}