{"id":2873,"date":"2016-05-09T06:29:03","date_gmt":"2016-05-09T04:29:03","guid":{"rendered":"http:\/\/www.milosnicylasu.olsztyn.pl\/?p=2873"},"modified":"2016-05-09T15:22:51","modified_gmt":"2016-05-09T13:22:51","slug":"rajd-7-maja-2016","status":"publish","type":"post","link":"https:\/\/www.milosnicylasu.olsztyn.pl\/?p=2873","title":{"rendered":"Rajd 7 maja 2016"},"content":{"rendered":"<p><a href=\"http:\/\/www.milosnicylasu.olsztyn.pl\/wp-content\/uploads\/2016\/05\/DSC07872-www.jpg\" rel=\"attachment wp-att-2874\" data-rel=\"lightbox-image-0\" data-magnific_type=\"image\" data-rl_title=\"\" data-rl_caption=\"\" title=\"\"><img loading=\"lazy\" decoding=\"async\" class=\"size-medium wp-image-2874 alignleft\" src=\"http:\/\/www.milosnicylasu.olsztyn.pl\/wp-content\/uploads\/2016\/05\/DSC07872-www-300x225.jpg\" alt=\"DSC07872-www\" width=\"300\" height=\"225\" srcset=\"https:\/\/www.milosnicylasu.olsztyn.pl\/wp-content\/uploads\/2016\/05\/DSC07872-www-300x225.jpg 300w, https:\/\/www.milosnicylasu.olsztyn.pl\/wp-content\/uploads\/2016\/05\/DSC07872-www-768x576.jpg 768w, https:\/\/www.milosnicylasu.olsztyn.pl\/wp-content\/uploads\/2016\/05\/DSC07872-www.jpg 1024w, https:\/\/www.milosnicylasu.olsztyn.pl\/wp-content\/uploads\/2016\/05\/DSC07872-www-400x300.jpg 400w\" sizes=\"auto, (max-width: 300px) 100vw, 300px\" \/><\/a><\/p>\n<p>Sobotni rajd poprowadzi\u0142 Waldek Chrzanowski. Wiosna, ale pogoda letnia. W lesie coraz bardziej zielono, kwitnie wi\u0119cej kwiat\u00f3w i \u015bpiewa mn\u00f3stwo ptak\u00f3w.<\/p>\n<p><strong>Wiosna (kwiecie\u0144-czerwiec) &#8211; to<\/strong>\u00a0najbardziej ciekawy okres w \u017cyciu ptak\u00f3w. Ich obserwacja wymaga jednak w tym czasie wielkiej cierpliwo\u015bci i uwagi. \u0141atwiej ptaki wiosn\u0105 w lesie us\u0142ysze\u0107 ni\u017c zobaczy\u0107. Zapewne w ka\u017cdym lesie spotkamy <strong>zi\u0119b\u0119 <\/strong>\u2013 najliczniejszego (o czym ma\u0142o kto wie) ptaka Polski.<\/p>\n<p>Licznych ptak\u00f3w jest wiele. S\u0105 nimi np.: <strong>kapturka, kos, \u015bpiewak, rudzik, \u015bwistunka, pierwiosnek, piecuszek, bogatka, modraszka<\/strong>. Aby zobaczy\u0107 inne gatunki musimy pozna\u0107 bardziej szczeg\u00f3\u0142owo ich wymagania siedliskowe. Przechodz\u0105c przez m\u0142odnik z pewno\u015bci\u0105 us\u0142yszymy <strong>piecuszka<\/strong>, podczas, gdy bli\u017aniaczy gatunek \u2013 <strong>pierwiosnek <\/strong>gnie\u017adzi si\u0119 tam gdzie rosn\u0105 wy\u017csze drzewa. W drzewostanach \u015bwierkowych z pewno\u015bci\u0105 zobaczy\u0107 mo\u017cna <strong>mysikr\u00f3lika<\/strong>, <strong>sosn\u00f3wk\u0119 <\/strong>i \u0142atwiej ni\u017c w innej cz\u0119\u015bci lasu \u2013 <strong>pokrzywnic\u0119 <\/strong>czy <strong>strzy\u017cyka<\/strong>.<\/p>\n<p>Ile g\u0142os\u00f3w rozpoznali\u015bmy w sobot\u0119? To taka ma\u0142a tajemnica tych co byli. A opr\u00f3cz podgl\u0105dania i pods\u0142uchiwania przyrody by\u0142a wyj\u0105tkowa atrakcja &#8211; urodziny Zosi<a href=\"http:\/\/www.milosnicylasu.olsztyn.pl\/wp-content\/uploads\/2016\/05\/DSC07883-www.jpg\" rel=\"attachment wp-att-2875\" data-rel=\"lightbox-image-1\" data-magnific_type=\"image\" data-rl_title=\"\" data-rl_caption=\"\" title=\"\"><img loading=\"lazy\" decoding=\"async\" class=\"size-medium wp-image-2875 alignright\" src=\"http:\/\/www.milosnicylasu.olsztyn.pl\/wp-content\/uploads\/2016\/05\/DSC07883-www-300x225.jpg\" alt=\"DSC07883-www\" width=\"300\" height=\"225\" srcset=\"https:\/\/www.milosnicylasu.olsztyn.pl\/wp-content\/uploads\/2016\/05\/DSC07883-www-300x225.jpg 300w, https:\/\/www.milosnicylasu.olsztyn.pl\/wp-content\/uploads\/2016\/05\/DSC07883-www-768x576.jpg 768w, https:\/\/www.milosnicylasu.olsztyn.pl\/wp-content\/uploads\/2016\/05\/DSC07883-www.jpg 1024w, https:\/\/www.milosnicylasu.olsztyn.pl\/wp-content\/uploads\/2016\/05\/DSC07883-www-400x300.jpg 400w\" sizes=\"auto, (max-width: 300px) 100vw, 300px\" \/><\/a>, kt\u00f3rej \u017cyczymy przede wszystkim zdrowia, dobrej kondycji, potrzebnej w naszych w\u0119dr\u00f3wkach, wiele szcz\u0119\u015bcia, spe\u0142nienia marze\u0144.<\/p>\n<p>Witamy w naszym gronie 12-letni\u0105 Ma\u0142gosi\u0119. Cieszymy si\u0119, \u017ce nasze Ko\u0142o m\u0142odnieje.<\/p>\n<p>&nbsp;<\/p>\n","protected":false},"excerpt":{"rendered":"<p>Sobotni rajd poprowadzi\u0142 Waldek Chrzanowski. Wiosna, ale pogoda letnia. W lesie coraz bardziej zielono, kwitnie wi\u0119cej kwiat\u00f3w i \u015bpiewa mn\u00f3stwo ptak\u00f3w. Wiosna (kwiecie\u0144-czerwiec) &#8211; to\u00a0najbardziej ciekawy okres w \u017cyciu ptak\u00f3w. Ich obserwacja wymaga jednak w tym czasie wielkiej cierpliwo\u015bci i uwagi. \u0141atwiej ptaki wiosn\u0105 w lesie us\u0142ysze\u0107 ni\u017c zobaczy\u0107. Zapewne w ka\u017cdym lesie spotkamy zi\u0119b\u0119 [&hellip;]<\/p>\n","protected":false},"author":2,"featured_media":0,"comment_status":"open","ping_status":"open","sticky":false,"template":"","format":"standard","meta":{"footnotes":""},"categories":[1,2],"tags":[],"class_list":["post-2873","post","type-post","status-publish","format-standard","hentry","category-bez-kategorii","category-rajdy"],"_links":{"self":[{"href":"https:\/\/www.milosnicylasu.olsztyn.pl\/index.php?rest_route=\/wp\/v2\/posts\/2873","targetHints":{"allow":["GET"]}}],"collection":[{"href":"https:\/\/www.milosnicylasu.olsztyn.pl\/index.php?rest_route=\/wp\/v2\/posts"}],"about":[{"href":"https:\/\/www.milosnicylasu.olsztyn.pl\/index.php?rest_route=\/wp\/v2\/types\/post"}],"author":[{"embeddable":true,"href":"https:\/\/www.milosnicylasu.olsztyn.pl\/index.php?rest_route=\/wp\/v2\/users\/2"}],"replies":[{"embeddable":true,"href":"https:\/\/www.milosnicylasu.olsztyn.pl\/index.php?rest_route=%2Fwp%2Fv2%2Fcomments&post=2873"}],"version-history":[{"count":2,"href":"https:\/\/www.milosnicylasu.olsztyn.pl\/index.php?rest_route=\/wp\/v2\/posts\/2873\/revisions"}],"predecessor-version":[{"id":2882,"href":"https:\/\/www.milosnicylasu.olsztyn.pl\/index.php?rest_route=\/wp\/v2\/posts\/2873\/revisions\/2882"}],"wp:attachment":[{"href":"https:\/\/www.milosnicylasu.olsztyn.pl\/index.php?rest_route=%2Fwp%2Fv2%2Fmedia&parent=2873"}],"wp:term":[{"taxonomy":"category","embeddable":true,"href":"https:\/\/www.milosnicylasu.olsztyn.pl\/index.php?rest_route=%2Fwp%2Fv2%2Fcategories&post=2873"},{"taxonomy":"post_tag","embeddable":true,"href":"https:\/\/www.milosnicylasu.olsztyn.pl\/index.php?rest_route=%2Fwp%2Fv2%2Ftags&post=2873"}],"curies":[{"name":"wp","href":"https:\/\/api.w.org\/{rel}","templated":true}]}}