{"id":2890,"date":"2016-05-16T08:46:38","date_gmt":"2016-05-16T06:46:38","guid":{"rendered":"http:\/\/www.milosnicylasu.olsztyn.pl\/?p=2890"},"modified":"2016-05-24T19:41:35","modified_gmt":"2016-05-24T17:41:35","slug":"7-rocznica-powstania-kola","status":"publish","type":"post","link":"https:\/\/www.milosnicylasu.olsztyn.pl\/?p=2890","title":{"rendered":"7 rocznica powstania Ko\u0142a"},"content":{"rendered":"<p><a href=\"http:\/\/www.milosnicylasu.olsztyn.pl\/wp-content\/uploads\/2016\/05\/DSCN7031-www.jpg\" rel=\"attachment wp-att-2892\" data-rel=\"lightbox-image-0\" data-magnific_type=\"image\" data-rl_title=\"\" data-rl_caption=\"\" title=\"\"><img loading=\"lazy\" decoding=\"async\" class=\"size-medium wp-image-2892 alignright\" src=\"http:\/\/www.milosnicylasu.olsztyn.pl\/wp-content\/uploads\/2016\/05\/DSCN7031-www-300x225.jpg\" alt=\"DSCN7031-www\" width=\"300\" height=\"225\" srcset=\"https:\/\/www.milosnicylasu.olsztyn.pl\/wp-content\/uploads\/2016\/05\/DSCN7031-www-300x225.jpg 300w, https:\/\/www.milosnicylasu.olsztyn.pl\/wp-content\/uploads\/2016\/05\/DSCN7031-www-768x576.jpg 768w, https:\/\/www.milosnicylasu.olsztyn.pl\/wp-content\/uploads\/2016\/05\/DSCN7031-www.jpg 1024w, https:\/\/www.milosnicylasu.olsztyn.pl\/wp-content\/uploads\/2016\/05\/DSCN7031-www-400x300.jpg 400w\" sizes=\"auto, (max-width: 300px) 100vw, 300px\" \/><\/a>14 maja 2016 r., w lesie, jak przysta\u0142o na Ko\u0142o, kt\u00f3re jest mocno zwi\u0105zane z lasem, obchodzili\u015bmy si\u00f3dm\u0105 rocznic\u0119 powstania Ko\u0142a Mi\u0142o\u015bnik\u00f3w Lasu i Militari\u00f3w LOK przy ATW w Olsztynie. Czas szybko p\u0142ynie, wydaje si\u0119, \u017ce to nie tak dawno, a to ju\u017c leci nam \u00f3smy rok. Spotkali\u015bmy si\u0119 na terenie Le\u015bnictwa Stary Dw\u00f3r, przy wiacie, kt\u00f3ra daje nam schronienie szczeg\u00f3lnie zimow\u0105 por\u0105. Podczas sobotnich rajd\u00f3w, tutaj odpoczywamy, pieczemy kie\u0142baski, posilamy si\u0119. A wszystko to dzi\u0119ki gospodarzowi tego miejsca <strong>Panu \u00a0Wojciechowi D\u0105browskiemu<\/strong>\u00a0le\u015bniczemu Le\u015bnictwa Stary Dw\u00f3r. Podczas sobotniego spotkania podzi\u0119kowali\u015bmy Panu Wojciechowi za dotychczasow\u0105 wsp\u00f3\u0142prac\u0119, w ramach kt\u00f3rej cz\u0142onkowie Ko\u0142a ka\u017cdego roku na wiosn\u0119 sprz\u0105taj\u0105 las, zim\u0105 dokarmiaj\u0105 zwierz\u0119ta, sadz\u0105 las.<\/p>\n<p>Pan Wojciech otrzyma\u0142 od nas pi\u0119kn\u0105 statuetk\u0119. <a href=\"http:\/\/www.milosnicylasu.olsztyn.pl\/wp-content\/uploads\/2016\/05\/DSCN7023.jpg\" rel=\"attachment wp-att-2891\" data-rel=\"lightbox-image-1\" data-magnific_type=\"image\" data-rl_title=\"\" data-rl_caption=\"\" title=\"\"><img loading=\"lazy\" decoding=\"async\" class=\"size-medium wp-image-2891 alignleft\" src=\"http:\/\/www.milosnicylasu.olsztyn.pl\/wp-content\/uploads\/2016\/05\/DSCN7023-300x225.jpg\" alt=\"DSCN7023\" width=\"300\" height=\"225\" srcset=\"https:\/\/www.milosnicylasu.olsztyn.pl\/wp-content\/uploads\/2016\/05\/DSCN7023-300x225.jpg 300w, https:\/\/www.milosnicylasu.olsztyn.pl\/wp-content\/uploads\/2016\/05\/DSCN7023-768x576.jpg 768w, https:\/\/www.milosnicylasu.olsztyn.pl\/wp-content\/uploads\/2016\/05\/DSCN7023-1024x768.jpg 1024w, https:\/\/www.milosnicylasu.olsztyn.pl\/wp-content\/uploads\/2016\/05\/DSCN7023-400x300.jpg 400w\" sizes=\"auto, (max-width: 300px) 100vw, 300px\" \/><\/a>Takie pami\u0105tki otrzymali od nas r\u00f3wnie\u017c inni nasi przyjaciele :z RDLP w Olsztynie \u00a0<strong>Pani \u00a0Ania Bartoszewicz,<\/strong> kt\u00f3ra jest dobrym duchem naszego Ko\u0142a, czuwa aby\u015bmy mieli w ka\u017cdym czwartkowym spotkaniu fachowych, ciekawych wyk\u0142adowc\u00f3w, Pan <strong>Andrzej Sobania &#8211;<\/strong> nasz ulubiony wyk\u0142adowca i \u00a0Pan<strong> Adam Siemakowicz-<\/strong> autor i sponsor konkurs\u00f3w przyrodniczych oraz Pani\u00a0<strong>Marzena Kicowska Jaro\u0144<\/strong> &#8211; broker z firmy ubezpieczeniowej, dzi\u0119ki kt\u00f3rej wszystkie nasze wycieczki s\u0105 ubezpieczone &#8211; tanio, ale te\u017c korzystnie, w przypadku, gdyby&#8230;&#8230; Na szcz\u0119\u015bcie by\u0142y to rzadkie zdarzenia i oby tak dalej.<\/p>\n<p>Spotkanie, na kt\u00f3re mimo troch\u0119 deszczowej aury przysz\u0142o 51 os\u00f3b, by\u0142o okazj\u0105 do podsumowania naszej dzia\u0142alno\u015bci, do wspomnie\u0144. W ci\u0105gu 7 lat tyle si\u0119 zdarzy\u0142o: wycieczki, rajdy, wyk\u0142ady w RDLP w Olsztynie i edukacja w terenie, treningi i zawody strzeleckie, warsztaty z r\u0119kodzie\u0142a, zabawy &#8230;&#8230; Mamy te\u017c kilka kawa\u0142k\u00f3w &#8222;swojego lasu&#8221;.<\/p>\n<p>A co najwa\u017cniejsze mamy te\u017c zaprzyja\u017anione instytucje i wielu przyjaci\u00f3\u0142, dzi\u0119ki kt\u00f3rym mo\u017cemy realizowa\u0107 ambitne plany. 7 rocznica powstania Ko\u0142a by\u0142a dobr\u0105 okazj\u0105 by zaznaczy\u0107 jak bardzo doceniaj\u0105 \u00a0ich prac\u0119 na rzecz Ko\u0142a r\u00f3wnie\u017c nasze nadrz\u0119dne organy.<\/p>\n<p><strong>\u00a0<a href=\"http:\/\/www.milosnicylasu.olsztyn.pl\/wp-content\/uploads\/2016\/05\/DSCN7015-www.jpg\" rel=\"attachment wp-att-2898\" data-rel=\"lightbox-image-2\" data-magnific_type=\"image\" data-rl_title=\"\" data-rl_caption=\"\" title=\"\"><img loading=\"lazy\" decoding=\"async\" class=\"size-medium wp-image-2898 alignright\" src=\"http:\/\/www.milosnicylasu.olsztyn.pl\/wp-content\/uploads\/2016\/05\/DSCN7015-www-300x225.jpg\" alt=\"DSCN7015-www\" width=\"300\" height=\"225\" srcset=\"https:\/\/www.milosnicylasu.olsztyn.pl\/wp-content\/uploads\/2016\/05\/DSCN7015-www-300x225.jpg 300w, https:\/\/www.milosnicylasu.olsztyn.pl\/wp-content\/uploads\/2016\/05\/DSCN7015-www-768x576.jpg 768w, https:\/\/www.milosnicylasu.olsztyn.pl\/wp-content\/uploads\/2016\/05\/DSCN7015-www.jpg 1024w, https:\/\/www.milosnicylasu.olsztyn.pl\/wp-content\/uploads\/2016\/05\/DSCN7015-www-400x300.jpg 400w\" sizes=\"auto, (max-width: 300px) 100vw, 300px\" \/><\/a> Liga Obrony Kraju\u00a0 Zarz\u0105d G\u0142\u00f3wny\u00a0 w Warszawie<\/strong><\/p>\n<p>Uchwa\u0142\u0105 Nr. 92 w dniu 12,04.2016 r. odznaczy\u0142a dyrektor RDLP w Olsztynie Pani\u0105 <strong>Ma\u0142gorzat\u0119 B\u0142yskun<\/strong> srebrnym medalem\u00a0\u201eZa Zas\u0142ugi Dla Ligi Obrony Kraju\u201d, a br\u0105zowy medal otrzyma\u0142 Pan\u00a0<strong>Mariusz G\u00f3rski \u2013 K\u0142odzi\u0144ski<\/strong> &#8211; naczelnik Wydzia\u0142u Ochrony Lasu w RDLP w Olsztynie. Pan <strong>Wies\u0142aw Stachowicz<\/strong> nadle\u015bniczy Nadle\u015bnictwa Mi\u0142om\u0142yn otrzyma\u0142 Br\u0105zowy Krzy\u017c Zas\u0142ugi nadany przez prezesa Ligi Obrony \u00a0Kraju \u00a0 \u00a0na podstawie &amp; 5 Regulaminu Krzy\u017ca\u00a0 \u201e Za Zas\u0142ugi dla K\u017bR LOK&#8221;<\/p>\n<p>Medale Zbiorowe \u201e Za Zas\u0142ugi Dla Ligi Obrony Kraju\u201d przyznano\u00a0<strong>Nadle\u015bnictwu Jagie\u0142ek,\u00a0Nadle\u015bnictwu Orneta,\u00a0Nadle\u015bnictwu Lidzbark<\/strong>.<\/p>\n<p>Prezydium Zarz\u0105du Wojew\u00f3dzkiego LOK w Olsztynie\u00a0nada\u0142o srebrn\u0105<strong>\u00a0\u00a0<\/strong>&#8222;Odznak\u0119 Zas\u0142u\u017cony Dzia\u0142acz Ligi Obrony Kraju&#8221;<strong> nadle\u015bniczemu Nadle\u015bnictwa Nowe Ramuki Panu Januszowi Jeznach i Pani Paulinie Rutkowskiej z Nadle\u015bnictwa Kudypy.<\/strong><\/p>\n<p>Gratulujemy i jeszcze raz dzi\u0119kujemy.<\/p>\n<p>Ko\u0142o Mi\u0142o\u015bnik\u00f3w Lasu i Militari\u00f3w LOK przy ATW w Olsztynie liczy 135 os\u00f3b, z tego bardzo wielu cz\u0142onk\u00f3w Ko\u0142a zaanga\u017cowanych \u00a0w dzia\u0142alno\u015bci statutowej. Osoby te r\u00f3wnie\u017c otrzyma\u0142y medale i wyr\u00f3\u017cnienia.<\/p>\n<p>Medal srebrny &#8222;Za zas\u0142ugi Dla LOK&#8221; nadany przez Zarz\u0105d g\u0142\u00f3wny LOK w Warszawie otrzyma\u0142a <strong>Wac\u0142awa Bruzgo<\/strong>,<a href=\"http:\/\/www.milosnicylasu.olsztyn.pl\/wp-content\/uploads\/2016\/05\/DSCN7029-www.jpg\" rel=\"attachment wp-att-2901\" data-rel=\"lightbox-image-3\" data-magnific_type=\"image\" data-rl_title=\"\" data-rl_caption=\"\" title=\"\"><img loading=\"lazy\" decoding=\"async\" class=\"size-medium wp-image-2901 alignleft\" src=\"http:\/\/www.milosnicylasu.olsztyn.pl\/wp-content\/uploads\/2016\/05\/DSCN7029-www-225x300.jpg\" alt=\"DSCN7029-www\" width=\"225\" height=\"300\" srcset=\"https:\/\/www.milosnicylasu.olsztyn.pl\/wp-content\/uploads\/2016\/05\/DSCN7029-www-225x300.jpg 225w, https:\/\/www.milosnicylasu.olsztyn.pl\/wp-content\/uploads\/2016\/05\/DSCN7029-www.jpg 768w\" sizes=\"auto, (max-width: 225px) 100vw, 225px\" \/><\/a><\/p>\n<p>&nbsp;<\/p>\n<p>a medale br\u0105zowe nadano\u00a0<strong>Teresie \u017bemojcin, \u00a0Bogus\u0142awowi Szut i\u00a0Ryszardowi Chudziakiewiczowi.<a href=\"http:\/\/www.milosnicylasu.olsztyn.pl\/wp-content\/uploads\/2016\/05\/DSCN7028-www.jpg\" rel=\"attachment wp-att-2897\" data-rel=\"lightbox-image-4\" data-magnific_type=\"image\" data-rl_title=\"\" data-rl_caption=\"\" title=\"\"><img loading=\"lazy\" decoding=\"async\" class=\"alignnone size-medium wp-image-2897\" src=\"http:\/\/www.milosnicylasu.olsztyn.pl\/wp-content\/uploads\/2016\/05\/DSCN7028-www-300x225.jpg\" alt=\"DSCN7028-www\" width=\"300\" height=\"225\" srcset=\"https:\/\/www.milosnicylasu.olsztyn.pl\/wp-content\/uploads\/2016\/05\/DSCN7028-www-300x225.jpg 300w, https:\/\/www.milosnicylasu.olsztyn.pl\/wp-content\/uploads\/2016\/05\/DSCN7028-www-768x576.jpg 768w, https:\/\/www.milosnicylasu.olsztyn.pl\/wp-content\/uploads\/2016\/05\/DSCN7028-www.jpg 1024w, https:\/\/www.milosnicylasu.olsztyn.pl\/wp-content\/uploads\/2016\/05\/DSCN7028-www-400x300.jpg 400w\" sizes=\"auto, (max-width: 300px) 100vw, 300px\" \/><\/a> <\/strong><\/p>\n<p>&nbsp;<\/p>\n<p><strong>Krystyna Leszczy\u0144ska \u00a0<\/strong>otrzyma\u0142a br\u0105zowy krzy\u017c &#8222;Za Zas\u0142ugi dla K\u017bR LOK \u201e<\/p>\n<p><strong>Medalami \u201e Za Zas\u0142ugi Dla Ko\u0142a\u201d zosta\u0142y wyr\u00f3\u017cnione:<\/strong><\/p>\n<p><a href=\"http:\/\/www.milosnicylasu.olsztyn.pl\/wp-content\/uploads\/2016\/05\/DSCN7024-www.jpg\" rel=\"attachment wp-att-2900\" data-rel=\"lightbox-image-5\" data-magnific_type=\"image\" data-rl_title=\"\" data-rl_caption=\"\" title=\"\"><img loading=\"lazy\" decoding=\"async\" class=\"size-medium wp-image-2900 alignleft\" src=\"http:\/\/www.milosnicylasu.olsztyn.pl\/wp-content\/uploads\/2016\/05\/DSCN7024-www-300x225.jpg\" alt=\"DSCN7024-www\" width=\"300\" height=\"225\" srcset=\"https:\/\/www.milosnicylasu.olsztyn.pl\/wp-content\/uploads\/2016\/05\/DSCN7024-www-300x225.jpg 300w, https:\/\/www.milosnicylasu.olsztyn.pl\/wp-content\/uploads\/2016\/05\/DSCN7024-www-768x576.jpg 768w, https:\/\/www.milosnicylasu.olsztyn.pl\/wp-content\/uploads\/2016\/05\/DSCN7024-www.jpg 1024w, https:\/\/www.milosnicylasu.olsztyn.pl\/wp-content\/uploads\/2016\/05\/DSCN7024-www-400x300.jpg 400w\" sizes=\"auto, (max-width: 300px) 100vw, 300px\" \/><\/a>srebrnym medalem &#8211; \u00a0<strong>Barbara Kowalewska i\u00a0Janina Kluczek\u00a0<\/strong><\/p>\n<p>br\u0105zowym medalem &#8211; <strong>Bo\u017cena B\u0142aszczuk, \u00a0Jolanta Gazda \u00a0El\u017cbieta Piwo\u0144ska \u00a0DanielaTyl, \u00a0Ryszarda\u00a0Wiejek,\u00a0Wies\u0142awa Filipek ,\u00a0W\u0142odzimierz Siemianowski,\u00a0Benedykt\u00a0Kucki\u00a0<\/strong><\/p>\n<p>Prezydium Zarz\u0105du Wojew\u00f3dzkiego LOK w Olsztynie\u00a0nada\u0142o srebrn\u0105 \u00a0&#8222;Odznak\u0119 Zas\u0142u\u017cony Dzia\u0142acz Ligi Obrony Kraju \u201e nast\u0119puj\u0105cym osobom:\u00a0<strong>S\u0142awomir Brokowski,\u00a0<\/strong><strong>Jan Filipek,\u00a0<\/strong><strong>Tamara Go\u0142dys,\u00a0<\/strong><strong>Stefania Jarczyk,\u00a0<\/strong><strong>Antoni Jarczyk,\u00a0<\/strong><strong>Danuta Korniejenko,\u00a0<\/strong><strong>Marzena Kicowska \u2013 Jaro\u0144,\u00a0<\/strong><strong>\u00a0<\/strong><strong>Kazimierz Mi\u0142owski,\u00a0<\/strong><strong>Zofia Romanowska,\u00a0<\/strong><strong>Ma\u0142gorzata Sachnowska,\u00a0<\/strong><strong>Ewa Szwejk,\u00a0<\/strong><strong>\u00a0<\/strong><strong>Zofia Sydoruk,\u00a0<\/strong><strong>Teresa Tabor,\u00a0<\/strong><strong>Anna \u017bmuda<\/strong><\/p>\n<p>Cz\u0142onkowie Ko\u0142a docenili szczeg\u00f3lnie zaanga\u017cowanie w prac\u0119 Ko\u0142a \u00a0Krystyn\u0119 i Anatola Leszczy\u0144skich. Otrzymali pami\u0105tkowe \u00a0statuetki \u00a0&#8211; &#8222;Za ca\u0142okszta\u0142t dzia\u0142alno\u015bci w Kole Mi\u0142o\u015bnik\u00f3w Lasu i Militari\u00f3w LOK przy ATW w Olsztynie.&#8221;<\/p>\n<p>Sobotnie spotkanie by\u0142o r\u00f3wnie\u017c okazj\u0105\u00a0do wr\u0119czenia pami\u0105tkowych z\u0142otych medali uczestnikom\u00a0Wiosennego Marszu Na Azymut, kt\u00f3ry odby\u0142 si\u0119 16 kwietnia 2016. Medale otrzymali:\u00a0Krystyna Leszczy\u0144ska,\u00a0Ryszarda Wiejek,\u00a0Stefania Jarczyk,\u00a0Zofia Romanowska,\u00a0Barbara Janowska,\u00a0Sabina Wojciechowicz,Teresa Mielczarska,\u00a0Ryszarda K\u0142\u0119bukowska,\u00a0Daniela Tyl,\u00a0Renata Janicka,\u00a0Antoni Jarczyk,\u00a0J\u00f3zef Gazda,\u00a0Benedykt Kucki,\u00a0Aleksander G\u0119bicki,\u00a0Micha\u0142 K\u0142\u0119bukowski,\u00a0Waldemar Chrzanowski,\u00a0Anatol Leszczy\u0144ski.<\/p>\n<p>!4 maja wr\u0119czono r\u00f3wnie\u017c medale najlepszym strzelcom zawod\u00f3w &#8222;Mistrzostwa Ko\u0142a w Strzelaniu z Broni Sportowe&#8221;j, kt\u00f3re odby\u0142y si\u0119 25 kwietnia na strzelnicy LOK przy ulicy Westerplatte w Olsztynie. Najlepszymi wynikami wykaza\u0142y si\u0119 Panie: Teresa Mielczarska i Ewa Rakowska . A najlepsi strzelcy to Anatol Leszczy\u0144ski, Czes\u0142aw Rakowski i Aleksander G\u0119bicki.<\/p>\n<p>W dalszej cz\u0119\u015bci spotkania \u00a0by\u0142a wsp\u00f3lna biesiada przy ognisku. <strong>Zakupem i dostarczeniem artyku\u0142\u00f3w do biesiadowania zaj\u0119li si\u0119\u00a0Janina\u00a0i Grzegorz Kluczek. Dzi\u0119kujemy!<\/strong><\/p>\n<p>Wsp\u00f3lne \u015bpiewanie przy akompaniamencie gitary, na kt\u00f3rej \u00a0grali Antoni Jarczyk i Waldek Chrzanowski, zako\u0144czy\u0142o rocznicow\u0105 uroczysto\u015b\u0107. .<\/p>\n<p>&nbsp;<\/p>\n<p>&nbsp;<\/p>\n<p>&nbsp;<\/p>\n","protected":false},"excerpt":{"rendered":"<p>14 maja 2016 r., w lesie, jak przysta\u0142o na Ko\u0142o, kt\u00f3re jest mocno zwi\u0105zane z lasem, obchodzili\u015bmy si\u00f3dm\u0105 rocznic\u0119 powstania Ko\u0142a Mi\u0142o\u015bnik\u00f3w Lasu i Militari\u00f3w LOK przy ATW w Olsztynie. Czas szybko p\u0142ynie, wydaje si\u0119, \u017ce to nie tak dawno, a to ju\u017c leci nam \u00f3smy rok. Spotkali\u015bmy si\u0119 na terenie Le\u015bnictwa Stary Dw\u00f3r, przy [&hellip;]<\/p>\n","protected":false},"author":2,"featured_media":0,"comment_status":"open","ping_status":"open","sticky":false,"template":"","format":"standard","meta":{"footnotes":""},"categories":[1,9,6,2],"tags":[],"class_list":["post-2890","post","type-post","status-publish","format-standard","hentry","category-bez-kategorii","category-ciekawostki","category-odznaczenia","category-rajdy"],"_links":{"self":[{"href":"https:\/\/www.milosnicylasu.olsztyn.pl\/index.php?rest_route=\/wp\/v2\/posts\/2890","targetHints":{"allow":["GET"]}}],"collection":[{"href":"https:\/\/www.milosnicylasu.olsztyn.pl\/index.php?rest_route=\/wp\/v2\/posts"}],"about":[{"href":"https:\/\/www.milosnicylasu.olsztyn.pl\/index.php?rest_route=\/wp\/v2\/types\/post"}],"author":[{"embeddable":true,"href":"https:\/\/www.milosnicylasu.olsztyn.pl\/index.php?rest_route=\/wp\/v2\/users\/2"}],"replies":[{"embeddable":true,"href":"https:\/\/www.milosnicylasu.olsztyn.pl\/index.php?rest_route=%2Fwp%2Fv2%2Fcomments&post=2890"}],"version-history":[{"count":7,"href":"https:\/\/www.milosnicylasu.olsztyn.pl\/index.php?rest_route=\/wp\/v2\/posts\/2890\/revisions"}],"predecessor-version":[{"id":2930,"href":"https:\/\/www.milosnicylasu.olsztyn.pl\/index.php?rest_route=\/wp\/v2\/posts\/2890\/revisions\/2930"}],"wp:attachment":[{"href":"https:\/\/www.milosnicylasu.olsztyn.pl\/index.php?rest_route=%2Fwp%2Fv2%2Fmedia&parent=2890"}],"wp:term":[{"taxonomy":"category","embeddable":true,"href":"https:\/\/www.milosnicylasu.olsztyn.pl\/index.php?rest_route=%2Fwp%2Fv2%2Fcategories&post=2890"},{"taxonomy":"post_tag","embeddable":true,"href":"https:\/\/www.milosnicylasu.olsztyn.pl\/index.php?rest_route=%2Fwp%2Fv2%2Ftags&post=2890"}],"curies":[{"name":"wp","href":"https:\/\/api.w.org\/{rel}","templated":true}]}}